{"id":167889,"date":"2024-06-12T12:53:27","date_gmt":"2024-06-12T16:53:27","guid":{"rendered":"https:\/\/sportseco.com\/?p=167889"},"modified":"2024-06-12T12:53:34","modified_gmt":"2024-06-12T16:53:34","slug":"de-vuelta-a-la-practica-asi-fue-el-entrenamiento-de-la-seleccion-colombia-de-mayores","status":"publish","type":"post","link":"https:\/\/sportseco.com\/?p=167889","title":{"rendered":"De vuelta a la pr\u00e1ctica: as\u00ed fue el entrenamiento de la Selecci\u00f3n Colombia de Mayores"},"content":{"rendered":"\n<p>La Selecci\u00f3n Colombia Masculina\u00a0<strong>retom\u00f3 la jornada de entrenamiento el martes 11 de junio. Los dirigidos por N\u00e9stor Lorenzo practicaron por cerca de dos horas\u00a0<\/strong>en el Episcopal High School de la ciudad de Washington.<\/p>\n\n\n\n<p>El combinado nacional&nbsp;<strong>inici\u00f3 la jornada en el gimnasio con ejercicios de prevenci\u00f3n y activaci\u00f3n.&nbsp;<\/strong>Posteriormente,<strong>&nbsp;los jugadores de desplazaron al campo de juego para ejecutar movimientos t\u00e1cticos<\/strong>&nbsp;de defensa y ataque.<\/p>\n\n\n\n<p>Finalmente&nbsp;<strong>los jugadores Luis Sinisterra y Richard R\u00edos atendieron las inquietudes de los medios de comunicaci\u00f3n,&nbsp;<\/strong>donde tuvieron la oportunidad de dialogar sobre el d\u00eda de recuperaci\u00f3n y las impresiones luego de la victoria ante Estados Unidos.<\/p>\n\n\n\n<p>Por un lado, Sinisterra mencion\u00f3 \u00abintento cada momento y espacio que me da el profe en la cancha aprovecharlo al m\u00e1ximo (\u2026) espero marcar muchos m\u00e1s\u00bb. Por otro, R\u00edos destac\u00f3 sobre la actuaci\u00f3n del equipo que \u00abtenemos que seguir trabajando entre nosotros para tener un grupo muy fuerte\u00bb.<\/p>\n\n\n\n<figure class=\"wp-block-embed is-type-video is-provider-youtube wp-block-embed-youtube wp-embed-aspect-16-9 wp-has-aspect-ratio\"><div class=\"wp-block-embed__wrapper\">\n<iframe loading=\"lazy\" title=\"Atenci\u00f3n a prensa Selecci\u00f3n Colombia junio 11\" width=\"640\" height=\"360\" src=\"https:\/\/www.youtube.com\/embed\/52AUfImkEqY?feature=oembed\" frameborder=\"0\" allow=\"accelerometer; autoplay; clipboard-write; encrypted-media; gyroscope; picture-in-picture; web-share\" referrerpolicy=\"strict-origin-when-cross-origin\" allowfullscreen><\/iframe>\n<\/div><figcaption class=\"wp-element-caption\">fcf.com.co<\/figcaption><\/figure>\n","protected":false},"excerpt":{"rendered":"<p>La Selecci\u00f3n Colombia Masculina\u00a0retom\u00f3 la jornada de entrenamiento el martes 11 de junio. Los dirigidos por N\u00e9stor Lorenzo practicaron por cerca de dos horas\u00a0en el Episcopal High School de la ciudad de Washington. El combinado nacional&nbsp;inici\u00f3 la jornada en el gimnasio con ejercicios de prevenci\u00f3n y activaci\u00f3n.&nbsp;Posteriormente,&nbsp;los jugadores de desplazaron al campo de juego para [&hellip;]<\/p>\n","protected":false},"author":1,"featured_media":167890,"comment_status":"closed","ping_status":"closed","sticky":false,"template":"","format":"standard","meta":{"_acf_changed":false,"_jetpack_memberships_contains_paid_content":false,"footnotes":"","jetpack_publicize_message":"","jetpack_publicize_feature_enabled":true,"jetpack_social_post_already_shared":true,"jetpack_social_options":{"image_generator_settings":{"template":"highway","default_image_id":0,"font":"","enabled":false},"version":2}},"categories":[5],"tags":[],"class_list":["post-167889","post","type-post","status-publish","format-standard","has-post-thumbnail","hentry","category-futbol"],"acf":[],"jetpack_publicize_connections":[],"jetpack_featured_media_url":"https:\/\/i0.wp.com\/sportseco.com\/wp-content\/uploads\/2024\/06\/9.-Entrenamiento-11-de-junio-de-2024.jpg?fit=2048%2C1365&ssl=1","jetpack_sharing_enabled":true,"_links":{"self":[{"href":"https:\/\/sportseco.com\/index.php?rest_route=\/wp\/v2\/posts\/167889","targetHints":{"allow":["GET"]}}],"collection":[{"href":"https:\/\/sportseco.com\/index.php?rest_route=\/wp\/v2\/posts"}],"about":[{"href":"https:\/\/sportseco.com\/index.php?rest_route=\/wp\/v2\/types\/post"}],"author":[{"embeddable":true,"href":"https:\/\/sportseco.com\/index.php?rest_route=\/wp\/v2\/users\/1"}],"replies":[{"embeddable":true,"href":"https:\/\/sportseco.com\/index.php?rest_route=%2Fwp%2Fv2%2Fcomments&post=167889"}],"version-history":[{"count":1,"href":"https:\/\/sportseco.com\/index.php?rest_route=\/wp\/v2\/posts\/167889\/revisions"}],"predecessor-version":[{"id":167891,"href":"https:\/\/sportseco.com\/index.php?rest_route=\/wp\/v2\/posts\/167889\/revisions\/167891"}],"wp:featuredmedia":[{"embeddable":true,"href":"https:\/\/sportseco.com\/index.php?rest_route=\/wp\/v2\/media\/167890"}],"wp:attachment":[{"href":"https:\/\/sportseco.com\/index.php?rest_route=%2Fwp%2Fv2%2Fmedia&parent=167889"}],"wp:term":[{"taxonomy":"category","embeddable":true,"href":"https:\/\/sportseco.com\/index.php?rest_route=%2Fwp%2Fv2%2Fcategories&post=167889"},{"taxonomy":"post_tag","embeddable":true,"href":"https:\/\/sportseco.com\/index.php?rest_route=%2Fwp%2Fv2%2Ftags&post=167889"}],"curies":[{"name":"wp","href":"https:\/\/api.w.org\/{rel}","templated":true}]}}