{"id":167938,"date":"2024-06-13T07:03:33","date_gmt":"2024-06-13T11:03:33","guid":{"rendered":"https:\/\/sportseco.com\/?p=167938"},"modified":"2024-06-13T07:03:36","modified_gmt":"2024-06-13T11:03:36","slug":"ultima-practica-de-colombia-en-washington","status":"publish","type":"post","link":"https:\/\/sportseco.com\/?p=167938","title":{"rendered":"\u00daltima pr\u00e1ctica de Colombia en Washington"},"content":{"rendered":"\n<p>Este mi\u00e9rcoles 12 de junio,&nbsp;<strong>la Selecci\u00f3n Colombia de Mayores tuvo su \u00faltima pr\u00e1ctica en la capital&nbsp;<\/strong>de Estados Unidos.<\/p>\n\n\n\n<p>En Washington,<strong>&nbsp;los dirigidos por N\u00e9stor Lorenzo realizaron una sesi\u00f3n de aproximadamente dos horas en la que se reforzaron aspectos t\u00e1cticos&nbsp;<\/strong>del juego.<\/p>\n\n\n\n<p>Los<strong>\u00a028 convocados viajar\u00e1n ma\u00f1ana en horas de la tarde a Hartford, Conneticut para enfrentar el segundo compromiso amistoso<\/strong>\u00a0previo la CONMEBOL Copa Am\u00e9rica.<\/p>\n\n\n\n<p><\/p>\n\n\n\n<p>fcf.com.co<\/p>\n","protected":false},"excerpt":{"rendered":"<p>Este mi\u00e9rcoles 12 de junio,&nbsp;la Selecci\u00f3n Colombia de Mayores tuvo su \u00faltima pr\u00e1ctica en la capital&nbsp;de Estados Unidos. En Washington,&nbsp;los dirigidos por N\u00e9stor Lorenzo realizaron una sesi\u00f3n de aproximadamente dos horas en la que se reforzaron aspectos t\u00e1cticos&nbsp;del juego. Los\u00a028 convocados viajar\u00e1n ma\u00f1ana en horas de la tarde a Hartford, Conneticut para enfrentar el segundo [&hellip;]<\/p>\n","protected":false},"author":1,"featured_media":167939,"comment_status":"closed","ping_status":"closed","sticky":false,"template":"","format":"standard","meta":{"_acf_changed":false,"_jetpack_memberships_contains_paid_content":false,"footnotes":"","jetpack_publicize_message":"","jetpack_publicize_feature_enabled":true,"jetpack_social_post_already_shared":true,"jetpack_social_options":{"image_generator_settings":{"template":"highway","default_image_id":0,"font":"","enabled":false},"version":2}},"categories":[5],"tags":[],"class_list":["post-167938","post","type-post","status-publish","format-standard","has-post-thumbnail","hentry","category-futbol"],"acf":[],"jetpack_publicize_connections":[],"jetpack_featured_media_url":"https:\/\/i0.wp.com\/sportseco.com\/wp-content\/uploads\/2024\/06\/DSC7210.jpg?fit=1052%2C700&ssl=1","jetpack_sharing_enabled":true,"_links":{"self":[{"href":"https:\/\/sportseco.com\/index.php?rest_route=\/wp\/v2\/posts\/167938","targetHints":{"allow":["GET"]}}],"collection":[{"href":"https:\/\/sportseco.com\/index.php?rest_route=\/wp\/v2\/posts"}],"about":[{"href":"https:\/\/sportseco.com\/index.php?rest_route=\/wp\/v2\/types\/post"}],"author":[{"embeddable":true,"href":"https:\/\/sportseco.com\/index.php?rest_route=\/wp\/v2\/users\/1"}],"replies":[{"embeddable":true,"href":"https:\/\/sportseco.com\/index.php?rest_route=%2Fwp%2Fv2%2Fcomments&post=167938"}],"version-history":[{"count":1,"href":"https:\/\/sportseco.com\/index.php?rest_route=\/wp\/v2\/posts\/167938\/revisions"}],"predecessor-version":[{"id":167940,"href":"https:\/\/sportseco.com\/index.php?rest_route=\/wp\/v2\/posts\/167938\/revisions\/167940"}],"wp:featuredmedia":[{"embeddable":true,"href":"https:\/\/sportseco.com\/index.php?rest_route=\/wp\/v2\/media\/167939"}],"wp:attachment":[{"href":"https:\/\/sportseco.com\/index.php?rest_route=%2Fwp%2Fv2%2Fmedia&parent=167938"}],"wp:term":[{"taxonomy":"category","embeddable":true,"href":"https:\/\/sportseco.com\/index.php?rest_route=%2Fwp%2Fv2%2Fcategories&post=167938"},{"taxonomy":"post_tag","embeddable":true,"href":"https:\/\/sportseco.com\/index.php?rest_route=%2Fwp%2Fv2%2Ftags&post=167938"}],"curies":[{"name":"wp","href":"https:\/\/api.w.org\/{rel}","templated":true}]}}