{"id":168034,"date":"2024-06-14T17:02:11","date_gmt":"2024-06-14T21:02:11","guid":{"rendered":"https:\/\/sportseco.com\/?p=168034"},"modified":"2024-06-14T17:02:23","modified_gmt":"2024-06-14T21:02:23","slug":"convocatoria-de-la-seleccion-masculina-de-mayores-para-la-conmebol-copa-america-usa-2024","status":"publish","type":"post","link":"https:\/\/sportseco.com\/?p=168034","title":{"rendered":"Convocatoria de la Selecci\u00f3n Masculina de Mayores para la CONMEBOL Copa Am\u00e9rica USA 2024"},"content":{"rendered":"\n<p>El Departamento Deportivo de la Federaci\u00f3n Colombiana de F\u00fatbol \u2013 FCF y el cuerpo t\u00e9cnico de la Selecci\u00f3n Colombia de Mayores, liderado por el director t\u00e9cnico N\u00e9stor Lorenzo,&nbsp;<strong>se permiten informar la lista de jugadores convocados para la CONMEBOL Copa Am\u00e9ric<\/strong>a USA 2024.<\/p>\n\n\n\n<p>La Selecci\u00f3n har\u00e1 su debut en el<strong>&nbsp;Grupo D ante Paraguay el pr\u00f3ximo 24 de junio a las 6:00 p.m. (hora local).&nbsp;<\/strong>Posteriormente, el combinado nacional enfrentar\u00e1 a Costa Rica (28 de junio) y cerrar\u00e1 el paso por la primera ronda contra Brasil (2 de julio).<\/p>\n\n\n\n<p>Una vez finalizado<strong>&nbsp;el partido versus los \u2018Guaran\u00edes\u2019, los nacionales tomar\u00e1n rumbo hac\u00eda Phoenix (25 de junio) y concluido el duelo ante los \u2018Ticos\u2019 volar\u00e1n hac\u00eda Santa Clara&nbsp;<\/strong>(29 de junio).<\/p>\n\n\n\n<p>A continuaci\u00f3n, el listado de los 26 seleccionados:<\/p>\n\n\n\n<ol class=\"wp-block-list\">\n<li>\u00c1lvaro Montero \u2013 Millonarios F.C. (COL)<\/li>\n\n\n\n<li>Camilo Vargas \u2013 Atlas F.C. (MEX)<\/li>\n\n\n\n<li>Carlos Cuesta \u2013 K.R.C Genk (BEL)<\/li>\n\n\n\n<li>Daniel Mu\u00f1oz \u2013 Crystal Palace F.C (ENG)<\/li>\n\n\n\n<li>David Ospina \u2013 Al-Nassr F.C. (KSA)<\/li>\n\n\n\n<li>Davinson S\u00e1nchez \u2013 Galatasaray S.K. (TUR)<\/li>\n\n\n\n<li>Deiver Machado \u2013 R.C. Lens (FRA)<\/li>\n\n\n\n<li>James Rodr\u00edguez \u2013 S\u00e3o Paulo F.C. (BRA)<\/li>\n\n\n\n<li>Jefferson Lerma \u2013 Crystal Palace F.C. (ENG)<\/li>\n\n\n\n<li>Jhon Arias \u2013 Fluminense (BRA)<\/li>\n\n\n\n<li>Jhon C\u00f3rdoba \u2013 F.C. Krasnodar (RUS)<\/li>\n\n\n\n<li>Jhon J\u00e1der Dur\u00e1n \u2013 Aston Villa F.C. (ENG)<\/li>\n\n\n\n<li>Jhon Lucum\u00ed \u2013 Bologna F.C. (ITA)<\/li>\n\n\n\n<li>Johan Mojica \u2013 CA Osasuna (ESP)<\/li>\n\n\n\n<li>Jorge Carrascal \u2013 Dynamo Mosc\u00fa (RUS)<\/li>\n\n\n\n<li>Juan Fernando Quintero \u2013 Racing Club (ARG)<\/li>\n\n\n\n<li>Kevin Casta\u00f1o \u2013 F.C. Krasnodar (RUS)<\/li>\n\n\n\n<li>Luis D\u00edaz \u2013 Liverpool F.C. (ENG)<\/li>\n\n\n\n<li>Luis Sinisterra \u2013 A.F.C. Bournemouth (ENG)<\/li>\n\n\n\n<li>Matheus Uribe \u2013 Al-Sadd S.C. (QAT)<\/li>\n\n\n\n<li>Miguel \u00c1ngel Borja \u2013 River Plate (ARG)<\/li>\n\n\n\n<li>Rafael Santos Borr\u00e9 \u2013 S.C. Internacional (BRA)<\/li>\n\n\n\n<li>Richard R\u00edos \u2013 Palmeiras (BRA)<\/li>\n\n\n\n<li>Santiago Arias \u2013 E.C. Bah\u00eda (BRA)<\/li>\n\n\n\n<li>Y\u00e1ser Asprilla \u2013 Watford F.C. (ENG)<\/li>\n\n\n\n<li>Yerry Mina \u2013 Cagliari Calcio (ITA)<\/li>\n<\/ol>\n\n\n\n<figure class=\"wp-block-image size-large\"><img data-recalc-dims=\"1\" loading=\"lazy\" decoding=\"async\" width=\"640\" height=\"360\" src=\"https:\/\/i0.wp.com\/sportseco.com\/wp-content\/uploads\/2024\/06\/CONVO-WEB.png?resize=640%2C360&#038;ssl=1\" alt=\"\" class=\"wp-image-168035\" srcset=\"https:\/\/i0.wp.com\/sportseco.com\/wp-content\/uploads\/2024\/06\/CONVO-WEB.png?resize=1030%2C579&amp;ssl=1 1030w, https:\/\/i0.wp.com\/sportseco.com\/wp-content\/uploads\/2024\/06\/CONVO-WEB.png?resize=300%2C169&amp;ssl=1 300w, https:\/\/i0.wp.com\/sportseco.com\/wp-content\/uploads\/2024\/06\/CONVO-WEB.png?resize=768%2C432&amp;ssl=1 768w, https:\/\/i0.wp.com\/sportseco.com\/wp-content\/uploads\/2024\/06\/CONVO-WEB.png?w=1280&amp;ssl=1 1280w\" sizes=\"auto, (max-width: 640px) 100vw, 640px\" \/><\/figure>\n\n\n\n<p>fcf.com.co<\/p>\n","protected":false},"excerpt":{"rendered":"<p>El Departamento Deportivo de la Federaci\u00f3n Colombiana de F\u00fatbol \u2013 FCF y el cuerpo t\u00e9cnico de la Selecci\u00f3n Colombia de Mayores, liderado por el director t\u00e9cnico N\u00e9stor Lorenzo,&nbsp;se permiten informar la lista de jugadores convocados para la CONMEBOL Copa Am\u00e9rica USA 2024. La Selecci\u00f3n har\u00e1 su debut en el&nbsp;Grupo D ante Paraguay el pr\u00f3ximo 24 [&hellip;]<\/p>\n","protected":false},"author":1,"featured_media":168035,"comment_status":"closed","ping_status":"closed","sticky":false,"template":"","format":"standard","meta":{"_acf_changed":false,"_jetpack_memberships_contains_paid_content":false,"footnotes":"","jetpack_publicize_message":"","jetpack_publicize_feature_enabled":true,"jetpack_social_post_already_shared":true,"jetpack_social_options":{"image_generator_settings":{"template":"highway","default_image_id":0,"font":"","enabled":false},"version":2}},"categories":[5],"tags":[],"class_list":["post-168034","post","type-post","status-publish","format-standard","has-post-thumbnail","hentry","category-futbol"],"acf":[],"jetpack_publicize_connections":[],"jetpack_featured_media_url":"https:\/\/i0.wp.com\/sportseco.com\/wp-content\/uploads\/2024\/06\/CONVO-WEB.png?fit=1280%2C720&ssl=1","jetpack_sharing_enabled":true,"_links":{"self":[{"href":"https:\/\/sportseco.com\/index.php?rest_route=\/wp\/v2\/posts\/168034","targetHints":{"allow":["GET"]}}],"collection":[{"href":"https:\/\/sportseco.com\/index.php?rest_route=\/wp\/v2\/posts"}],"about":[{"href":"https:\/\/sportseco.com\/index.php?rest_route=\/wp\/v2\/types\/post"}],"author":[{"embeddable":true,"href":"https:\/\/sportseco.com\/index.php?rest_route=\/wp\/v2\/users\/1"}],"replies":[{"embeddable":true,"href":"https:\/\/sportseco.com\/index.php?rest_route=%2Fwp%2Fv2%2Fcomments&post=168034"}],"version-history":[{"count":1,"href":"https:\/\/sportseco.com\/index.php?rest_route=\/wp\/v2\/posts\/168034\/revisions"}],"predecessor-version":[{"id":168036,"href":"https:\/\/sportseco.com\/index.php?rest_route=\/wp\/v2\/posts\/168034\/revisions\/168036"}],"wp:featuredmedia":[{"embeddable":true,"href":"https:\/\/sportseco.com\/index.php?rest_route=\/wp\/v2\/media\/168035"}],"wp:attachment":[{"href":"https:\/\/sportseco.com\/index.php?rest_route=%2Fwp%2Fv2%2Fmedia&parent=168034"}],"wp:term":[{"taxonomy":"category","embeddable":true,"href":"https:\/\/sportseco.com\/index.php?rest_route=%2Fwp%2Fv2%2Fcategories&post=168034"},{"taxonomy":"post_tag","embeddable":true,"href":"https:\/\/sportseco.com\/index.php?rest_route=%2Fwp%2Fv2%2Ftags&post=168034"}],"curies":[{"name":"wp","href":"https:\/\/api.w.org\/{rel}","templated":true}]}}