{"id":168119,"date":"2024-06-16T09:28:31","date_gmt":"2024-06-16T13:28:31","guid":{"rendered":"https:\/\/sportseco.com\/?p=168119"},"modified":"2024-06-16T09:28:42","modified_gmt":"2024-06-16T13:28:42","slug":"seguimos-preparandonos-hola-new-york","status":"publish","type":"post","link":"https:\/\/sportseco.com\/?p=168119","title":{"rendered":"Seguimos prepar\u00e1ndonos: \u00a1hola New York!"},"content":{"rendered":"\n<p>La&nbsp;<strong>Selecci\u00f3n Colombia Masculina de Mayores arrib\u00f3 en la noche del 15 de junio a la \u2018Capital del mundo\u2019. Luego del encuentro ante Bolivia<\/strong>, los 28 convocados tomaron rumbo a NYC para continuar con su preparaci\u00f3n de cara a la CONMEBOL Copa Am\u00e9rica.<\/p>\n\n\n\n<p>Los dirigidos por N\u00e9stor Lorenzo tendr\u00e1n&nbsp;<strong>este domingo 16 de junio, una jornada de entrenamiento en la tarde en el Ethihad City Football Academy.<\/strong><\/p>\n\n\n\n<p>La pr\u00e1ctica, como es usual, se llevar\u00e1 a cabo en.&nbsp;<strong>dos grupos. En el primero estar\u00e1n los jugadores con un mayor porcentaje de participaci\u00f3n en el juego<\/strong>&nbsp;realizar\u00e1 trabajos de recuperaci\u00f3n, mientras que los de menor rodaje equilibrar\u00e1n las cargas en el segundo grupo de entrenamiento.<\/p>\n\n\n\n<p>As\u00ed fue el viaje de la Selecci\u00f3n:<\/p>\n\n\n\n<figure class=\"wp-block-embed is-type-video is-provider-youtube wp-block-embed-youtube wp-embed-aspect-16-9 wp-has-aspect-ratio\"><div class=\"wp-block-embed__wrapper\">\n<iframe loading=\"lazy\" title=\"Viaje Selecci\u00f3n Colombia junio 15\" width=\"640\" height=\"360\" src=\"https:\/\/www.youtube.com\/embed\/pnUOGW-t41Y?feature=oembed\" frameborder=\"0\" allow=\"accelerometer; autoplay; clipboard-write; encrypted-media; gyroscope; picture-in-picture; web-share\" referrerpolicy=\"strict-origin-when-cross-origin\" allowfullscreen><\/iframe>\n<\/div><figcaption class=\"wp-element-caption\">fcf.com.co<\/figcaption><\/figure>\n","protected":false},"excerpt":{"rendered":"<p>La&nbsp;Selecci\u00f3n Colombia Masculina de Mayores arrib\u00f3 en la noche del 15 de junio a la \u2018Capital del mundo\u2019. Luego del encuentro ante Bolivia, los 28 convocados tomaron rumbo a NYC para continuar con su preparaci\u00f3n de cara a la CONMEBOL Copa Am\u00e9rica. Los dirigidos por N\u00e9stor Lorenzo tendr\u00e1n&nbsp;este domingo 16 de junio, una jornada de [&hellip;]<\/p>\n","protected":false},"author":1,"featured_media":168120,"comment_status":"closed","ping_status":"closed","sticky":false,"template":"","format":"standard","meta":{"_acf_changed":false,"_jetpack_memberships_contains_paid_content":false,"footnotes":"","jetpack_publicize_message":"","jetpack_publicize_feature_enabled":true,"jetpack_social_post_already_shared":true,"jetpack_social_options":{"image_generator_settings":{"template":"highway","default_image_id":0,"font":"","enabled":false},"version":2}},"categories":[5],"tags":[],"class_list":["post-168119","post","type-post","status-publish","format-standard","has-post-thumbnail","hentry","category-futbol"],"acf":[],"jetpack_publicize_connections":[],"jetpack_featured_media_url":"https:\/\/i0.wp.com\/sportseco.com\/wp-content\/uploads\/2024\/06\/DSC0289.jpg?fit=2048%2C1362&ssl=1","jetpack_sharing_enabled":true,"_links":{"self":[{"href":"https:\/\/sportseco.com\/index.php?rest_route=\/wp\/v2\/posts\/168119","targetHints":{"allow":["GET"]}}],"collection":[{"href":"https:\/\/sportseco.com\/index.php?rest_route=\/wp\/v2\/posts"}],"about":[{"href":"https:\/\/sportseco.com\/index.php?rest_route=\/wp\/v2\/types\/post"}],"author":[{"embeddable":true,"href":"https:\/\/sportseco.com\/index.php?rest_route=\/wp\/v2\/users\/1"}],"replies":[{"embeddable":true,"href":"https:\/\/sportseco.com\/index.php?rest_route=%2Fwp%2Fv2%2Fcomments&post=168119"}],"version-history":[{"count":1,"href":"https:\/\/sportseco.com\/index.php?rest_route=\/wp\/v2\/posts\/168119\/revisions"}],"predecessor-version":[{"id":168121,"href":"https:\/\/sportseco.com\/index.php?rest_route=\/wp\/v2\/posts\/168119\/revisions\/168121"}],"wp:featuredmedia":[{"embeddable":true,"href":"https:\/\/sportseco.com\/index.php?rest_route=\/wp\/v2\/media\/168120"}],"wp:attachment":[{"href":"https:\/\/sportseco.com\/index.php?rest_route=%2Fwp%2Fv2%2Fmedia&parent=168119"}],"wp:term":[{"taxonomy":"category","embeddable":true,"href":"https:\/\/sportseco.com\/index.php?rest_route=%2Fwp%2Fv2%2Fcategories&post=168119"},{"taxonomy":"post_tag","embeddable":true,"href":"https:\/\/sportseco.com\/index.php?rest_route=%2Fwp%2Fv2%2Ftags&post=168119"}],"curies":[{"name":"wp","href":"https:\/\/api.w.org\/{rel}","templated":true}]}}