{"id":168166,"date":"2024-06-17T11:21:23","date_gmt":"2024-06-17T15:21:23","guid":{"rendered":"https:\/\/sportseco.com\/?p=168166"},"modified":"2024-06-17T11:21:38","modified_gmt":"2024-06-17T15:21:38","slug":"los-jugadores-mas-jovenes-de-la-conmebol-copa-america-2024","status":"publish","type":"post","link":"https:\/\/sportseco.com\/?p=168166","title":{"rendered":"Los jugadores m\u00e1s j\u00f3venes de la CONMEBOL Copa Am\u00e9rica 2024\u2122"},"content":{"rendered":"\n<p>Conoce qui\u00e9nes son los m\u00e1s chicos que pueden saltar a la cancha en la CONMEBOL Copa Am\u00e9rica\u2122 en Estados Unidos<\/p>\n\n\n\n<figure class=\"wp-block-image\"><img decoding=\"async\" src=\"https:\/\/copaamerica.com\/_next\/image?url=https%3A%2F%2Fcopaamerica-imagens-prod.s3.sa-east-1.amazonaws.com%2Fecuador_kendry_paez_c72d06ad2f.jpg&amp;w=3840&amp;q=75\" alt=\"Texto\"\/><\/figure>\n\n\n\n<ul class=\"wp-block-list\">\n<li>Kendry P\u00e1ez (Ecuador) y Endrick (Brasil) son los dos atletas que a\u00fan no han cumplido los 18 a\u00f1os.<\/li>\n\n\n\n<li>Garnacho, Kervin Andrade y Carboni son otros jugadores destacados en la lista.<\/li>\n<\/ul>\n\n\n\n<p>La CONMEBOL Copa Am\u00e9rica Estados Unidos 2024\u2122 promete ser no solo el espacio para grandes jugadores, sino tambi\u00e9n para j\u00f3venes estrellas que inician sus carreras con sus selecciones.<\/p>\n\n\n\n<p>Con la publicaci\u00f3n de las plantillas de los 16 equipos participantes en esta edici\u00f3n, armamos una lista con los jugadores m\u00e1s j\u00f3venes convocados para el torneo:<\/p>\n\n\n\n<p><em>(La edad de cada jugador se calcula hasta el 20 de junio de 2024, fecha de apertura de la CONMEBOL Copa Am\u00e9rica 2024\u2122)<\/em><\/p>\n\n\n\n<h2 class=\"wp-block-heading\">Kendry P\u00e1ez \u2013 Ecuador \u2013 17 a\u00f1os, 1 mes y 17 d\u00edas<\/h2>\n\n\n\n<p>La gran sensaci\u00f3n de Ecuador en esta CONMEBOL Copa Am\u00e9rica\u2122 es tambi\u00e9n el jugador m\u00e1s joven de esta edici\u00f3n. Kendry P\u00e1ez ya es uno de los principales nombres del Tri.<\/p>\n\n\n\n<h2 class=\"wp-block-heading\">Endrick \u2013 Brasil \u2013 17 a\u00f1os y 11 meses<\/h2>\n\n\n\n<figure class=\"wp-block-image\"><img data-recalc-dims=\"1\" decoding=\"async\" src=\"https:\/\/i0.wp.com\/copaamerica-imagens-prod.s3.sa-east-1.amazonaws.com\/endrick_1a718b46ec.jpg?w=640&#038;ssl=1\" alt=\"endrick.jpg\"\/><\/figure>\n\n\n\n<p>Al igual que P\u00e1ez, las expectativas sobre el futuro de Endrick son altas. El joven delantero del Palmeiras ya se ha ganado un papel importante en la Verdeamarelha y participar\u00e1 en su primer gran torneo de selecciones.<\/p>\n\n\n\n<h2 class=\"wp-block-heading\">Andy Rojas \u2013 Costa Rica \u2013 18 a\u00f1os, 6 meses y 16 d\u00edas<\/h2>\n\n\n\n<p>El joven delantero costarricense se ha hecho un nombre en su club, el Herediano, a lo largo de la temporada pasada: anot\u00f3 8 goles en 35 partidos y fue subcampe\u00f3n del torneo local. La recompensa lleg\u00f3 para Rojas con su primera convocatoria a la selecci\u00f3n nacional este mes, incluyendo un gol en su debut en las Eliminatorias de la CONCACAF.<\/p>\n\n\n\n<h2 class=\"wp-block-heading\">Luc de Fougerolles \u2013 Canad\u00e1 \u2013 18 a\u00f1os, 8 meses y 9 d\u00edas<\/h2>\n\n\n\n<p>Ingl\u00e9s de nacimiento, Fougerolles se form\u00f3 en la cantera del Fulham y tuvo una oportunidad la temporada pasada. El defensor canadiense, que sabe jugar en todas las posiciones en la zaga, debut\u00f3 con la selecci\u00f3n nacional en marzo de 2024.<\/p>\n\n\n\n<h2 class=\"wp-block-heading\">Valent\u00edn Carboni \u2013 Argentina \u2013 19 a\u00f1os, 1 mes y 16 d\u00edas<\/h2>\n\n\n\n<p>Carboni se mud\u00f3 al Inter de Mil\u00e1n a una edad muy temprana y disfrut\u00f3 de una gran temporada en 2023\/24 con el Monza en la Serie A. Con dos goles y cuatro asistencias en la campa\u00f1a, el juvenil recibi\u00f3 sus primeras oportunidades de Lionel Scaloni este a\u00f1o. Ahora, va a la disputa de su primera CONMEBOL Copa Am\u00e9rica\u2122.<\/p>\n\n\n\n<h2 class=\"wp-block-heading\">Kervin Andrade \u2013 Venezuela \u2013 19 a\u00f1os, 2 meses y 8 d\u00edas<\/h2>\n\n\n\n<figure class=\"wp-block-image\"><img data-recalc-dims=\"1\" decoding=\"async\" src=\"https:\/\/i0.wp.com\/copaamerica-imagens-prod.s3.sa-east-1.amazonaws.com\/training_venezuela_kervin_andrade_c2f2849a49.jpg?w=640&#038;ssl=1\" alt=\"Kervin Andrade, Venezuela training\"\/><\/figure>\n\n\n\n<p>Fortaleza llev\u00f3 a Andrade al f\u00fatbol brasile\u00f1o el a\u00f1o pasado, y en 2024 tuvo la oportunidad de asentarse en el primer equipo. El extremo anot\u00f3 7 goles en 21 partidos y gan\u00f3 consideraci\u00f3n en la mirada de Fernando Batista, quien lo hizo debutar en la Vinotinto. Est\u00e1 viviendo un semestre so\u00f1ado.<\/p>\n\n\n\n<h2 class=\"wp-block-heading\">Kaheim Dixon \u2013 Jamaica \u2013 19 a\u00f1os, 8 meses y 17 d\u00edas<\/h2>\n\n\n\n<p>Otro novato en su selecci\u00f3n nacional, Kaheim Dixon, ha estado jugando para Arnett Gardens en la primera divisi\u00f3n jamaicana desde el a\u00f1o pasado y viene de una temporada de 6 goles en 13 partidos. Visti\u00f3 la camiseta de los Reggae Boyz por primera vez este a\u00f1o. Es un delantero que juega por los costados.<\/p>\n\n\n\n<h2 class=\"wp-block-heading\">Karoy Anderson \u2013 Jamaica \u2013 19 a\u00f1os, 8 meses y 20 d\u00edas<\/h2>\n\n\n\n<p>Anderson naci\u00f3 en Inglaterra y ha estado jugando para Jamaica desde 2023, haciendo seis apariciones con la selecci\u00f3n nacional de Heimir Hallgr\u00edmsson hasta ahora. Viene de un a\u00f1o de afirmarse en el Charlton Athletic, anotando 2 goles y repartiendo 3 asistencias en la tercera divisi\u00f3n de Inglaterra en 2023\/24.<\/p>\n\n\n\n<h2 class=\"wp-block-heading\">Jeyland Mitchell \u2013 Costa Rica \u2013 19 a\u00f1os, 8 meses y 23 d\u00edas<\/h2>\n\n\n\n<p>Defensor de buena estatura (1,87 m de estatura), Jeyland Mitchell debut\u00f3 como profesional a los 17 a\u00f1os con el Guanacasteca. Hoy, casi tres a\u00f1os despu\u00e9s, se ha ganado el lugar en el plantel de Gustavo Alfaro con la selecci\u00f3n y va a la primera CONMEBOL Copa Am\u00e9rica\u2122 de su carrera.<\/p>\n\n\n\n<h2 class=\"wp-block-heading\">Warren Madrigal \u2013 Costa Rica \u2013 19 a\u00f1os, 10 meses y 28 d\u00edas<\/h2>\n\n\n\n<p>A punto de cumplir 20 a\u00f1os, Madrigal lleva m\u00e1s de dos a\u00f1os defendiendo los colores del Deportivo Saprissa: ha marcado 14 goles en 70 partidos con el tradicional club costarricense. Debut\u00f3 con los Ticos en 2023 y anot\u00f3 su primer gol en 12 partidos este a\u00f1o, en un partido contra Honduras.<\/p>\n\n\n\n<h2 class=\"wp-block-heading\">Josimar Alc\u00f3cer \u2013 Costa Rica \u2013 19 a\u00f1os, 11 meses y 14 d\u00edas<\/h2>\n\n\n\n<p>Alc\u00f3cer debut\u00f3 como profesional en el Alajuelense unos d\u00edas despu\u00e9s de su 17\u00ba cumplea\u00f1os, y ya apareci\u00f3 en el Westerlo, de B\u00e9lgica, dos a\u00f1os m\u00e1s tarde. Hizo su debut con la selecci\u00f3n de Costa Rica en 2023, ha disputado 9 partidos hasta el momento y ya ha marcado su primer gol con el equipo. Jug\u00f3 la \u00faltima Concacaf Nations League y est\u00e1 convocado para su primera CONMEBOL Copa Am\u00e9rica\u2122.<\/p>\n\n\n\n<h2 class=\"wp-block-heading\">Alejandro Garnacho \u2013 Argentina \u2013 19 a\u00f1os, 11 meses y 20 d\u00edas<\/h2>\n\n\n\n<figure class=\"wp-block-image\"><img data-recalc-dims=\"1\" decoding=\"async\" src=\"https:\/\/i0.wp.com\/copaamerica-imagens-prod.s3.sa-east-1.amazonaws.com\/argentina_ale_garnacho_a3959d41d4.jpg?w=640&#038;ssl=1\" alt=\"Alejandro Garnacho, Argentina\"\/><\/figure>\n\n\n\n<p>&#8216;Garna&#8217; es uno de los j\u00f3venes que genera ilusi\u00f3n en esta CONMEBOL Copa Am\u00e9rica 2024\u2122, y uno de los m\u00e1s experimentados a nivel profesional, a pesar de su corta edad. Fue promovido a la alineaci\u00f3n titular del Manchester United durante el \u00faltimo a\u00f1o, cuando anot\u00f3 10 goles en 50 apariciones en Inglaterra. Hizo la primera de 5 apariciones con Argentina en 2023.<\/p>\n\n\n\n<p><\/p>\n\n\n\n<p>copaamerica.com<\/p>\n","protected":false},"excerpt":{"rendered":"<p>Conoce qui\u00e9nes son los m\u00e1s chicos que pueden saltar a la cancha en la CONMEBOL Copa Am\u00e9rica\u2122 en Estados Unidos La CONMEBOL Copa Am\u00e9rica Estados Unidos 2024\u2122 promete ser no solo el espacio para grandes jugadores, sino tambi\u00e9n para j\u00f3venes estrellas que inician sus carreras con sus selecciones. Con la publicaci\u00f3n de las plantillas de [&hellip;]<\/p>\n","protected":false},"author":1,"featured_media":168167,"comment_status":"closed","ping_status":"closed","sticky":false,"template":"","format":"standard","meta":{"_acf_changed":false,"_jetpack_memberships_contains_paid_content":false,"footnotes":"","jetpack_publicize_message":"","jetpack_publicize_feature_enabled":true,"jetpack_social_post_already_shared":true,"jetpack_social_options":{"image_generator_settings":{"template":"highway","default_image_id":0,"font":"","enabled":false},"version":2}},"categories":[5],"tags":[],"class_list":["post-168166","post","type-post","status-publish","format-standard","has-post-thumbnail","hentry","category-futbol"],"acf":[],"jetpack_publicize_connections":[],"jetpack_featured_media_url":"https:\/\/i0.wp.com\/sportseco.com\/wp-content\/uploads\/2024\/06\/image.webp?fit=750%2C501&ssl=1","jetpack_sharing_enabled":true,"_links":{"self":[{"href":"https:\/\/sportseco.com\/index.php?rest_route=\/wp\/v2\/posts\/168166","targetHints":{"allow":["GET"]}}],"collection":[{"href":"https:\/\/sportseco.com\/index.php?rest_route=\/wp\/v2\/posts"}],"about":[{"href":"https:\/\/sportseco.com\/index.php?rest_route=\/wp\/v2\/types\/post"}],"author":[{"embeddable":true,"href":"https:\/\/sportseco.com\/index.php?rest_route=\/wp\/v2\/users\/1"}],"replies":[{"embeddable":true,"href":"https:\/\/sportseco.com\/index.php?rest_route=%2Fwp%2Fv2%2Fcomments&post=168166"}],"version-history":[{"count":1,"href":"https:\/\/sportseco.com\/index.php?rest_route=\/wp\/v2\/posts\/168166\/revisions"}],"predecessor-version":[{"id":168168,"href":"https:\/\/sportseco.com\/index.php?rest_route=\/wp\/v2\/posts\/168166\/revisions\/168168"}],"wp:featuredmedia":[{"embeddable":true,"href":"https:\/\/sportseco.com\/index.php?rest_route=\/wp\/v2\/media\/168167"}],"wp:attachment":[{"href":"https:\/\/sportseco.com\/index.php?rest_route=%2Fwp%2Fv2%2Fmedia&parent=168166"}],"wp:term":[{"taxonomy":"category","embeddable":true,"href":"https:\/\/sportseco.com\/index.php?rest_route=%2Fwp%2Fv2%2Fcategories&post=168166"},{"taxonomy":"post_tag","embeddable":true,"href":"https:\/\/sportseco.com\/index.php?rest_route=%2Fwp%2Fv2%2Ftags&post=168166"}],"curies":[{"name":"wp","href":"https:\/\/api.w.org\/{rel}","templated":true}]}}