{"id":169993,"date":"2024-07-22T08:29:16","date_gmt":"2024-07-22T12:29:16","guid":{"rendered":"https:\/\/sportseco.com\/?p=169993"},"modified":"2024-07-22T08:29:25","modified_gmt":"2024-07-22T12:29:25","slug":"helton-mauer-beltre-y-leyland-exaltados-al-salon-en-un-emocionante-dia","status":"publish","type":"post","link":"https:\/\/sportseco.com\/?p=169993","title":{"rendered":"Helton, Mauer, Beltr\u00e9 y Leyland exaltados al Sal\u00f3n en un emocionante d\u00eda"},"content":{"rendered":"\n<p>COOPERSTOWN, N.Y. &#8212; El Sal\u00f3n de la Fama del B\u00e9isbol abri\u00f3 hoy sus puertas a un ex jugador que fue tomado como primera selecci\u00f3n del draft y pas\u00f3 toda su carrera en su ciudad natal, y a un ex receptor suplente de Doble-A que estuvo 18 a\u00f1os en las ligas menores antes de pasar un d\u00eda en las Mayores. Tambi\u00e9n dio la bienvenida a dos jugadores de las esquinas del infield que debutaron con 10 meses de diferencia y pasaron siete a\u00f1os como rivales en la Divisi\u00f3n Oeste de la L.N., y eso ni siquiera cubri\u00f3 la mitad de sus carreras: uno durante 17 a\u00f1os en Colorado y el otro durante 21 a\u00f1os en cuatro equipos.<\/p>\n\n\n\n<p>Todos ellos &#8212;&nbsp;<a href=\"https:\/\/www.mlb.com\/es\/player\/115732\" target=\"_blank\" rel=\"noreferrer noopener\">Todd Helton<\/a>, el dominicano&nbsp;<a href=\"https:\/\/www.mlb.com\/es\/player\/134181\" target=\"_blank\" rel=\"noreferrer noopener\">Adrian Beltr\u00e9<\/a>,&nbsp;<a href=\"https:\/\/www.mlb.com\/es\/player\/492447\" target=\"_blank\" rel=\"noreferrer noopener\">Jim Leyland<\/a>&nbsp;y&nbsp;<a href=\"https:\/\/www.mlb.com\/es\/player\/408045\" target=\"_blank\" rel=\"noreferrer noopener\">Joe Mauer<\/a>&nbsp;&#8212; tuvieron meses para prepararse para subir al podio frente a miles de personas en las ceremonias de inducci\u00f3n al Sal\u00f3n de la Fama del domingo en el Clark Sports Center. Y, sin embargo, para un cuarteto que hizo de la preparaci\u00f3n un pilar de sus carreras, las emociones de este d\u00eda representaron un desaf\u00edo:<\/p>\n\n\n\n<p>\u00bfC\u00f3mo resumir las emociones y recuerdos de una carrera brillante y larga en unos 10 minutos?<\/p>\n\n\n\n<p>\u201cVi la mayor\u00eda de los discursos que se han dado aqu\u00ed. Y no soy el \u00fanico que ha derramado una l\u00e1grima en Cooperstown, te lo puedo asegurar\u201d, brome\u00f3 Leyland el s\u00e1bado. \u201cCuando alguien dice que esto es una vez en la vida, pues esto es una vez en la vida\u201d.<\/p>\n\n\n\n<ul class=\"wp-block-list\">\n<li><a href=\"https:\/\/www.mlb.com\/es\/news\/todo-listo-en-cooperstown-para-beltre-el-5to-dominicano-en-el-salon\" target=\"_blank\" rel=\"noreferrer noopener\"><strong>Beltr\u00e9 es el quinto dominicano en el Sal\u00f3n<\/strong><\/a><\/li>\n<\/ul>\n\n\n\n<p><img decoding=\"async\" src=\"https:\/\/img.mlbstatic.com\/mlb-images\/image\/upload\/ar_16:9,g_auto,q_auto:good,w_1024,c_fill,f_jpg,dpr_3.0\/mlb\/g2dnw8zqnkdp9gdfiapk\" alt=\"Todd Helton has his HOF plaque read to the crowd\"\/><\/p>\n\n\n\n<h1 class=\"wp-block-heading\">Todd Helton has his HOF plaque read to the crowd<\/h1>\n\n\n\n<p>Despu\u00e9s de nunca haber sido el primer bate en 2,247 juegos para los Rockies, Helton tuvo el honor el domingo de dar el primer discurso de los cuatro homenajeados. Su hermoso swing zurdo, que le ayud\u00f3 a ganar un t\u00edtulo de bateo, cinco selecciones al All-Star en primera base y cuatro Bates de Plata, se convirti\u00f3 no solo en el s\u00edmbolo de una franquicia de los Rockies que apenas estaba en su quinta temporada de juego cuando debut\u00f3, sino tambi\u00e9n en la inspiraci\u00f3n para muchos j\u00f3venes bateadores que le han seguido.<\/p>\n\n\n\n<p>Pero Helton fue consciente de los grandes toleteros que vinieron antes que \u00e9l, y de los que estaban en el escenario detr\u00e1s suyo \u2013 aquellos ya en el Sal\u00f3n de la Fama \u2013 y lo que significa unirse al club.<\/p>\n\n\n\n<p>\u201cLos premios que he recibido del b\u00e9isbol est\u00e1n m\u00e1s all\u00e1 de los sue\u00f1os m\u00e1s salvajes de un joven novato que sali\u00f3 de la Universidad de Tennessee\u201d, mencion\u00f3 Helton durante su discurso. \u201cS\u00e9 que soy un hombre afortunado\u201d.<img decoding=\"async\" src=\"https:\/\/img.mlbstatic.com\/mlb-images\/image\/upload\/ar_16:9,g_auto,q_auto:good,w_1024,c_fill,f_jpg,dpr_3.0\/mlb\/lhdqtxkreuw5e4ikafcl\" alt=\"Todd Helton's full Hall of Fame induction speech\"\/><\/p>\n\n\n\n<h1 class=\"wp-block-heading\">Todd Helton&#8217;s full Hall of Fame induction speech<\/h1>\n\n\n\n<p>El discurso de Beltr\u00e9 comenz\u00f3 de manera caprichosa, cuando su amigo y compatriota David Ortiz se acerc\u00f3 por detr\u00e1s y le toc\u00f3 la cabeza. \u00a1(Beltr\u00e9 famosamente odia eso!) No parec\u00eda contento, pero claramente no guarda rencor, ya que incluy\u00f3 a Big Papi en su lista de agradecimientos durante su discurso.<img decoding=\"async\" src=\"https:\/\/img.mlbstatic.com\/mlb-images\/image\/upload\/ar_16:9,g_auto,q_auto:good,w_1024,c_fill,f_jpg,dpr_3.0\/mlb\/ona8pnagjfjzw9rssvvy\" alt=\"Big Papi le toca la cabeza a Adri\u00e1n Beltr\u00e9\"\/><\/p>\n\n\n\n<h1 class=\"wp-block-heading\">Big Papi le toca la cabeza a Adri\u00e1n Beltr\u00e9<\/h1>\n\n\n\n<p>Beltr\u00e9 debut\u00f3 con los Dodgers en el verano de 1998, s\u00f3lo dos meses despu\u00e9s de cumplir 19 a\u00f1os, y jug\u00f3 durante 21 campa\u00f1as. El tercera base se convirti\u00f3 en un s\u00edmbolo de consistencia, una roca en la esquina caliente, un productor constante de carreras hasta sus \u00faltimos a\u00f1os que peg\u00f3 3,166 hits, y uno de los mejores en jugar esa posici\u00f3n en la historia moderna del juego.<\/p>\n\n\n\n<p>Beltr\u00e9 inspir\u00f3 a una generaci\u00f3n de jugadores tanto en su pa\u00eds natal como en todo el mundo, y el sentimiento era muy mutuo.<\/p>\n\n\n\n<p>\u201cLo mejor fue: Me encant\u00f3. Me encant\u00f3 el b\u00e9isbol\u201d, asegur\u00f3 Beltr\u00e9. \u201cY me divert\u00ed mucho jugando el juego\u201d.<\/p>\n\n\n\n<p>Beltr\u00e9 pas\u00f3 los d\u00edas y semanas previos a la inducci\u00f3n preparando un maravilloso discurso, biling\u00fce, con la misma intensidad que su juego.<\/p>\n\n\n\n<p>\u201cPoder escribir un discurso para el Sal\u00f3n de la Fama y tratar de cubrir toda su vida, a las personas que han significado algo para \u00e9l, y hacerlo en ingl\u00e9s, realmente es incre\u00edble\u201d, dijo la semana pasada su ex compa\u00f1ero de equipo en los Rangers, Michael Young. \u201cRealmente lo es\u201d.<img decoding=\"async\" src=\"https:\/\/img.mlbstatic.com\/mlb-images\/image\/upload\/ar_16:9,g_auto,q_auto:good,w_1024,c_fill,f_jpg,dpr_3.0\/mlb\/l8cxp9kekvihtuxp56nm\" alt=\"El discurso completo de Adri\u00e1n Beltr\u00e9 en el HOF\"\/><\/p>\n\n\n\n<h1 class=\"wp-block-heading\">El discurso completo de Adri\u00e1n Beltr\u00e9 en el HOF<\/h1>\n\n\n\n<p>Leyland se hizo conocido en parte por sus emociones durante una carrera como manager por 22 a\u00f1os a nivel de Grandes Ligas que incluy\u00f3 un t\u00edtulo de la Serie Mundial en Miami, dos participaciones en la Serie Mundial con Detroit, seis t\u00edtulos divisionales en Detroit y Pittsburgh y tres premios al M\u00e1nager del A\u00f1o.<\/p>\n\n\n\n<p>Recibe boletines informativos de LasMayores.com<\/p>\n\n\n\n<p>Inscr\u00edbete para recibir nuestro bolet\u00edn informativo Lo Esencial de la Semana para estar al tanto de la tendencia de cada semana alrededor de Major League Baseball.Inscr\u00edbete<\/p>\n\n\n\n<p>Quer\u00eda usar parte de su discurso como una inspiraci\u00f3n para los jugadores y entrenadores de las Ligas Menores que luchan por una oportunidad. Les anim\u00f3 a mirar su carrera, que incluy\u00f3 18 a\u00f1os en las Ligas Menores antes de pasar un d\u00eda en las Mayores, y seguir adelante.<img decoding=\"async\" src=\"https:\/\/img.mlbstatic.com\/mlb-images\/image\/upload\/ar_16:9,g_auto,q_auto:good,w_1024,c_fill,f_jpg,dpr_3.0\/mlb\/n8jds3ojnztt9skcevwi\" alt=\"Jim Leyland's full Hall of Fame Induction speech\"\/><\/p>\n\n\n\n<h1 class=\"wp-block-heading\">Jim Leyland&#8217;s full Hall of Fame Induction speech<\/h1>\n\n\n\n<p>Mauer, cuarto en el orden de los discursos entre los inducidos, se convirti\u00f3 en una presencia estoica detr\u00e1s del plato durante muchos de sus 15 a\u00f1os en la Gran Carpa, todos en Minnesota, a un corto viaje de su ciudad natal, St. Paul. Mauer no solo fue el Jugador M\u00e1s Valioso de la L.A. en el 2009, un campe\u00f3n de bateo en tres ocasiones y un All-Star en seis oportunidades, sino tambi\u00e9n un pilar de la franquicia. Pero \u00e9l tambi\u00e9n estaba listo para las emociones al pensar en el honor y tratar de describir cu\u00e1n afortunado se sent\u00eda.<img decoding=\"async\" src=\"https:\/\/img.mlbstatic.com\/mlb-images\/image\/upload\/ar_16:9,g_auto,q_auto:good,w_1024,c_fill,f_jpg,dpr_3.0\/mlb\/eermewvedxvbomxfkqpo\" alt=\"Joe Mauer has his HOF plaque read to crowd\"\/><\/p>\n\n\n\n<h1 class=\"wp-block-heading\">Joe Mauer has his HOF plaque read to crowd<\/h1>\n\n\n\n<p>\u201cSolo gratitud, simplemente tan agradecido por las oportunidades que he tenido\u201d, mencion\u00f3 Mauer la semana pasada. \u201cEs angustiante, es desafiante, porque tratar de resumir tu carrera de 20 a\u00f1os en 10 minutos es dif\u00edcil de hacer. Llegar a este punto, ser inducido al Sal\u00f3n de la Fama, no es algo que haya logrado por mi cuenta.<\/p>\n\n\n\n<p>\u201cHay tantas personas que han tenido un gran impacto en m\u00ed y me han ayudado a llegar a este punto. Quieres intentar articular eso lo mejor posible y agradecer a estas personas\u201d.<\/p>\n\n\n\n<p>mlb.com<\/p>\n","protected":false},"excerpt":{"rendered":"<p>COOPERSTOWN, N.Y. &#8212; El Sal\u00f3n de la Fama del B\u00e9isbol abri\u00f3 hoy sus puertas a un ex jugador que fue tomado como primera selecci\u00f3n del draft y pas\u00f3 toda su carrera en su ciudad natal, y a un ex receptor suplente de Doble-A que estuvo 18 a\u00f1os en las ligas menores antes de pasar un [&hellip;]<\/p>\n","protected":false},"author":1,"featured_media":169994,"comment_status":"closed","ping_status":"closed","sticky":false,"template":"","format":"standard","meta":{"_acf_changed":false,"_jetpack_memberships_contains_paid_content":false,"footnotes":"","jetpack_publicize_message":"","jetpack_publicize_feature_enabled":true,"jetpack_social_post_already_shared":true,"jetpack_social_options":{"image_generator_settings":{"template":"highway","default_image_id":0,"font":"","enabled":false},"version":2}},"categories":[22],"tags":[],"class_list":["post-169993","post","type-post","status-publish","format-standard","has-post-thumbnail","hentry","category-baseball"],"acf":[],"jetpack_publicize_connections":[],"jetpack_featured_media_url":"https:\/\/i0.wp.com\/sportseco.com\/wp-content\/uploads\/2024\/07\/ddk2ujfkfqltxftq8ntx.jpg?fit=2208%2C1242&ssl=1","jetpack_sharing_enabled":true,"_links":{"self":[{"href":"https:\/\/sportseco.com\/index.php?rest_route=\/wp\/v2\/posts\/169993","targetHints":{"allow":["GET"]}}],"collection":[{"href":"https:\/\/sportseco.com\/index.php?rest_route=\/wp\/v2\/posts"}],"about":[{"href":"https:\/\/sportseco.com\/index.php?rest_route=\/wp\/v2\/types\/post"}],"author":[{"embeddable":true,"href":"https:\/\/sportseco.com\/index.php?rest_route=\/wp\/v2\/users\/1"}],"replies":[{"embeddable":true,"href":"https:\/\/sportseco.com\/index.php?rest_route=%2Fwp%2Fv2%2Fcomments&post=169993"}],"version-history":[{"count":1,"href":"https:\/\/sportseco.com\/index.php?rest_route=\/wp\/v2\/posts\/169993\/revisions"}],"predecessor-version":[{"id":169995,"href":"https:\/\/sportseco.com\/index.php?rest_route=\/wp\/v2\/posts\/169993\/revisions\/169995"}],"wp:featuredmedia":[{"embeddable":true,"href":"https:\/\/sportseco.com\/index.php?rest_route=\/wp\/v2\/media\/169994"}],"wp:attachment":[{"href":"https:\/\/sportseco.com\/index.php?rest_route=%2Fwp%2Fv2%2Fmedia&parent=169993"}],"wp:term":[{"taxonomy":"category","embeddable":true,"href":"https:\/\/sportseco.com\/index.php?rest_route=%2Fwp%2Fv2%2Fcategories&post=169993"},{"taxonomy":"post_tag","embeddable":true,"href":"https:\/\/sportseco.com\/index.php?rest_route=%2Fwp%2Fv2%2Ftags&post=169993"}],"curies":[{"name":"wp","href":"https:\/\/api.w.org\/{rel}","templated":true}]}}