{"id":170160,"date":"2024-07-25T12:54:23","date_gmt":"2024-07-25T16:54:23","guid":{"rendered":"https:\/\/sportseco.com\/?p=170160"},"modified":"2024-07-25T12:54:28","modified_gmt":"2024-07-25T16:54:28","slug":"un-dia-para-la-historia-conoce-a-todos-los-abanderados-latinoamericanos-en-la-ceremonia-de-apertura-de-paris-2024","status":"publish","type":"post","link":"https:\/\/sportseco.com\/?p=170160","title":{"rendered":"UN D\u00cdA PARA LA HISTORIA: CONOCE A TODOS LOS ABANDERADOS LATINOAMERICANOS EN LA CEREMONIA DE APERTURA DE PAR\u00cdS 2024"},"content":{"rendered":"\n<p><strong>Por\u00a0Juan Villaverde<\/strong><img decoding=\"async\" src=\"https:\/\/img.olympics.com\/images\/image\/private\/t_s_16_9_g_auto\/t_s_w960\/f_auto\/primary\/hpexbuh0kyuanh3u3lxe\" alt=\"Opening Ceremony Tokyo 2020\"\/><\/p>\n\n\n\n<p>Foto por 2021 Getty Images<\/p>\n\n\n\n<p>Ser\u00e1n los primeros en llevar a su pa\u00eds por todo lo alto cuando, en la Ceremonia de Apertura, este 26 de julio, desfilen como abanderados. Conozca a los atletas que ser\u00e1n portadores de las banderas de las naciones latinoamericanas en Par\u00eds 2024<\/p>\n\n\n\n<h2 class=\"wp-block-heading\">ARGENTINA: ROC\u00cdO S\u00c1NCHEZ MOCCIA (HOCKEY) Y LUCIANO DE CECCO (VOLEIBOL)<\/h2>\n\n\n\n<p>La capitana de Las Leonas del hockey c\u00e9sped,&nbsp;<strong><a href=\"https:\/\/olympics.com\/es\/atletas\/rocio-sanchez-moccia\">Roc\u00edo S\u00e1nchez Moccia<\/a><\/strong>&nbsp;y el capit\u00e1n del seleccionado de voleibol,&nbsp;<strong><a href=\"https:\/\/olympics.com\/es\/atletas\/luciano-de-cecco\">Luciano De Cecco<\/a><\/strong>&nbsp;ser\u00e1n los encargados de llevar la bandera albiceleste en la ceremonia inaugural de Par\u00eds 2024. Ser\u00e1n los cuartos Juegos para ambos. Roc\u00edo fue medallista de plata en Londres 2012 y Tokio 2020, mientras que Luciano gan\u00f3 la medalla de bronce en Tokio 2020.<\/p>\n\n\n\n<h2 class=\"wp-block-heading\">BOLIVIA: MAR\u00cdA JOS\u00c9 RIBERA (NATACI\u00d3N) Y H\u00c9CTOR GARIBAY (ATLETISMO)<\/h2>\n\n\n\n<p>Bolivia llegar\u00e1 a Par\u00eds 2024 con cuatro atletas, todos debutantes en Juegos Ol\u00edmpicos. La bandera tricolor la portar\u00e1n en la Ceremonia de Apertura la nadadora de 27 a\u00f1os&nbsp;<strong>Mar\u00eda Jos\u00e9 Ribera<\/strong>, que competir\u00e1 en la prueba de los 50 metros libre y el maratonista de 36 a\u00f1os&nbsp;<strong>H\u00e9ctor Garibay<\/strong>, quien logr\u00f3 la clasificaci\u00f3n a los Juegos Ol\u00edmpicos al registrar una marca de 2:07:44 en la marat\u00f3n de Sevilla. La delegaci\u00f3n la completan el nadador Esteban N\u00fa\u00f1ez del Prado y la velocista, Guadalupe T\u00f3rrez.<\/p>\n\n\n\n<h2 class=\"wp-block-heading\">BRASIL: RAQUEL KOCHHANN (RUGBY 7) E ISAQU\u00cdAS QUEIROZ (CANOTAJE EN ESPRINT)<\/h2>\n\n\n\n<p>La ceremonia ser\u00e1 especialmente emotiva para&nbsp;<a href=\"https:\/\/olympics.com\/es\/atletas\/raquel-kochhann\"><strong>Raquel Kochhann<\/strong><\/a>, que reapareci\u00f3 el pasado mes de enero despu\u00e9s de un a\u00f1o y medio apartada del rugby por una lesi\u00f3n de rodilla y sobre todo, un c\u00e1ncer de mama que requiri\u00f3 operaci\u00f3n y meses de tratamiento. Ahora encabezar\u00e1 la delegaci\u00f3n de su pa\u00eds en los Juegos Ol\u00edmpicos junto a&nbsp;<a href=\"https:\/\/olympics.com\/es\/atletas\/isaquias-queiroz-dos-santos\"><strong>Isaquias Queiroz<\/strong><\/a>, cuatro veces medallista ol\u00edmpica en canotaje (dos platas y un bronce en R\u00edo 2016, y el oro en C1 1000 m en Tokio 2020).<a class=\"\" href=\"https:\/\/olympics.com\/es\/sign-in?entry_point_type=instory_campaign&amp;entry_point_tag=paris-2024-usa&amp;template=paris-2024-usa&amp;origin=https%3A%2F%2Folympics.com%2Fes%2Fparis-2024%2Fcalendario\">Sigue al equipo de los EE. UU. como nunca antes. Personaliza tu experiencia ol\u00edmpica de Paris 2024 con tu membres\u00eda ol\u00edmpica gratuita.\ud83e\udd47\ud83c\uddfa\ud83c\uddf8<\/a><\/p>\n\n\n\n<h2 class=\"wp-block-heading\">CHILE: ANTONIA ABRAHAM (REMO) Y NICOL\u00c1S JARRY (TENIS)<\/h2>\n\n\n\n<p>La remera de 27 a\u00f1os,&nbsp;<a href=\"https:\/\/olympics.com\/es\/atletas\/antonia-abraham\"><strong>Antonia Abraham<\/strong><\/a>&nbsp;y el tenista de 28 a\u00f1os,&nbsp;<strong>Nicol\u00e1s Jarry<\/strong>&nbsp;ser\u00e1n los encargados de portar el pabell\u00f3n chileno en el R\u00edo Sena durante la apertura de Par\u00eds 2024. Antonia, que ya compiti\u00f3 en R\u00edo 2016, ha ganado 8 medallas en Juegos Panamericanos (cinco en Santiago 2023) y fue quinta en el Mundial de Remo junto a su hermana, Melita. Nicol\u00e1s es dos veces medallista de oro en Juegos Panamericanos (Toronto 2015 y Lima 2019) y actualmente es Top 20 de la ATP. Chile llegar\u00e1 a Par\u00eds 2024 con una delegaci\u00f3n de 48 atletas, la m\u00e1s numerosa en la historia de este pa\u00eds sin atletas de deportes colectivos.<\/p>\n\n\n\n<ul class=\"wp-block-list\">\n<li><a href=\"https:\/\/olympics.com\/es\/noticias\/juegos-panamericanos-2023-seleccion-chile-remo-actuacion-historica-familia-abraham\">La incre\u00edble historia de la familia Abraham<\/a><\/li>\n<\/ul>\n\n\n\n<h2 class=\"wp-block-heading\">COLOMBIA: FLOR DENIS RUIZ (ATLETISMO) Y KEVIN QUINTERO (CICLISMO DE PISTA)<\/h2>\n\n\n\n<p>Colombia llegar\u00e1 a Par\u00eds con una delegaci\u00f3n de 87 atletas (50 mujeres y 37 hombres), superando los 71 que compitieron tres a\u00f1os atr\u00e1s en Tokio 2020. Los encargados de llevar la bandera colombiana en la Ceremonia de Apertura ser\u00e1n la subcampeona mundial en Budapest 2022 y oro en los Juegos Panamericanos Santiago 2023 en el lanzamiento de jabalina,&nbsp;<a href=\"https:\/\/olympics.com\/es\/atletas\/flor-ruiz\"><strong>Flor Denis Ruiz<\/strong><\/a>. Junto a ella, el campe\u00f3n mundial de keirin en ciclismo de pista de 2023,&nbsp;<a href=\"https:\/\/olympics.com\/es\/atletas\/kevin-santiago-quintero-chavarro\"><strong>Kevin Quintero<\/strong><\/a>. Esta ser\u00e1 la tercera participaci\u00f3n ol\u00edmpica para Flor Denis (Londres 2012 y R\u00edo 2016) y la segunda para Kevin (Tokio 2020).<\/p>\n\n\n\n<p>https:\/\/www.instagram.com\/reel\/C8-itChPE2c\/embed\/captioned\/?cr=1&#038;v=14&#038;wp=756&#038;rd=https%3A%2F%2Folympics.com&#038;rp=%2Fes%2Fnoticias%2Fabanderados-latinoamericanos-ceremonia-apertura-juegos-olimpicos-paris-2024#%7B%22ci%22%3A1%2C%22os%22%3A554%7D<\/p>\n\n\n\n<h2 class=\"wp-block-heading\">COSTA RICA:&nbsp;<strong>MILAGRO MENA (CICLISMO DE RUTA) Y GERALD DRUMMOND (ATLETISMO)<\/strong><\/h2>\n\n\n\n<p>La delegaci\u00f3n tica para Par\u00eds 2024 estar\u00e1 conformada por seis atletas en cinco deportes. La ciclista de 31 a\u00f1os nacida en Puntarenas&nbsp;<strong><a href=\"https:\/\/olympics.com\/es\/atletas\/milagro-mena\">Milagro Mena Solano<\/a><\/strong>&nbsp;competir\u00e1 en sus segundos Juegos Ol\u00edmpicos tras haber estado en R\u00edo 2016. Por su parte, el velocista de los 400 metros vallas&nbsp;<strong><a href=\"https:\/\/olympics.com\/es\/atletas\/gerald-drummond\">Gerald Drummond<\/a><\/strong>&nbsp;har\u00e1 lo propio tras haber competido en Tokio 2020. La delegaci\u00f3n la completan Brisa Hennessy en surf, Sebasti\u00e1n Sancho en judo, y Alondra Ortiz junto a Alberto Vega en nataci\u00f3n.<\/p>\n\n\n\n<h2 class=\"wp-block-heading\">CUBA: IDALYS ORT\u00cdZ (JUDO) Y JULIO C\u00c9SAR LA CRUZ (BOXEO)<\/h2>\n\n\n\n<p>Cuba tendr\u00e1 dos figuras de alto calibre como abanderados en Par\u00eds 2024. Los caribe\u00f1os contar\u00e1n con la presencia de la cuatro veces medallista ol\u00edmpica, dos veces campeona Mundial y cinco veces campeona de los Juegos Panamericanos,&nbsp;<a href=\"https:\/\/olympics.com\/es\/atletas\/idalys-ortiz\"><strong>Idalys Ortiz<\/strong><\/a>, quien a sus 34 a\u00f1os buscar\u00e1 su segundo oro Ol\u00edmpico tras el logrado en Londres 2012. Ser\u00e1n sus quintos Juegos Ol\u00edmpicos. Su acompa\u00f1ante ser\u00e1&nbsp;<a href=\"https:\/\/olympics.com\/es\/atletas\/julio-cesar-la-cruz\"><strong>Julio C\u00e9sar La Cruz<\/strong><\/a>, que tambi\u00e9n tiene ante s\u00ed la oportunidad de hacer historia. Solo tres boxeadores han ganado el oro en tres ediciones seguidas: los tambi\u00e9n cubanos&nbsp;<strong>Te\u00f3filo Stevenson<\/strong>&nbsp;y&nbsp;<strong>F\u00e9lix Sav\u00f3n<\/strong>, y el h\u00fangaro L\u00e1szl\u00f3 Papp. \u00bfSer\u00e1 \u00e9l el siguiente?<\/p>\n\n\n\n<ul class=\"wp-block-list\">\n<li><a href=\"https:\/\/olympics.com\/es\/noticias\/julio-cesar-la-cruz-juegos-olimpicos-paris-2024-final-juegos-panamericanos-2023\">Julio C\u00e9sar la Cruz: \u00abEn Par\u00eds 2024 quiero revalidar mi corona ol\u00edmpica para igualarme a los mejores boxeadores de la historia\u00bb<\/a><\/li>\n<\/ul>\n\n\n\n<h2 class=\"wp-block-heading\">ECUADOR: NEISI DAJOMES (HALTEROFILIA) Y DANIEL PINTADO (ATLETISMO)<\/h2>\n\n\n\n<p>La bandera de Ecuador ser\u00e1 portada por la campeona ol\u00edmpica de Tokio 2020 en la categor\u00eda de 76 kg&nbsp;<a href=\"https:\/\/olympics.com\/es\/atletas\/neisi-patricia-dajomes-barrera\"><strong>Neisi Dajomes<\/strong><\/a>, quien en Par\u00eds 2024 sumar\u00e1 su tercera participaci\u00f3n en Juegos Ol\u00edmpicos ahora en la divisi\u00f3n de 81 kg, donde llega como l\u00edder del ranking mundial. La pesista estar\u00e1 acompa\u00f1ada por el atleta&nbsp;<a href=\"https:\/\/olympics.com\/es\/atletas\/brian-pintado\"><strong>Daniel Pintado<\/strong><\/a>, medallista de plata en los 35 km marcha en el Campeonato Mundial de Budapest 2023 y dos veces medallista de oro en Juegos Panamericanos (20 km en Lima 2019 y relevos mixtos en Santiago 2023). Daniel estar\u00e1, a sus 28 a\u00f1os, compitiendo en sus terceros Juegos Ol\u00edmpicos.<\/p>\n\n\n\n<ul class=\"wp-block-list\">\n<li><a href=\"https:\/\/olympics.com\/es\/noticias\/neisi-dajomes-neisi-dajomes-y-el-peso-de-ecuador-sobre-los-hombros\">Neisi Dajomes y una medalla de oro al cielo<\/a><\/li>\n\n\n\n<li><\/li>\n<\/ul>\n\n\n\n<h2 class=\"wp-block-heading\">EL SALVADOR: CELINA M\u00c1RQUEZ (NATACI\u00d3N) Y URIEL CANJURA (B\u00c1DMINTON)<\/h2>\n\n\n\n<p>El Salvador estar\u00e1 representado en Par\u00eds 2024 por ocho atletas, tres m\u00e1s de los que compitieron en Tokio 2020.&nbsp;<strong><a href=\"https:\/\/olympics.com\/es\/atletas\/carmen-celina-marquez-orellana\">Celina M\u00e1rquez<\/a><\/strong>&nbsp;volver\u00e1 a tener los honores de ser la abanderada como en Tokio, donde hizo su debut Ol\u00edmpico en los 100 y 200 m espalda. Por su parte,&nbsp;<strong>Uriel Canjura<\/strong>&nbsp;ser\u00e1 el primer salvadore\u00f1o en competir en b\u00e1dminton en unos Juegos Ol\u00edmpicos. En los pasados Juegos Panamericanos de Santiago 2023 logr\u00f3 la medalla de bronce. Fue abanderado en los&nbsp;<a href=\"https:\/\/olympics.com\/es\/olympic-games\/buenos-aires-2018\">Juegos Ol\u00edmpicos de la Juventud Buenos Aires 2018<\/a>.<\/p>\n\n\n\n<h2 class=\"wp-block-heading\">GUATEMALA: WALESKA SOTO (TIRO) Y KEVIN CORD\u00d3N (B\u00c1DMINTON)<\/h2>\n\n\n\n<p>Los chapines contar\u00e1n con una delegaci\u00f3n de 15 atletas, la mayor de cualquier pa\u00eds centroamericano desde Atlanta 1996 y sus abanderados ser\u00e1n la tiradora&nbsp;<strong><a href=\"https:\/\/olympics.com\/es\/atletas\/ana-waleska-soto-abril\">Waleska Soto<\/a>,<\/strong>&nbsp;quien durante este ciclo Ol\u00edmpico sum\u00f3 medallas de plata en los Juegos Panamericanos Santiago 2023 y en los Juegos Centroamericanos y del Caribe. Su compa\u00f1ero ser\u00e1 el destacado badmintonista&nbsp;<strong><a href=\"https:\/\/olympics.com\/es\/atletas\/kevin-cordon\">Kevin Cord\u00f3n<\/a>,<\/strong>&nbsp;que competir\u00e1 en sus quintos Juegos Ol\u00edmpicos y que en Tokio 2020 puso a so\u00f1ar a Guatemala con una magn\u00edfica actuaci\u00f3n que termin\u00f3 con un meritorio 4\u00ba lugar. Ha sido 4 veces medallista de oro en Juegos Panamericanos.<\/p>\n\n\n\n<h2 class=\"wp-block-heading\">HONDURAS: JULIMAR \u00c1VILA (NATACI\u00d3N) Y KEVIN MEJ\u00cdA (LUCHA, -97 KG)<\/h2>\n\n\n\n<p>Los catrachos contar\u00e1n con cuatro representantes en Par\u00eds 2024. El luchador&nbsp;<strong>Kevin Mej\u00eda<\/strong>&nbsp;liderar\u00e1 la delegaci\u00f3n hondure\u00f1a y espera luchar por lograr la primera medalla Ol\u00edmpica de su pa\u00eds. El nacido en Tela, ciudad caribe\u00f1a, ha ganado una medalla de plata en los Juegos Panamericanos de Toronto 2015, el bronce en Santiago 2023 y dos medallas de bronce en los Centroamericanos y del Caribe de Veracruz 2014. La nadadora,&nbsp;<strong><a href=\"https:\/\/olympics.com\/es\/atletas\/julimar-avila-mancia\">Julimar \u00c1vila<\/a><\/strong>&nbsp;vuelve a competir en unos Juegos Ol\u00edmpicos tras la haza\u00f1a de Tokio 2020, donde clasific\u00f3 a las semifinales en la categor\u00eda 200 metros mariposa, algo sin precedentes para este pa\u00eds.&nbsp;<a href=\"https:\/\/olympics.com\/es\/atletas\/julio-horrego\"><strong>Julio Horrego<\/strong><\/a>&nbsp;(nataci\u00f3n) y&nbsp;<strong>Malique Garc\u00eda<\/strong>&nbsp;(atletismo) completan la delegaci\u00f3n.<\/p>\n\n\n\n<h3 class=\"wp-block-heading\">El secreto detr\u00e1s del \u00e9xito de las clavadistas mexicanas Ale Orozco y Gaby Ag\u00fandez<\/h3>\n\n\n\n<h2 class=\"wp-block-heading\">M\u00c9XICO: ALEJANDRA OROZCO (CLAVADOS) Y EMILIO HERN\u00c1NDEZ (PENTATL\u00d3N MODERNO)<\/h2>\n\n\n\n<p>Con 27 a\u00f1os,&nbsp;<a href=\"https:\/\/olympics.com\/es\/atletas\/alejandra-orozco\"><strong>Alejandra Orozco<\/strong><\/a>&nbsp;buscar\u00e1 en Par\u00eds 2024 su tercera medalla ol\u00edmpica. En Londres 2012 se convirti\u00f3 la medallista m\u00e1s joven en la historia de M\u00e9xico tras lograr la plata en salto sincronizado en plataforma de 10 metros durante los Juegos de Londres 2012. En Tokio 2020, Ale logr\u00f3 la medalla de bronce. Ha sido cinco veces medallista en los Juegos Panamericanos y ha participado dos veces en los Juegos Ol\u00edmpicos de la Juventud. Por su parte, el pentatleta&nbsp;<strong>Emiliano Hern\u00e1ndez<\/strong>&nbsp;llega a Par\u00eds 2024 como subcampe\u00f3n del mundo y doble oro en los Juegos Panamericanos de Santiago 2023.<\/p>\n\n\n\n<ul class=\"wp-block-list\">\n<li><a href=\"https:\/\/olympics.com\/es\/noticias\/alejandra-orozco-clavadista-mexicana-abanderada-juegos-olimpicos-paris-2024-sueno-no-cesa\">Alejandra Orozco: el sue\u00f1o que no cesa de una clavadista mexicana de bandera<\/a><\/li>\n<\/ul>\n\n\n\n<h2 class=\"wp-block-heading\">NICARAGUA: IZAYANA MARENCO (JUDO) Y GERALD HERN\u00c1NDEZ (NATACI\u00d3N)<\/h2>\n\n\n\n<p>Nicaragua particip\u00f3 por primera vez en los Juegos Ol\u00edmpicos en M\u00e9xico en 1968, y despu\u00e9s de 13 participaciones, la delegaci\u00f3n de Nicaragua en Par\u00eds 2024 contar\u00e1 con la mayor representaci\u00f3n femenina, ya que seis de los siete atletas son mujeres.&nbsp;<a href=\"https:\/\/olympics.com\/es\/atletas\/izayana-marenco\"><strong>Izayana Marenco<\/strong><\/a>&nbsp;estar\u00e1 compitiendo por segunda vez en unos Juegos Ol\u00edmpicos tras su participaci\u00f3n en Tokio 2020. Este a\u00f1o logr\u00f3 la medalla de oro en la categor\u00eda de +78 kg en el Campeonato Panamericano celebrado en Lima y en el Open Panamericano de Santiago de Chile. Por su parte,&nbsp;<strong>Gerald Hern\u00e1ndez<\/strong>, de 20 a\u00f1os, debutar\u00e1 en los 200 metros mariposa. En el 2021 compiti\u00f3 en los I Juegos Panamericanos J\u00fanior Cali-Valle 2021.<\/p>\n\n\n\n<h2 class=\"wp-block-heading\">PANAM\u00c1: HILLARY HERON (GIMNASIA ART\u00cdSTICA) Y FRANKLIN ARCHIBOLD (CICLISMO DE RUTA)<\/h2>\n\n\n\n<p>La gimnasta&nbsp;<strong>Hillary Heron<\/strong>&nbsp;y el ciclista&nbsp;<strong>Franklin Archibold<\/strong>&nbsp;ser\u00e1n los encargados de portar el pabell\u00f3n nacional paname\u00f1o en la ceremonia inaugural de Par\u00eds 2024. Ser\u00e1 la primera vez que una gimnasta y un ciclista paname\u00f1o sean abanderados por Panam\u00e1 en unos Juegos Ol\u00edmpicos.&nbsp;<strong>Heron<\/strong>&nbsp;ya port\u00f3 la bandera paname\u00f1a en los Juegos Panamericanos Santiago 2023 y los Juegos Bolivarianos de Valledupar 2022.<\/p>\n\n\n\n<ul class=\"wp-block-list\">\n<li><a href=\"https:\/\/olympics.com\/es\/noticias\/hillary-heron-gimnasta-artistica-panamena-emulo-simone-biles\">Conoce a Hillary Heron, la gimnasta paname\u00f1a que hizo historia emulando a Simone Biles<\/a><\/li>\n<\/ul>\n\n\n\n<h3 class=\"wp-block-heading\">Momento de medalla | Tokio 2020: 100m vallas (F) &#8211; J Camacho-Quinn (PUR)<\/h3>\n\n\n\n<h2 class=\"wp-block-heading\">PARAGUAY: ALEJANDRA ALONSO (REMO) Y FABRICIO ZANOTTI (GOLF)<\/h2>\n\n\n\n<p>La remera&nbsp;<strong><a href=\"https:\/\/olympics.com\/es\/atletas\/alejandra-alonso\">Alejandra Alonso<\/a><\/strong>&nbsp;y el golfista&nbsp;<strong><a href=\"https:\/\/olympics.com\/es\/atletas\/fabrizio-zanotti\">Fabrizio Zanotti<\/a><\/strong>&nbsp;fueron escogidos para ser los abanderados de esta hist\u00f3rica delegaci\u00f3n guaran\u00ed. Ser\u00e1 la segunda participaci\u00f3n ol\u00edmpica de Alejandra, medalla de oro en los Juegos Suramericanos Asunci\u00f3n 2022 y bronce en los Juegos Panamericanos Santiago 2023. Zanotti dio a Paraguay la primera e hist\u00f3rica medalla de oro en los Juegos Panamericanos de Lima 2019. Tres a\u00f1os despu\u00e9s logr\u00f3 la medalla de plata en los Juegos Suramericanos realizados en casa, en Asunci\u00f3n 2022. En Par\u00eds 2024 llegar\u00e1 a su tercera participaci\u00f3n en Juegos Ol\u00edmpicos.<\/p>\n\n\n\n<h2 class=\"wp-block-heading\">PER\u00da: MAR\u00cdA LUISA DOIG (ESGRIMA) Y JUAN MIGUEL POSTIGOS (JUDO)<\/h2>\n\n\n\n<p><a href=\"https:\/\/olympics.com\/es\/atletas\/maria-luisa-doig\"><strong>Mar\u00eda Luisa Doig<\/strong><\/a>&nbsp;de esgrima y&nbsp;<a href=\"https:\/\/olympics.com\/es\/atletas\/juan-postigos\"><strong>Juan Miguel Postigos<\/strong><\/a>&nbsp;de judo encabezar\u00e1n la delegaci\u00f3n de deportistas peruanos en Par\u00eds. Mar\u00eda Luisa, de 32 a\u00f1os, asistir\u00e1 a sus terceros Juegos Ol\u00edmpicos luego de haber competido en Beijing 2008 (florete), Tokio 2020 (espada) y Par\u00eds 2024 (espada). Juan Miguel, de 35 a\u00f1os, competir\u00e1 en sus cuartos Juegos Ol\u00edmpicos consecutivos. Fue medallista de bronce en los Juegos Panamericanos Guadalajara 2011.<\/p>\n\n\n\n<h2 class=\"wp-block-heading\">PUERTO RICO: JASMINE CAMACHO-QUINN (ATLETISMO) Y SEBASTI\u00c1N RIVERA (LUCHA)<\/h2>\n\n\n\n<p>La delegaci\u00f3n boricua en Par\u00eds 2024 es siempre de las m\u00e1s animadas en la ceremonia inaugural. En la capital francesa contar\u00e1n con&nbsp;<strong><a href=\"https:\/\/olympics.com\/es\/atletas\/jasmine-camacho-quinn\">Jasmine Camacho Quinn<\/a><\/strong>, la segunda medallista de oro en la historia de Puerto Rico en unos Juegos Ol\u00edmpicos (100 metros vallas en Tokio 2020). Durante este ciclo logr\u00f3 el oro en los Juegos Centroamericanos y del Caribe y la plata en el Campeonato del Mundo en Budapest. Estar\u00e1 acompa\u00f1ada del luchador,&nbsp;<strong>Sebasti\u00e1n Rivera<\/strong>, subcampe\u00f3n Mundial en la categor\u00eda de -65 kg. Par\u00eds 2024 ser\u00e1 su primera experiencia ol\u00edmpica.<\/p>\n\n\n\n<h2 class=\"wp-block-heading\">REP\u00daBLICA DOMINICANA: MARILEIDY PAULINO (ATLETISMO) Y&nbsp;<strong>AUDRYS NIN REYES<\/strong>&nbsp;(GIMNASIA ART\u00cdSTICA)<\/h2>\n\n\n\n<p>La doble medallista de plata en Tokio 2020,&nbsp;<a href=\"https:\/\/olympics.com\/es\/atletas\/marileidy-paulino\"><strong>Marileidy Paulino<\/strong><\/a>, fue medalla de oro en los 400 metros planos del Mundial de Atletismo de Budapest y sum\u00f3 cuatro medallas en los Juegos Panamericanos de Santiago 2023, oro en los 200 y en los 4&#215;400 metros mixtos y plata en el relevo femenino 4&#215;400 y bronce en relevo 4&#215;100 femenino. Su compa\u00f1ero ser\u00e1 el gimnasta,&nbsp;<strong>Audrys Nin Reyes<\/strong>, quien gan\u00f3 la medalla de oro en la final de salto de los Juegos Panamericanos Santiago 2023 y en los Juegos Centroamericanos y del Caribe gan\u00f3 el oro en salto, la plata en el all around y barra, sumado al bronce en el caballo con anillas.<\/p>\n\n\n\n<ul class=\"wp-block-list\">\n<li><a href=\"https:\/\/olympics.com\/es\/noticias\/marileidy-paulino-paris-2024-calendario-ver-dominicana-juegos-olimpicos\">Marileidy Paulino en Par\u00eds 2024: calendario completo, qu\u00e9 esperar y d\u00f3nde ver sus competencias<\/a><\/li>\n\n\n\n<li><a href=\"https:\/\/olympics.com\/es\/noticias\/marileidy-paulino-preparada-para-los-juegos-olimpicos-este-sera-mi-ano\">Marileidy Paulino, preparada para los Juegos Ol\u00edmpicos: \u00abEste ser\u00e1 mi a\u00f1o\u00bb<\/a><\/li>\n<\/ul>\n\n\n\n<h2 class=\"wp-block-heading\">URUGUAY: MAR\u00cdA SARA GRIPPOLI (TAEKWONDO) Y EMILIANO LASA (ATLETISMO)<\/h2>\n\n\n\n<p>Los abanderados charr\u00faas son la mezcla perfecta entre juventud y veteran\u00eda:&nbsp;<strong>Mar\u00eda Sara Grippoli<\/strong>&nbsp;har\u00e1 historia con solo 19 a\u00f1os y, despu\u00e9s de acariciar la medalla en los Juegos Panamericanos de Santiago 2023, ser\u00e1 la primera taekwondista uruguaya que compite en unos Juegos Ol\u00edmpicos, Por su parte,&nbsp;<a href=\"https:\/\/olympics.com\/es\/atletas\/emiliano-lasa\"><strong>Emiliano Lasa<\/strong><\/a>&nbsp;vivir\u00e1 sus terceros Juegos Ol\u00edmpicos a la edad de 34. El especialista en salto largo fue finalista en R\u00edo 2016 y es doble campe\u00f3n suramericano.<\/p>\n\n\n\n<h2 class=\"wp-block-heading\">VENEZUELA: YULIMAR ROJAS (ATLETISMO) Y&nbsp;<strong>JULIO MAYORA<\/strong>&nbsp;(LEVANTAMIENTO DE PESAS)<\/h2>\n\n\n\n<p>La abanderada venezolana para Par\u00eds 2024 ser\u00e1 la actual campeona ol\u00edmpica y cuatro veces campeona del mundo del triple salto,\u00a0<a href=\"https:\/\/olympics.com\/es\/atletas\/yulimar-rojas\"><strong>Yulimar Rojas<\/strong><\/a>, acompa\u00f1ada de una de las grandes esperanzas de una medalla en estos Juegos Ol\u00edmpicos,\u00a0<strong><a href=\"https:\/\/olympics.com\/es\/atletas\/julio-ruben-mayora-pernia\">Julio Mayora<\/a><\/strong>, plata en Tokio 2020. El pesista gan\u00f3 el oro en los Juegos Panamericanos de Lima 2019 y en este ciclo ol\u00edmpico consigui\u00f3 el oro en los Juegos Suramericanos de Asunci\u00f3n 2022.<\/p>\n\n\n\n<p><\/p>\n\n\n\n<p>olympics.com<\/p>\n","protected":false},"excerpt":{"rendered":"<p>Por\u00a0Juan Villaverde Foto por 2021 Getty Images Ser\u00e1n los primeros en llevar a su pa\u00eds por todo lo alto cuando, en la Ceremonia de Apertura, este 26 de julio, desfilen como abanderados. Conozca a los atletas que ser\u00e1n portadores de las banderas de las naciones latinoamericanas en Par\u00eds 2024 ARGENTINA: ROC\u00cdO S\u00c1NCHEZ MOCCIA (HOCKEY) Y [&hellip;]<\/p>\n","protected":false},"author":1,"featured_media":170161,"comment_status":"closed","ping_status":"closed","sticky":false,"template":"","format":"standard","meta":{"_acf_changed":false,"_jetpack_memberships_contains_paid_content":false,"footnotes":"","jetpack_publicize_message":"","jetpack_publicize_feature_enabled":true,"jetpack_social_post_already_shared":true,"jetpack_social_options":{"image_generator_settings":{"template":"highway","default_image_id":0,"font":"","enabled":false},"version":2}},"categories":[38],"tags":[],"class_list":["post-170160","post","type-post","status-publish","format-standard","has-post-thumbnail","hentry","category-olimpicos"],"acf":[],"jetpack_publicize_connections":[],"jetpack_featured_media_url":"https:\/\/sportseco.com\/wp-content\/uploads\/2024\/07\/hpexbuh0kyuanh3u3lxe.avif","jetpack_sharing_enabled":true,"_links":{"self":[{"href":"https:\/\/sportseco.com\/index.php?rest_route=\/wp\/v2\/posts\/170160","targetHints":{"allow":["GET"]}}],"collection":[{"href":"https:\/\/sportseco.com\/index.php?rest_route=\/wp\/v2\/posts"}],"about":[{"href":"https:\/\/sportseco.com\/index.php?rest_route=\/wp\/v2\/types\/post"}],"author":[{"embeddable":true,"href":"https:\/\/sportseco.com\/index.php?rest_route=\/wp\/v2\/users\/1"}],"replies":[{"embeddable":true,"href":"https:\/\/sportseco.com\/index.php?rest_route=%2Fwp%2Fv2%2Fcomments&post=170160"}],"version-history":[{"count":1,"href":"https:\/\/sportseco.com\/index.php?rest_route=\/wp\/v2\/posts\/170160\/revisions"}],"predecessor-version":[{"id":170162,"href":"https:\/\/sportseco.com\/index.php?rest_route=\/wp\/v2\/posts\/170160\/revisions\/170162"}],"wp:featuredmedia":[{"embeddable":true,"href":"https:\/\/sportseco.com\/index.php?rest_route=\/wp\/v2\/media\/170161"}],"wp:attachment":[{"href":"https:\/\/sportseco.com\/index.php?rest_route=%2Fwp%2Fv2%2Fmedia&parent=170160"}],"wp:term":[{"taxonomy":"category","embeddable":true,"href":"https:\/\/sportseco.com\/index.php?rest_route=%2Fwp%2Fv2%2Fcategories&post=170160"},{"taxonomy":"post_tag","embeddable":true,"href":"https:\/\/sportseco.com\/index.php?rest_route=%2Fwp%2Fv2%2Ftags&post=170160"}],"curies":[{"name":"wp","href":"https:\/\/api.w.org\/{rel}","templated":true}]}}