{"id":170341,"date":"2024-07-29T16:22:16","date_gmt":"2024-07-29T20:22:16","guid":{"rendered":"https:\/\/sportseco.com\/?p=170341"},"modified":"2024-07-29T16:22:21","modified_gmt":"2024-07-29T20:22:21","slug":"brasil-socio-estrategico-de-colombia-para-la-defensa-de-la-amazonia-y-la-cop16-de-biodiversidad","status":"publish","type":"post","link":"https:\/\/sportseco.com\/?p=170341","title":{"rendered":"Brasil, socio estrat\u00e9gico de Colombia para la defensa de la Amazon\u00eda y la COP16 de Biodiversidad"},"content":{"rendered":"\n<figure class=\"wp-block-image\"><img data-recalc-dims=\"1\" decoding=\"async\" src=\"https:\/\/i0.wp.com\/www.minambiente.gov.co\/wp-content\/uploads\/2024\/07\/Gira.jpg?w=640&#038;ssl=1\" alt=\"Brasil, socio estrat\u00e9gico de Colombia para la defensa de la Amazon\u00eda y la COP16 de Biodiversidad\" title=\"Brasil, socio estrat\u00e9gico de Colombia para la defensa de la Amazon\u00eda y la COP16 de Biodiversidad\"\/><\/figure>\n\n\n\n<ul class=\"wp-block-list\">\n<li>Colombia y Brasil acuerdan trabajar conjuntamente en el fondo internacional para la defensa de los bosques, reconociendo financieramente a los pa\u00edses que los protejan.<\/li>\n\n\n\n<li>Brasil apoyar\u00e1 a Colombia como socio estrat\u00e9gico para lograr una representaci\u00f3n de alto nivel en la COP16, que se llevar\u00e1 a cabo del 21 de octubre al 1 de noviembre en Cali.<\/li>\n\n\n\n<li>Colombia y Brasil organizar\u00e1n una reuni\u00f3n en la\u00a0ONU\u00a0para fortalecer la alianza de los 17 pa\u00edses m\u00e1s biodiversos del mundo.<\/li>\n<\/ul>\n\n\n\n<p><strong>Bel\u00e9n (Brasil), 29 de julio de 2024. (Minambienteco)&nbsp;<\/strong>\u2013 Al t\u00e9rmino de su gira por Brasil, la ministra de Ambiente y Desarrollo Sostenible de Colombia, Susana Muhamad, dio un balance de su participaci\u00f3n en el evento \u2018Amazon\u00eda por Siempre\u2019, en el que se reuni\u00f3 con los ministros de Ambiente y Hacienda de los pa\u00edses amaz\u00f3nicos, as\u00ed como con altos funcionarios internacionales, incluyendo al presidente del&nbsp;BID, lan Goldfajn; la Secretaria del Tesoro de Estados Unidos, Janet Yellen y la Secretaria de la&nbsp;OTCA, Vanessa Grazziotin, con el fin de trabajar en la colaboraci\u00f3n estrat\u00e9gica para la protecci\u00f3n y sostenibilidad de la Amazon\u00eda.<\/p>\n\n\n\n<p>Muhamad subray\u00f3 la importancia de fortalecer las relaciones estrat\u00e9gicas con Brasil, pa\u00eds anfitri\u00f3n del evento. \u00abHemos venido a Brasil con el canciller Murillo para profundizar nuestro relacionamiento estrat\u00e9gico con este fundamental pa\u00eds\u00bb, declar\u00f3 la ministra. \u00abRecuerden que, durante los dos siguientes a\u00f1os, son dos a\u00f1os ambientales de Am\u00e9rica Latina, COP16 de Biodiversidad en Cali, Colombia, y la COP30 del Clima, Bel\u00e9n de Par\u00e1, en la Amazon\u00eda, en diciembre de 2025, aqu\u00ed en Brasil\u00bb, destac\u00f3.<\/p>\n\n\n\n<p>En este marco, se han alcanzado acuerdos significativos entre los pa\u00edses participantes. En primer lugar, se acord\u00f3 trabajar conjuntamente en el fondo para la defensa de los bosques del mundo. Esta iniciativa reconocer\u00e1 financieramente a los pa\u00edses que protejan y mantengan en pie sus bosques, incentivando as\u00ed la conservaci\u00f3n forestal a nivel global.<\/p>\n\n\n\n<p>Asimismo, Colombia y Brasil ser\u00e1n anfitriones de una reuni\u00f3n en la Asamblea de Naciones Unidas de los 17 pa\u00edses m\u00e1s biodiversos del mundo, que se realizar\u00e1 en Nueva York durante septiembre. Esta reuni\u00f3n buscar\u00e1 construir una alianza y visibilidad de los intereses de los pa\u00edses biodiversos, destacando la importancia de la diversidad biol\u00f3gica en las agendas internacionales. \u00abBrasil tambi\u00e9n es el presidente de esa coalici\u00f3n para que podamos construir una alianza y una visibilidad de nuestros intereses como pa\u00edses de la biodiversidad\u00bb, a\u00f1adi\u00f3 Muhamad.<\/p>\n\n\n\n<p>Adem\u00e1s, Brasil se comprometi\u00f3 a ser un socio estrat\u00e9gico para Colombia en la organizaci\u00f3n de la COP16 en Cali. Este apoyo incluir\u00e1 la promoci\u00f3n de la mayor representaci\u00f3n posible de pa\u00edses claves a nivel internacional. \u00abHemos acordado que Brasil ser\u00e1 un socio estrat\u00e9gico de Colombia para lograr la mayor representaci\u00f3n posible del m\u00e1s alto nivel de pa\u00edses claves en la COP16 de Colombia\u00bb, indic\u00f3 la ministra.<\/p>\n\n\n\n<p>Finalmente, Muhamad enfatiz\u00f3 en la importancia de estos esfuerzos conjuntos para la protecci\u00f3n y sostenibilidad de la Amazon\u00eda y la biodiversidad global, reafirmando el compromiso de Colombia con la defensa de estos ecosistemas vitales.<\/p>\n\n\n\n<p>Este evento marca un paso significativo hacia la consolidaci\u00f3n de alianzas estrat\u00e9gicas y el fortalecimiento de la cooperaci\u00f3n internacional en pro de la conservaci\u00f3n de la Amazon\u00eda y la biodiversidad mundial, resaltando la importancia de la integraci\u00f3n regional.<\/p>\n\n\n\n<p><\/p>\n\n\n\n<p>minambiente.gov.co<\/p>\n","protected":false},"excerpt":{"rendered":"<p>Bel\u00e9n (Brasil), 29 de julio de 2024. (Minambienteco)&nbsp;\u2013 Al t\u00e9rmino de su gira por Brasil, la ministra de Ambiente y Desarrollo Sostenible de Colombia, Susana Muhamad, dio un balance de su participaci\u00f3n en el evento \u2018Amazon\u00eda por Siempre\u2019, en el que se reuni\u00f3 con los ministros de Ambiente y Hacienda de los pa\u00edses amaz\u00f3nicos, as\u00ed [&hellip;]<\/p>\n","protected":false},"author":1,"featured_media":170342,"comment_status":"closed","ping_status":"closed","sticky":false,"template":"","format":"standard","meta":{"_acf_changed":false,"_jetpack_memberships_contains_paid_content":false,"footnotes":"","jetpack_publicize_message":"","jetpack_publicize_feature_enabled":true,"jetpack_social_post_already_shared":true,"jetpack_social_options":{"image_generator_settings":{"template":"highway","default_image_id":0,"font":"","enabled":false},"version":2}},"categories":[6],"tags":[],"class_list":["post-170341","post","type-post","status-publish","format-standard","has-post-thumbnail","hentry","category-ecologia"],"acf":[],"jetpack_publicize_connections":[],"jetpack_featured_media_url":"https:\/\/i0.wp.com\/sportseco.com\/wp-content\/uploads\/2024\/07\/Gira.jpg?fit=850%2C478&ssl=1","jetpack_sharing_enabled":true,"_links":{"self":[{"href":"https:\/\/sportseco.com\/index.php?rest_route=\/wp\/v2\/posts\/170341","targetHints":{"allow":["GET"]}}],"collection":[{"href":"https:\/\/sportseco.com\/index.php?rest_route=\/wp\/v2\/posts"}],"about":[{"href":"https:\/\/sportseco.com\/index.php?rest_route=\/wp\/v2\/types\/post"}],"author":[{"embeddable":true,"href":"https:\/\/sportseco.com\/index.php?rest_route=\/wp\/v2\/users\/1"}],"replies":[{"embeddable":true,"href":"https:\/\/sportseco.com\/index.php?rest_route=%2Fwp%2Fv2%2Fcomments&post=170341"}],"version-history":[{"count":1,"href":"https:\/\/sportseco.com\/index.php?rest_route=\/wp\/v2\/posts\/170341\/revisions"}],"predecessor-version":[{"id":170343,"href":"https:\/\/sportseco.com\/index.php?rest_route=\/wp\/v2\/posts\/170341\/revisions\/170343"}],"wp:featuredmedia":[{"embeddable":true,"href":"https:\/\/sportseco.com\/index.php?rest_route=\/wp\/v2\/media\/170342"}],"wp:attachment":[{"href":"https:\/\/sportseco.com\/index.php?rest_route=%2Fwp%2Fv2%2Fmedia&parent=170341"}],"wp:term":[{"taxonomy":"category","embeddable":true,"href":"https:\/\/sportseco.com\/index.php?rest_route=%2Fwp%2Fv2%2Fcategories&post=170341"},{"taxonomy":"post_tag","embeddable":true,"href":"https:\/\/sportseco.com\/index.php?rest_route=%2Fwp%2Fv2%2Ftags&post=170341"}],"curies":[{"name":"wp","href":"https:\/\/api.w.org\/{rel}","templated":true}]}}