{"id":170350,"date":"2024-07-30T08:22:43","date_gmt":"2024-07-30T12:22:43","guid":{"rendered":"https:\/\/sportseco.com\/?p=170350"},"modified":"2024-07-30T08:22:49","modified_gmt":"2024-07-30T12:22:49","slug":"dia-internacional-de-la-amistad-30-de-julio-5","status":"publish","type":"post","link":"https:\/\/sportseco.com\/?p=170350","title":{"rendered":"D\u00eda Internacional de la Amistad, 30 de julio"},"content":{"rendered":"\n<p><img data-recalc-dims=\"1\" decoding=\"async\" src=\"https:\/\/i0.wp.com\/www.un.org\/sites\/un2.un.org\/files\/styles\/banner-image-style-27-10\/public\/2021\/07\/friendship-day-indx.jpg?w=640&#038;ssl=1\" alt=\"Unas ni\u00f1as con chalecos salvavidas jugando en el agua de una playa \"\/><\/p>\n\n\n\n<p>Un grupo de amigas jugando en una playa de la Franja de Gaza.<\/p>\n\n\n\n<p><strong>FOTO:<\/strong>ONU\/Shareef Sarhan<\/p>\n\n\n\n<h2 class=\"wp-block-heading\">Compartir el esp\u00edritu humano a trav\u00e9s de la amistad<\/h2>\n\n\n\n<p>Nuestro mundo hace frente a muchos desaf\u00edos, crisis y fuerzas divisorias \u2014pobreza, violencia, violaciones de los derechos humanos\u2014 que amenazan la paz, la seguridad, el desarrollo y la armon\u00eda social entre los pueblos del mundo y dentro de s\u00ed mismos.<\/p>\n\n\n\n<p>Para abordar estos problemas, es necesario atajar las causas que los provocan, fomentando y defendiendo la solidaridad, que puede manifestarse de muchas maneras, como por ejemplo, la amistad.<\/p>\n\n\n\n<p>A trav\u00e9s de la amistad, cultivando los lazos de la camarader\u00eda y fortaleciendo la confianza, podemos contribuir a los cambios fundamentales y necesarios para alcanzar una estabilidad duradera, tejer una red de apoyo social que nos proteja a todos y generar pasi\u00f3n por lograr un mundo mejor, todos unidos por el bien com\u00fan.<\/p>\n\n\n\n<h3 class=\"wp-block-heading\">Antecedentes<\/h3>\n\n\n\n<p>La Asamblea General design\u00f3&nbsp;en 2011 el&nbsp;<a href=\"https:\/\/undocs.org\/es\/A\/RES\/65\/275\">D\u00eda Internacional de la Amistad<\/a>&nbsp;con la idea de que la amistad entre los pueblos, los pa\u00edses, las culturas y las personas puede inspirar iniciativas de paz y presenta una oportunidad de tender puentes entre las comunidades.&nbsp;<\/p>\n\n\n\n<p>Para conmemorar el D\u00eda Internacional de la Amistad, la ONU alienta a los gobiernos, las organizaciones internacionales y los grupos de la sociedad civil a celebrar eventos, actividades e iniciativas que contribuyan a los esfuerzos de la comunidad internacional para promover un di\u00e1logo entre civilizaciones, solidaridad, comprensi\u00f3n mutua y reconciliaci\u00f3n.<\/p>\n\n\n\n<p>La resoluci\u00f3n (<a href=\"https:\/\/undocs.org\/es\/A\/RES\/65\/275\">A\/RES\/65\/275<\/a>) pone un especial \u00e9nfasis en la importancia de implicar a los j\u00f3venes y a los futuros l\u00edderes en actividades comunitarias encaminadas a fomentar la inclusi\u00f3n de las distintas culturas y el respeto entre ellas, promoviendo a la vez la comprensi\u00f3n internacional y el respeto de la diversidad.<\/p>\n\n\n\n<p>El D\u00eda Internacional de la Amistad es una iniciativa que se remonta y parte de la propuesta hecha por la UNESCO tratada y aprobada por la Asamblea General de las Naciones Unidas en 1997 (<a href=\"https:\/\/undocs.org\/es\/A\/RES\/52\/13\">A\/RES\/52\/13<\/a>), que defini\u00f3 la Cultura de Paz como un conjunto de valores, actitudes, y conductas que rechazan la violencia y procuran prevenir los conflictos, abordando las causas profundas con el objetivo de resolverlos.&nbsp;<\/p>\n\n\n\n<p>Dos a\u00f1os despu\u00e9s se adoptar\u00eda la Declaraci\u00f3n y Programa de Acci\u00f3n sobre una Cultura de Paz (<a href=\"https:\/\/undocs.org\/es\/A\/RES\/53\/243\">A\/RES\/53\/243<\/a>), la cual\u00a0estableci\u00f3 8 l\u00edneas de acci\u00f3n que las naciones, organismos y personas pueden emprender para que prevalezca una cultura de paz.<\/p>\n\n\n\n<p><\/p>\n\n\n\n<p>un.org<\/p>\n","protected":false},"excerpt":{"rendered":"<p>Un grupo de amigas jugando en una playa de la Franja de Gaza. FOTO:ONU\/Shareef Sarhan Compartir el esp\u00edritu humano a trav\u00e9s de la amistad Nuestro mundo hace frente a muchos desaf\u00edos, crisis y fuerzas divisorias \u2014pobreza, violencia, violaciones de los derechos humanos\u2014 que amenazan la paz, la seguridad, el desarrollo y la armon\u00eda social entre [&hellip;]<\/p>\n","protected":false},"author":1,"featured_media":170351,"comment_status":"closed","ping_status":"closed","sticky":false,"template":"","format":"standard","meta":{"_acf_changed":false,"_jetpack_memberships_contains_paid_content":false,"footnotes":"","jetpack_publicize_message":"","jetpack_publicize_feature_enabled":true,"jetpack_social_post_already_shared":true,"jetpack_social_options":{"image_generator_settings":{"template":"highway","default_image_id":0,"font":"","enabled":false},"version":2}},"categories":[6],"tags":[],"class_list":["post-170350","post","type-post","status-publish","format-standard","has-post-thumbnail","hentry","category-ecologia"],"acf":[],"jetpack_publicize_connections":[],"jetpack_featured_media_url":"https:\/\/i0.wp.com\/sportseco.com\/wp-content\/uploads\/2024\/07\/friendship-day-indx.jpg?fit=1350%2C500&ssl=1","jetpack_sharing_enabled":true,"_links":{"self":[{"href":"https:\/\/sportseco.com\/index.php?rest_route=\/wp\/v2\/posts\/170350","targetHints":{"allow":["GET"]}}],"collection":[{"href":"https:\/\/sportseco.com\/index.php?rest_route=\/wp\/v2\/posts"}],"about":[{"href":"https:\/\/sportseco.com\/index.php?rest_route=\/wp\/v2\/types\/post"}],"author":[{"embeddable":true,"href":"https:\/\/sportseco.com\/index.php?rest_route=\/wp\/v2\/users\/1"}],"replies":[{"embeddable":true,"href":"https:\/\/sportseco.com\/index.php?rest_route=%2Fwp%2Fv2%2Fcomments&post=170350"}],"version-history":[{"count":1,"href":"https:\/\/sportseco.com\/index.php?rest_route=\/wp\/v2\/posts\/170350\/revisions"}],"predecessor-version":[{"id":170352,"href":"https:\/\/sportseco.com\/index.php?rest_route=\/wp\/v2\/posts\/170350\/revisions\/170352"}],"wp:featuredmedia":[{"embeddable":true,"href":"https:\/\/sportseco.com\/index.php?rest_route=\/wp\/v2\/media\/170351"}],"wp:attachment":[{"href":"https:\/\/sportseco.com\/index.php?rest_route=%2Fwp%2Fv2%2Fmedia&parent=170350"}],"wp:term":[{"taxonomy":"category","embeddable":true,"href":"https:\/\/sportseco.com\/index.php?rest_route=%2Fwp%2Fv2%2Fcategories&post=170350"},{"taxonomy":"post_tag","embeddable":true,"href":"https:\/\/sportseco.com\/index.php?rest_route=%2Fwp%2Fv2%2Ftags&post=170350"}],"curies":[{"name":"wp","href":"https:\/\/api.w.org\/{rel}","templated":true}]}}