{"id":170368,"date":"2024-07-30T11:07:33","date_gmt":"2024-07-30T15:07:33","guid":{"rendered":"https:\/\/sportseco.com\/?p=170368"},"modified":"2024-07-30T11:07:39","modified_gmt":"2024-07-30T15:07:39","slug":"parques-nacionales-naturales-de-colombia-celebra-el-dia-internacional-de-la-defensa-del-manglar","status":"publish","type":"post","link":"https:\/\/sportseco.com\/?p=170368","title":{"rendered":"Parques Nacionales Naturales de Colombia Celebra el D\u00eda Internacional de la Defensa del Manglar"},"content":{"rendered":"\n<p>Con el fin de crear conciencia sobre la p\u00e9rdida de los manglares y recordar la importancia de este ecosistema para la mitigaci\u00f3n del cambio clim\u00e1tico y la seguridad alimentaria del planeta, se celebra el&nbsp;<strong>26 de julio el D\u00eda Internacional de la Defensa del Manglar<\/strong>, fecha establecida desde 2015 por la&nbsp;<strong>Conferencia General de la Unesco<\/strong>. Este a\u00f1o,&nbsp;<strong>Parques Nacionales Naturales de Colombia<\/strong>&nbsp;organiz\u00f3 diversas actividades en diferentes \u00e1reas protegidas para conmemorar esta fecha, destacando dos eventos significativos en el&nbsp;<strong>Parque Nacional Natural Corales del Rosario y de San Bernardo, y en el Santuario de Fauna y Flora Ci\u00e9naga Grande de Santa Marta.<\/strong><\/p>\n\n\n\n<h4 class=\"wp-block-heading\">Parque Nacional Natural Corales del Rosario y de San Bernardo<\/h4>\n\n\n\n<p>El&nbsp;<strong>Parque Nacional Natural Corales del Rosario y de San Bernardo,<\/strong>&nbsp;a trav\u00e9s de su programa de educaci\u00f3n ambiental, celebr\u00f3 el&nbsp;<strong>D\u00eda Internacional de la Protecci\u00f3n de los Ecosistemas de Manglar<\/strong>&nbsp;con ni\u00f1os, ni\u00f1as y adolescentes de la Instituci\u00f3n Educativa de Ararca y del corregimiento de Bar\u00fa. Con el apoyo de la&nbsp;<strong>Fundaci\u00f3n Decamer\u00f3n Bar\u00fa, Pulso Verde y Promigas<\/strong>, se llev\u00f3 a cabo un taller pr\u00e1ctico y divertido donde los j\u00f3venes aprendieron sobre la importancia de los manglares y c\u00f3mo protegerlos. Estos ecosistemas ofrecen una gran cantidad de servicios ecosist\u00e9micos, como proteger la l\u00ednea de costa formando una barrera, proveer sombra, producir ox\u00edgeno y servir de refugio para muchas especies.<\/p>\n\n\n\n<p>Durante una salida de campo al sector\u00a0<strong>Pelao en Bar\u00fa<\/strong>, los participantes identificaron tres especies de mangle: Laguncularia racemosa (mangle blanco), Conocarpus erectus (mangle zaragoza) y Rizophora mangle (mangle rojo). Esta actividad reafirm\u00f3 el compromiso del\u00a0<strong>Parque Nacional Natural Corales del Rosario<\/strong>\u00a0con la conservaci\u00f3n de estos valiosos ecosistemas.<\/p>\n\n\n\n<figure class=\"wp-block-image size-full\"><img data-recalc-dims=\"1\" loading=\"lazy\" decoding=\"async\" width=\"640\" height=\"360\" src=\"https:\/\/i0.wp.com\/sportseco.com\/wp-content\/uploads\/2024\/07\/WhatsApp-Image-2024-07-26-at-6.09.08-PM-1024x576-1.jpeg?resize=640%2C360&#038;ssl=1\" alt=\"\" class=\"wp-image-170369\" srcset=\"https:\/\/i0.wp.com\/sportseco.com\/wp-content\/uploads\/2024\/07\/WhatsApp-Image-2024-07-26-at-6.09.08-PM-1024x576-1.jpeg?w=1024&amp;ssl=1 1024w, https:\/\/i0.wp.com\/sportseco.com\/wp-content\/uploads\/2024\/07\/WhatsApp-Image-2024-07-26-at-6.09.08-PM-1024x576-1.jpeg?resize=300%2C169&amp;ssl=1 300w, https:\/\/i0.wp.com\/sportseco.com\/wp-content\/uploads\/2024\/07\/WhatsApp-Image-2024-07-26-at-6.09.08-PM-1024x576-1.jpeg?resize=768%2C432&amp;ssl=1 768w\" sizes=\"auto, (max-width: 640px) 100vw, 640px\" \/><\/figure>\n\n\n\n<p><a href=\"https:\/\/www.parquesnacionales.gov.co\/wp-content\/uploads\/2024\/07\/WhatsApp-Image-2024-07-26-at-6.09.08-PM-1024x576.jpeg\"><\/a><\/p>\n\n\n\n<p><a href=\"https:\/\/www.parquesnacionales.gov.co\/wp-content\/uploads\/2024\/07\/WhatsApp-Image-2024-07-26-at-6.06.53-PM-1-1024x683.jpeg\"><\/a><\/p>\n\n\n\n<p><a href=\"https:\/\/www.parquesnacionales.gov.co\/wp-content\/uploads\/2024\/07\/WhatsApp-Image-2024-07-26-at-6.06.51-PM-1-1024x682.jpeg\"><\/a><\/p>\n\n\n\n<h4 class=\"wp-block-heading\">Santuario de Fauna y Flora Ci\u00e9naga Grande de Santa Marta<\/h4>\n\n\n\n<p>En el&nbsp;<strong>Santuario de Fauna y Flora Ci\u00e9naga Grande de Santa Marta<\/strong>&nbsp;se desarroll\u00f3 el primer encuentro de experiencias y compromisos por el manglar, en coordinaci\u00f3n con comunidades locales, para conmemorar el&nbsp;<strong>D\u00eda Internacional de la Defensa del Manglar<\/strong>. El prop\u00f3sito de esta actividad fue generar conciencia sobre la importancia de conservar estos ecosistemas en el territorio del humedal de la&nbsp;<strong>Ci\u00e9naga Grande de Santa Marta<\/strong>.<\/p>\n\n\n\n<p>En este primer encuentro participaron diversas asociaciones, incluyendo pescadores, turismo ecol\u00f3gico y mujeres dedicadas a la restauraci\u00f3n ecol\u00f3gica. Entre las asociaciones participantes se encontraban Criapez, Asopebue, Manglares, Amigos del Medio Ambiente, Cultura, Viajando con Gabi, Mujeres Resilientes de Tasajera Cultivando Vida y la Instituci\u00f3n Educativa San Jos\u00e9 de Buenavista del corregimiento del municipio de Sitio Nuevo, zona de influencia del&nbsp;<strong>\u00c1rea Protegida<\/strong>.<\/p>\n\n\n\n<p>Estos eventos destacaron la importancia de los manglares y el compromiso de\u00a0<strong>Parques Nacionales Naturales de Colombia<\/strong>\u00a0y las comunidades locales para su conservaci\u00f3n, fortaleciendo el trabajo conjunto para proteger estos ecosistemas vitales para nuestro planeta.<\/p>\n\n\n\n<figure class=\"wp-block-image size-full\"><img data-recalc-dims=\"1\" loading=\"lazy\" decoding=\"async\" width=\"640\" height=\"360\" src=\"https:\/\/i0.wp.com\/sportseco.com\/wp-content\/uploads\/2024\/07\/IMG-20240726-WA0017-1024x576-1.jpg?resize=640%2C360&#038;ssl=1\" alt=\"\" class=\"wp-image-170370\" srcset=\"https:\/\/i0.wp.com\/sportseco.com\/wp-content\/uploads\/2024\/07\/IMG-20240726-WA0017-1024x576-1.jpg?w=1024&amp;ssl=1 1024w, https:\/\/i0.wp.com\/sportseco.com\/wp-content\/uploads\/2024\/07\/IMG-20240726-WA0017-1024x576-1.jpg?resize=300%2C169&amp;ssl=1 300w, https:\/\/i0.wp.com\/sportseco.com\/wp-content\/uploads\/2024\/07\/IMG-20240726-WA0017-1024x576-1.jpg?resize=768%2C432&amp;ssl=1 768w\" sizes=\"auto, (max-width: 640px) 100vw, 640px\" \/><\/figure>\n\n\n\n<p><\/p>\n\n\n\n<p>parquesnacionales.gov.co<a href=\"https:\/\/www.parquesnacionales.gov.co\/wp-content\/uploads\/2024\/07\/IMG-20240726-WA0027-576x1024.jpg\"><\/a><\/p>\n\n\n\n<p><a href=\"https:\/\/www.parquesnacionales.gov.co\/wp-content\/uploads\/2024\/07\/IMG-20240726-WA0029-576x1024.jpg\"><\/a><\/p>\n\n\n\n<p><a href=\"https:\/\/www.parquesnacionales.gov.co\/wp-content\/uploads\/2024\/07\/IMG-20240726-WA0017-1024x576.jpg\"><\/a><\/p>\n","protected":false},"excerpt":{"rendered":"<p>Con el fin de crear conciencia sobre la p\u00e9rdida de los manglares y recordar la importancia de este ecosistema para la mitigaci\u00f3n del cambio clim\u00e1tico y la seguridad alimentaria del planeta, se celebra el&nbsp;26 de julio el D\u00eda Internacional de la Defensa del Manglar, fecha establecida desde 2015 por la&nbsp;Conferencia General de la Unesco. Este [&hellip;]<\/p>\n","protected":false},"author":1,"featured_media":170371,"comment_status":"closed","ping_status":"closed","sticky":false,"template":"","format":"standard","meta":{"_acf_changed":false,"_jetpack_memberships_contains_paid_content":false,"footnotes":"","jetpack_publicize_message":"","jetpack_publicize_feature_enabled":true,"jetpack_social_post_already_shared":true,"jetpack_social_options":{"image_generator_settings":{"template":"highway","default_image_id":0,"font":"","enabled":false},"version":2}},"categories":[6],"tags":[],"class_list":["post-170368","post","type-post","status-publish","format-standard","has-post-thumbnail","hentry","category-ecologia"],"acf":[],"jetpack_publicize_connections":[],"jetpack_featured_media_url":"https:\/\/i0.wp.com\/sportseco.com\/wp-content\/uploads\/2024\/07\/Mangle-scaled-e1722290025290.jpg?fit=2560%2C1228&ssl=1","jetpack_sharing_enabled":true,"_links":{"self":[{"href":"https:\/\/sportseco.com\/index.php?rest_route=\/wp\/v2\/posts\/170368","targetHints":{"allow":["GET"]}}],"collection":[{"href":"https:\/\/sportseco.com\/index.php?rest_route=\/wp\/v2\/posts"}],"about":[{"href":"https:\/\/sportseco.com\/index.php?rest_route=\/wp\/v2\/types\/post"}],"author":[{"embeddable":true,"href":"https:\/\/sportseco.com\/index.php?rest_route=\/wp\/v2\/users\/1"}],"replies":[{"embeddable":true,"href":"https:\/\/sportseco.com\/index.php?rest_route=%2Fwp%2Fv2%2Fcomments&post=170368"}],"version-history":[{"count":1,"href":"https:\/\/sportseco.com\/index.php?rest_route=\/wp\/v2\/posts\/170368\/revisions"}],"predecessor-version":[{"id":170372,"href":"https:\/\/sportseco.com\/index.php?rest_route=\/wp\/v2\/posts\/170368\/revisions\/170372"}],"wp:featuredmedia":[{"embeddable":true,"href":"https:\/\/sportseco.com\/index.php?rest_route=\/wp\/v2\/media\/170371"}],"wp:attachment":[{"href":"https:\/\/sportseco.com\/index.php?rest_route=%2Fwp%2Fv2%2Fmedia&parent=170368"}],"wp:term":[{"taxonomy":"category","embeddable":true,"href":"https:\/\/sportseco.com\/index.php?rest_route=%2Fwp%2Fv2%2Fcategories&post=170368"},{"taxonomy":"post_tag","embeddable":true,"href":"https:\/\/sportseco.com\/index.php?rest_route=%2Fwp%2Fv2%2Ftags&post=170368"}],"curies":[{"name":"wp","href":"https:\/\/api.w.org\/{rel}","templated":true}]}}