{"id":170379,"date":"2024-07-30T13:17:24","date_gmt":"2024-07-30T17:17:24","guid":{"rendered":"https:\/\/sportseco.com\/?p=170379"},"modified":"2024-07-30T13:17:27","modified_gmt":"2024-07-30T17:17:27","slug":"agendate-para-el-i-foro-nacional-de-turismo-de-naturaleza-regenerativo-cali-2024","status":"publish","type":"post","link":"https:\/\/sportseco.com\/?p=170379","title":{"rendered":"\u00a1Ag\u00e9ndate para el I Foro Nacional de Turismo de Naturaleza Regenerativo Cali 2024!"},"content":{"rendered":"\n<figure class=\"wp-block-image\"><img data-recalc-dims=\"1\" decoding=\"async\" src=\"https:\/\/i0.wp.com\/www.cali.gov.co\/turismo\/publicaciones\/182237\/agendate-para-el-i-foro-nacional-de-turismo-de-naturaleza--regenerativo-cali-2024\/info\/principal\/media\/pubInt\/thumbs\/thpub_700X400_182237.jpg?w=640&#038;ssl=1\" alt=\"\u00a1Ag\u00e9ndate para el I Foro Nacional de Turismo de Naturaleza  Regenerativo Cali 2024!\"\/><\/figure>\n\n\n\n<p><strong>Santiago de&nbsp; Cali, Valle del Cauca.<\/strong><br \/><br \/>Los d\u00edas 1 y 2 de agosto, Cali ser\u00e1 sede del I Foro Nacional de Naturaleza Regenerativo, un evento previo a la COP16 donde se discutir\u00e1n estrategias innovadoras y transformadoras que buscan generar un impacto positivo en la sociedad y el medioambiente a trav\u00e9s del turismo.<br \/><br \/>La Alcald\u00eda de Cali, desde su Secretar\u00eda de Turismo, junto con el Ministerio de Ciencias, el Programa Destino Naturaleza de USAID y WWF, se han unido para la realizaci\u00f3n de este evento con el fin de promover un enfoque de conservaci\u00f3n dentro de la cadena de valor del sector tur\u00edstico del pa\u00eds.<br \/><br \/>Durante los dos d\u00edas del foro se discutir\u00e1 el modelo de turismo de naturaleza regenerativo implementado por Destino Naturaleza en Colombia con el apoyo de USAID, el cual propone un cambio de paradigma y va m\u00e1s all\u00e1 del turismo de naturaleza sostenible.<br \/><br \/>Es importante destacar que el foro consta de tres momentos principales: uno te\u00f3rico, con conferencias de expertos de las organizaciones anfitrionas; uno inspiracional, con charlas cortas de empresarios y emprendedores del sector que compartir\u00e1n sus casos de \u00e9xito en turismo de naturaleza regenerativo; y uno experiencial.<br \/><br \/>En el primer momento, que se llevar\u00e1 a cabo el 1 de agosto, destacados conferencistas nacionales discutir\u00e1n y expondr\u00e1n proyectos que buscan visibilizar el papel que juega el turismo para transformar a las personas y al planeta.<br \/><br \/>Juli\u00e1n Guerrero Orozco, director del Programa Destino Naturaleza de USAID; Natalia Beatriz Comba Gonz\u00e1lez, coordinadora del Programa Colombia Bio del Ministerio de Ciencia, Tecnolog\u00eda e Innovaci\u00f3n; y Jair Mendoza, experto en Turismo Sostenible y Regenerativo de WWF, dirigir\u00e1n la conversaci\u00f3n en la ma\u00f1ana del primer d\u00eda de la agenda. Posteriormente, en el segundo momento, agentes del sector compartir\u00e1n historias de transformaci\u00f3n a trav\u00e9s del turismo de naturaleza regenerativo.<br \/><br \/>El tercer momento, programado para el 2 de agosto, tendr\u00e1 lugar \u00fanicamente con invitaci\u00f3n y llevar\u00e1 a 100 asistentes del foro a una serie de expediciones cient\u00edficas bajo el modelo de Colombia Bio del Ministerio de Ciencias.<br \/><br \/>Es importante destacar que este Foro buscar\u00e1 crear conciencia sobre la biodiversidad como recurso fundamental para el turismo y sobre el papel que tiene el sector en su cuidado, conservaci\u00f3n y restauraci\u00f3n, prepar\u00e1ndose para que la cadena de valor del turismo sea anfitriona de la Conferencia de Biodiversidad m\u00e1s importante del mundo.<\/p>\n\n\n\n<p>cali.gov.co<\/p>\n","protected":false},"excerpt":{"rendered":"<p>Santiago de&nbsp; Cali, Valle del Cauca. Los d\u00edas 1 y 2 de agosto, Cali ser\u00e1 sede del I Foro Nacional de Naturaleza Regenerativo, un evento previo a la COP16 donde se discutir\u00e1n estrategias innovadoras y transformadoras que buscan generar un impacto positivo en la sociedad y el medioambiente a trav\u00e9s del turismo. La Alcald\u00eda de [&hellip;]<\/p>\n","protected":false},"author":1,"featured_media":170380,"comment_status":"closed","ping_status":"closed","sticky":false,"template":"","format":"standard","meta":{"_acf_changed":false,"_jetpack_memberships_contains_paid_content":false,"footnotes":"","jetpack_publicize_message":"","jetpack_publicize_feature_enabled":true,"jetpack_social_post_already_shared":true,"jetpack_social_options":{"image_generator_settings":{"template":"highway","default_image_id":0,"font":"","enabled":false},"version":2}},"categories":[6],"tags":[],"class_list":["post-170379","post","type-post","status-publish","format-standard","has-post-thumbnail","hentry","category-ecologia"],"acf":[],"jetpack_publicize_connections":[],"jetpack_featured_media_url":"https:\/\/i0.wp.com\/sportseco.com\/wp-content\/uploads\/2024\/07\/thpub_700X400_182237.jpg?fit=669%2C400&ssl=1","jetpack_sharing_enabled":true,"_links":{"self":[{"href":"https:\/\/sportseco.com\/index.php?rest_route=\/wp\/v2\/posts\/170379","targetHints":{"allow":["GET"]}}],"collection":[{"href":"https:\/\/sportseco.com\/index.php?rest_route=\/wp\/v2\/posts"}],"about":[{"href":"https:\/\/sportseco.com\/index.php?rest_route=\/wp\/v2\/types\/post"}],"author":[{"embeddable":true,"href":"https:\/\/sportseco.com\/index.php?rest_route=\/wp\/v2\/users\/1"}],"replies":[{"embeddable":true,"href":"https:\/\/sportseco.com\/index.php?rest_route=%2Fwp%2Fv2%2Fcomments&post=170379"}],"version-history":[{"count":1,"href":"https:\/\/sportseco.com\/index.php?rest_route=\/wp\/v2\/posts\/170379\/revisions"}],"predecessor-version":[{"id":170381,"href":"https:\/\/sportseco.com\/index.php?rest_route=\/wp\/v2\/posts\/170379\/revisions\/170381"}],"wp:featuredmedia":[{"embeddable":true,"href":"https:\/\/sportseco.com\/index.php?rest_route=\/wp\/v2\/media\/170380"}],"wp:attachment":[{"href":"https:\/\/sportseco.com\/index.php?rest_route=%2Fwp%2Fv2%2Fmedia&parent=170379"}],"wp:term":[{"taxonomy":"category","embeddable":true,"href":"https:\/\/sportseco.com\/index.php?rest_route=%2Fwp%2Fv2%2Fcategories&post=170379"},{"taxonomy":"post_tag","embeddable":true,"href":"https:\/\/sportseco.com\/index.php?rest_route=%2Fwp%2Fv2%2Ftags&post=170379"}],"curies":[{"name":"wp","href":"https:\/\/api.w.org\/{rel}","templated":true}]}}