{"id":170418,"date":"2024-07-31T08:25:18","date_gmt":"2024-07-31T12:25:18","guid":{"rendered":"https:\/\/sportseco.com\/?p=170418"},"modified":"2024-07-31T08:25:23","modified_gmt":"2024-07-31T12:25:23","slug":"convocatoria-para-emprendedores-en-la-cop16-unete-a-la-feria-de-emprendimiento-y-mercados-campesinos","status":"publish","type":"post","link":"https:\/\/sportseco.com\/?p=170418","title":{"rendered":"Convocatoria para emprendedores en la COP16: \u00a1\u00danete a la Feria de Emprendimiento y Mercados Campesinos!"},"content":{"rendered":"\n<figure class=\"wp-block-image\"><img data-recalc-dims=\"1\" decoding=\"async\" src=\"https:\/\/i0.wp.com\/www.cali.gov.co\/desarrolloeconomico\/publicaciones\/182245\/convocatoria-para-emprendedores-en-la-cop16-unete-a-la-feria-de-emprendimiento-y-mercados-campesinos\/info\/principal\/media\/pubInt\/thumbs\/thpub_700X400_182245.jpg?w=640&#038;ssl=1\" alt=\"Convocatoria para emprendedores en la COP16: \u00a1\u00danete a la Feria de Emprendimiento y Mercados Campesinos!\"\/><\/figure>\n\n\n\n<blockquote class=\"wp-block-quote is-layout-flow wp-block-quote-is-layout-flow\">\n<ul class=\"wp-block-list\">\n<li><em>La convocatoria est\u00e1 dirigida a emprendedores, artesanos, campesinos y productores rurales\u00a0 que est\u00e9n registrados ante la C\u00e1mara de Comercio de Cali.<\/em><br \/>\u00a0<\/li>\n\n\n\n<li><em>Las inscripciones se llevar\u00e1n a cabo en la Unidad Deportiva Alberto Galindo, del 25 de julio al 18 de agosto de 2024.<\/em><\/li>\n<\/ul>\n<\/blockquote>\n\n\n\n<p><strong>Santiago de Cali, 30 de julio de 2024<\/strong><br \/><br \/>En el marco de la COP16, la Alcald\u00eda de Santiago de Cali, con el respaldo del Gobierno Nacional y la Gobernaci\u00f3n del Valle del Cauca, se llevar\u00e1 a cabo el Circuito de la Biodiversidad. Este evento busca fomentar la participaci\u00f3n ciudadana a trav\u00e9s de la educaci\u00f3n ambiental, las expresiones culturales, el apoyo a los emprendedores y los mercados campesinos.<br \/><br \/>El Circuito de la Biodiversidad es un espacio de integraci\u00f3n ciudadana que est\u00e1 compuesto por una feria de emprendimientos sostenibles enfocados en soluciones basadas en la naturaleza y que representan el patrimonio cultural de la regi\u00f3n de tipo art\u00edstico, gastron\u00f3mico y tur\u00edstico. Tiene como objetivo visibilizar el talento creativo cale\u00f1o, brindar oportunidades de generaci\u00f3n de ingresos locales y promover&nbsp; la conciencia ciudadana acerca de la conservaci\u00f3n de los recursos naturales y la sostenibilidad.<br \/><br \/>En esta oportunidad podr\u00e1n participar de la&nbsp;<strong>Feria de Emprendimiento y Mercados Campesinos,&nbsp;<\/strong>emprendedores, artesanos, campesinos y productores rurales&nbsp; que est\u00e9n registrados ante la C\u00e1mara de Comercio de Cali.<br \/><br \/><strong>Informaci\u00f3n para participar en la convocatoria<\/strong><br \/><br \/>Ubicaci\u00f3n: Unidad Deportiva Alberto Galindo&nbsp;<br \/>Inicio: Julio 25 de 2024&nbsp;<br \/>Cierre: agosto 11 de 2024&nbsp;<br \/><br \/><strong>Inscripci\u00f3n<\/strong>:<br \/>Inscribirse aqu\u00ed:&nbsp;<strong><em><a href=\"https:\/\/docs.google.com\/forms\/d\/e\/1FAIpQLSe1lcaMfEgHLz9HFKA0yYnmb2Evl-wefuuqOURlXqvkcA1fQw\/viewform\" target=\"_blank\" rel=\"noreferrer noopener\">Clic Aqu\u00ed<\/a><\/em><\/strong><br \/>M\u00e1s informaci\u00f3n:&nbsp;<a href=\"https:\/\/www.cali.gov.co\/\" target=\"_blank\" rel=\"noreferrer noopener\">https:\/\/www.cali.gov.co\/<\/a><br \/><br \/>Esta ser\u00e1&nbsp; una gran oportunidad para que nuestros emprendedores, artesanos, campesinos y productores rurales muestren sus talentos y fortalezcan su visibilidad en dicha feria. Este evento ser\u00e1 una vitrina para la riqueza cultural y productiva de nuestra regi\u00f3n.<\/p>\n\n\n\n<p>cali.gov.co<\/p>\n","protected":false},"excerpt":{"rendered":"<p>Santiago de Cali, 30 de julio de 2024 En el marco de la COP16, la Alcald\u00eda de Santiago de Cali, con el respaldo del Gobierno Nacional y la Gobernaci\u00f3n del Valle del Cauca, se llevar\u00e1 a cabo el Circuito de la Biodiversidad. Este evento busca fomentar la participaci\u00f3n ciudadana a trav\u00e9s de la educaci\u00f3n ambiental, [&hellip;]<\/p>\n","protected":false},"author":1,"featured_media":170419,"comment_status":"closed","ping_status":"closed","sticky":false,"template":"","format":"standard","meta":{"_acf_changed":false,"_jetpack_memberships_contains_paid_content":false,"footnotes":"","jetpack_publicize_message":"","jetpack_publicize_feature_enabled":true,"jetpack_social_post_already_shared":true,"jetpack_social_options":{"image_generator_settings":{"template":"highway","default_image_id":0,"font":"","enabled":false},"version":2}},"categories":[6],"tags":[],"class_list":["post-170418","post","type-post","status-publish","format-standard","has-post-thumbnail","hentry","category-ecologia"],"acf":[],"jetpack_publicize_connections":[],"jetpack_featured_media_url":"https:\/\/i0.wp.com\/sportseco.com\/wp-content\/uploads\/2024\/07\/thpub_700X400_182245.jpg?fit=668%2C400&ssl=1","jetpack_sharing_enabled":true,"_links":{"self":[{"href":"https:\/\/sportseco.com\/index.php?rest_route=\/wp\/v2\/posts\/170418","targetHints":{"allow":["GET"]}}],"collection":[{"href":"https:\/\/sportseco.com\/index.php?rest_route=\/wp\/v2\/posts"}],"about":[{"href":"https:\/\/sportseco.com\/index.php?rest_route=\/wp\/v2\/types\/post"}],"author":[{"embeddable":true,"href":"https:\/\/sportseco.com\/index.php?rest_route=\/wp\/v2\/users\/1"}],"replies":[{"embeddable":true,"href":"https:\/\/sportseco.com\/index.php?rest_route=%2Fwp%2Fv2%2Fcomments&post=170418"}],"version-history":[{"count":1,"href":"https:\/\/sportseco.com\/index.php?rest_route=\/wp\/v2\/posts\/170418\/revisions"}],"predecessor-version":[{"id":170420,"href":"https:\/\/sportseco.com\/index.php?rest_route=\/wp\/v2\/posts\/170418\/revisions\/170420"}],"wp:featuredmedia":[{"embeddable":true,"href":"https:\/\/sportseco.com\/index.php?rest_route=\/wp\/v2\/media\/170419"}],"wp:attachment":[{"href":"https:\/\/sportseco.com\/index.php?rest_route=%2Fwp%2Fv2%2Fmedia&parent=170418"}],"wp:term":[{"taxonomy":"category","embeddable":true,"href":"https:\/\/sportseco.com\/index.php?rest_route=%2Fwp%2Fv2%2Fcategories&post=170418"},{"taxonomy":"post_tag","embeddable":true,"href":"https:\/\/sportseco.com\/index.php?rest_route=%2Fwp%2Fv2%2Ftags&post=170418"}],"curies":[{"name":"wp","href":"https:\/\/api.w.org\/{rel}","templated":true}]}}