{"id":170427,"date":"2024-07-31T11:44:09","date_gmt":"2024-07-31T15:44:09","guid":{"rendered":"https:\/\/sportseco.com\/?p=170427"},"modified":"2024-07-31T11:44:14","modified_gmt":"2024-07-31T15:44:14","slug":"colombia-sera-sede-del-primer-foro-latinoamericano-y-del-caribe-sobre-metas-climaticas-al-2030","status":"publish","type":"post","link":"https:\/\/sportseco.com\/?p=170427","title":{"rendered":"Colombia ser\u00e1 sede del primer Foro Latinoamericano y del Caribe sobre metas clim\u00e1ticas al 2030"},"content":{"rendered":"\n<figure class=\"wp-block-image\"><img data-recalc-dims=\"1\" decoding=\"async\" src=\"https:\/\/i0.wp.com\/www.minambiente.gov.co\/wp-content\/uploads\/2024\/07\/Foro-Regional-.jpg?w=640&#038;ssl=1\" alt=\"Colombia ser\u00e1 sede del primer Foro Latinoamericano y del Caribe sobre metas clim\u00e1ticas al 2030\" title=\"Colombia ser\u00e1 sede del primer Foro Latinoamericano y del Caribe sobre metas clim\u00e1ticas al 2030\"\/><\/figure>\n\n\n\n<ul class=\"wp-block-list\">\n<li>Este evento se realizar\u00e1 del 27 al 30 de agosto en Bogot\u00e1 y congregar\u00e1 a m\u00e1s de 160 participantes de 26 pa\u00edses e islas de la regi\u00f3n.<\/li>\n\n\n\n<li>El foro ser\u00e1 un espacio estrat\u00e9gico para la articulaci\u00f3n de las agendas de biodiversidad y cambio clim\u00e1tico.<\/li>\n<\/ul>\n\n\n\n<p><strong>Bogot\u00e1, 30 de julio de 2024<\/strong>&nbsp;<strong>(@Minambienteco)<\/strong>&nbsp;\u2013 Colombia fue seleccionada como sede oficial del primer Foro Latinoamericano y del Caribe sobre las Contribuciones Determinadas a Nivel Nacional (NDC), las metas clim\u00e1ticas que han establecido los pa\u00edses en el marco del Acuerdo de Par\u00eds para limitar el aumento de la temperatura del planeta a 1.5\u00b0C.<\/p>\n\n\n\n<p>Este foro, que se realizar\u00e1 en Bogot\u00e1 y reunir\u00e1 a m\u00e1s de 26 pa\u00edses de la regi\u00f3n, es una realidad gracias a la postulaci\u00f3n de Colombia como pa\u00eds anfitri\u00f3n por parte de la Convenci\u00f3n Marco de las Naciones Unidas sobre el Cambio Clim\u00e1tico, ante el Programa de las Naciones Unidas para el Medio Ambiente (PNUMA).<\/p>\n\n\n\n<p>El objetivo principal del evento es avanzar en la implementaci\u00f3n de los compromisos clim\u00e1ticos de los pa\u00edses de la regi\u00f3n en l\u00ednea con las metas establecidas en el Acuerdo de Par\u00eds.<\/p>\n\n\n\n<p>Las tem\u00e1ticas que abordar\u00e1 incluyen: balance mundial, lecciones aprendidas, nuevos compromisos clim\u00e1ticos ante el Acuerdo de Par\u00eds, canje de deuda por biodiversidad, reforma financiera internacional y estrategias financieras.<\/p>\n\n\n\n<p>\u00abEste encuentro regional facilitar\u00e1 un valioso intercambio de experiencias para enfrentar el cambio clim\u00e1tico y generar\u00e1 espacios de colaboraci\u00f3n. Adem\u00e1s, reafirmaremos nuestro compromiso en crear sinergias y establecer l\u00edneas claras de articulaci\u00f3n entre los acuerdos de biodiversidad y cambio clim\u00e1tico, para fortalecer la adaptaci\u00f3n y promover principios de Paz con la Naturaleza, derechos humanos y otros enfoques transversales como g\u00e9nero, intergeneracional, justicia clim\u00e1tica e inclusi\u00f3n \u00e9tnica, rural y territorial\u00bb, afirm\u00f3 la ministra de Ambiente y Desarrollo Sostenible, Susana Muhamad.<\/p>\n\n\n\n<p>La ministra tambi\u00e9n destac\u00f3 que la selecci\u00f3n de Colombia como sede para este evento ratifica el liderazgo del pa\u00eds en la agenda ambiental internacional, sobre todo en materia de acci\u00f3n clim\u00e1tica. En este sentido, el foro ser\u00e1 una plataforma estrat\u00e9gica para liderar la integraci\u00f3n de las agendas de biodiversidad y cambio clim\u00e1tico. Asimismo, permitir\u00e1 considerar el establecimiento de posibles metas regionales o subregionales que refuercen los procesos de negociaci\u00f3n internacionales en estas dos \u00e1reas cr\u00edticas.<\/p>\n\n\n\n<p>minambiente.gov.co<\/p>\n\n\n\n<h2 class=\"wp-block-heading\"><\/h2>\n","protected":false},"excerpt":{"rendered":"<p>Bogot\u00e1, 30 de julio de 2024&nbsp;(@Minambienteco)&nbsp;\u2013 Colombia fue seleccionada como sede oficial del primer Foro Latinoamericano y del Caribe sobre las Contribuciones Determinadas a Nivel Nacional (NDC), las metas clim\u00e1ticas que han establecido los pa\u00edses en el marco del Acuerdo de Par\u00eds para limitar el aumento de la temperatura del planeta a 1.5\u00b0C. Este foro, [&hellip;]<\/p>\n","protected":false},"author":1,"featured_media":170428,"comment_status":"closed","ping_status":"closed","sticky":false,"template":"","format":"standard","meta":{"_acf_changed":false,"_jetpack_memberships_contains_paid_content":false,"footnotes":"","jetpack_publicize_message":"","jetpack_publicize_feature_enabled":true,"jetpack_social_post_already_shared":true,"jetpack_social_options":{"image_generator_settings":{"template":"highway","default_image_id":0,"font":"","enabled":false},"version":2}},"categories":[6],"tags":[],"class_list":["post-170427","post","type-post","status-publish","format-standard","has-post-thumbnail","hentry","category-ecologia"],"acf":[],"jetpack_publicize_connections":[],"jetpack_featured_media_url":"https:\/\/i0.wp.com\/sportseco.com\/wp-content\/uploads\/2024\/07\/Foro-Regional-.jpg?fit=799%2C533&ssl=1","jetpack_sharing_enabled":true,"_links":{"self":[{"href":"https:\/\/sportseco.com\/index.php?rest_route=\/wp\/v2\/posts\/170427","targetHints":{"allow":["GET"]}}],"collection":[{"href":"https:\/\/sportseco.com\/index.php?rest_route=\/wp\/v2\/posts"}],"about":[{"href":"https:\/\/sportseco.com\/index.php?rest_route=\/wp\/v2\/types\/post"}],"author":[{"embeddable":true,"href":"https:\/\/sportseco.com\/index.php?rest_route=\/wp\/v2\/users\/1"}],"replies":[{"embeddable":true,"href":"https:\/\/sportseco.com\/index.php?rest_route=%2Fwp%2Fv2%2Fcomments&post=170427"}],"version-history":[{"count":1,"href":"https:\/\/sportseco.com\/index.php?rest_route=\/wp\/v2\/posts\/170427\/revisions"}],"predecessor-version":[{"id":170429,"href":"https:\/\/sportseco.com\/index.php?rest_route=\/wp\/v2\/posts\/170427\/revisions\/170429"}],"wp:featuredmedia":[{"embeddable":true,"href":"https:\/\/sportseco.com\/index.php?rest_route=\/wp\/v2\/media\/170428"}],"wp:attachment":[{"href":"https:\/\/sportseco.com\/index.php?rest_route=%2Fwp%2Fv2%2Fmedia&parent=170427"}],"wp:term":[{"taxonomy":"category","embeddable":true,"href":"https:\/\/sportseco.com\/index.php?rest_route=%2Fwp%2Fv2%2Fcategories&post=170427"},{"taxonomy":"post_tag","embeddable":true,"href":"https:\/\/sportseco.com\/index.php?rest_route=%2Fwp%2Fv2%2Ftags&post=170427"}],"curies":[{"name":"wp","href":"https:\/\/api.w.org\/{rel}","templated":true}]}}