{"id":170448,"date":"2024-07-31T17:48:33","date_gmt":"2024-07-31T21:48:33","guid":{"rendered":"https:\/\/sportseco.com\/?p=170448"},"modified":"2024-07-31T17:48:38","modified_gmt":"2024-07-31T21:48:38","slug":"asi-avanza-la-construccion-del-primer-puente-peatonal-vivo-de-cali","status":"publish","type":"post","link":"https:\/\/sportseco.com\/?p=170448","title":{"rendered":"As\u00ed avanza la construcci\u00f3n del primer puente peatonal \u2018vivo\u2019 de Cali"},"content":{"rendered":"\n<figure class=\"wp-block-image\"><img data-recalc-dims=\"1\" decoding=\"async\" src=\"https:\/\/i0.wp.com\/www.cali.gov.co\/vivienda\/publicaciones\/182254\/asi-avanza-la-construccion-del-primer-puente-peatonal-vivo-de-cali\/info\/principal\/media\/pubInt\/thumbs\/thpub_700X400_182254.jpg?w=640&#038;ssl=1\" alt=\"As\u00ed avanza la construcci\u00f3n del primer puente peatonal \u2018vivo\u2019 de Cali\"\/><\/figure>\n\n\n\n<p>Este corredor ecol\u00f3gico tendr\u00e1 una longitud de m\u00e1s de 45 metros y una anchura de 10 metros.<\/p>\n\n\n\n<blockquote class=\"wp-block-quote is-layout-flow wp-block-quote-is-layout-flow\">\n<ul class=\"wp-block-list\">\n<li><em>El primer puente peatonal \u2018vivo\u2019 de Cali es una estructura que facilitar\u00e1 el tr\u00e1nsito de los peatones y promover\u00e1 la conservaci\u00f3n de la fauna local.<\/em><\/li>\n<\/ul>\n\n\n\n<ul class=\"wp-block-list\">\n<li><em>El nuevo puente conecta el barrio San Fernando con el sector de Cristales.<\/em><\/li>\n<\/ul>\n<\/blockquote>\n\n\n\n<p><strong>Santiago de Cali, 31 de julio de 2024<\/strong><br \/><br \/>En el marco de los esfuerzos por recuperar a Cali, una ciudad reconocida por su rica biodiversidad, la Secretar\u00eda de Vivienda Social y H\u00e1bitat Distrital avanza con el innovador\u00a0<em>Proyecto Integral Cristo Rey<\/em>. El mismo, incluye la construcci\u00f3n del\u00a0<em>primer puente peatonal \u2018vivo\u2019<\/em>\u00a0de la ciudad, una estructura que no solo facilitar\u00e1 el tr\u00e1nsito de los peatones, sino que tambi\u00e9n promover\u00e1 la conservaci\u00f3n de la fauna local.<br \/><br \/>El nuevo puente, que conecta el barrio San Fernando con el sector de Cristales, es una muestra del compromiso que tiene el alcalde Alejandro Eder con la sostenibilidad y la recuperaci\u00f3n de los espacios urbanos.<br \/><br \/>Este corredor ecol\u00f3gico, que tendr\u00e1 una longitud de m\u00e1s de 45 metros y una anchura de 10 metros, ofrecer\u00e1 una plataforma \u00fanica para observar el cerro de Las Tres Cruces y los Farallones de Cali, convirti\u00e9ndose en un nuevo atractivo para locales y visitantes.<br \/><br \/>Mar\u00eda del Mar Mozo, secretaria de Vivienda Social y H\u00e1bitat de Cali, destac\u00f3 los beneficios ambientales y de movilidad del proyecto.\u00a0<em>\u201cPronto iniciaremos la construcci\u00f3n de materas con diversas especies de flora, creando un corredor verde. Tambi\u00e9n se instalar\u00e1n 100 metros de barandas met\u00e1licas para la seguridad de los usuarios. Este proyecto no solo mejorar\u00e1 la conectividad peatonal, sino que tambi\u00e9n contribuir\u00e1 a la conservaci\u00f3n ambiental en nuestra ciudad. Para la COP16 podremos disfrutar de esta maravilla\u201d<\/em>, describi\u00f3.<br \/><br \/>Las obras est\u00e1n siendo realizadas principalmente durante la noche, para minimizar el impacto en la movilidad del sector. Actualmente, la obra del\u00a0<em>tramo 2<\/em>\u00a0del\u00a0<em>Proyecto Integral Cristo Rey<\/em>, en sus dos fases, ha alcanzado un avance del 85%.<br \/><br \/>Esta infraestructura no solo representa un avance en t\u00e9rminos de conectividad y seguridad para los ciudadanos sino que, adem\u00e1s, reafirma el compromiso de la Administraci\u00f3n Distrital con la protecci\u00f3n del medio ambiente y el fomento de un turismo sostenible en\u00a0<em>\u2018Cali, Capital Pac\u00edfica de Colombia\u2019<\/em>.<br \/><br \/><\/p>\n\n\n\n<figure class=\"wp-block-embed is-type-video is-provider-youtube wp-block-embed-youtube wp-embed-aspect-16-9 wp-has-aspect-ratio\"><div class=\"wp-block-embed__wrapper\">\n<iframe loading=\"lazy\" title=\"Asi\u0301 avanza la construccio\u0301n del primer puente peatonal \u2018vivo\u2019 de Cali\" width=\"640\" height=\"360\" src=\"https:\/\/www.youtube.com\/embed\/ia11PdTSark?feature=oembed\" frameborder=\"0\" allow=\"accelerometer; autoplay; clipboard-write; encrypted-media; gyroscope; picture-in-picture; web-share\" referrerpolicy=\"strict-origin-when-cross-origin\" allowfullscreen><\/iframe>\n<\/div><\/figure>\n\n\n\n<figure class=\"wp-block-embed is-type-rich is-provider-gestor-del-servicio wp-block-embed-gestor-del-servicio\"><div class=\"wp-block-embed__wrapper\">\nhttps:\/\/youtube.com\/watch?v=ia11PdTSark%3Fmodestbranding%3D1\n<\/div><\/figure>\n\n\n\n<ul class=\"wp-block-list\">\n<li><a href=\"https:\/\/www.cali.gov.co\/vivienda\/publicaciones\/182254\/asi-avanza-la-construccion-del-primer-puente-peatonal-vivo-de-cali\/#\"><\/a><a href=\"https:\/\/www.cali.gov.co\/vivienda\/publicaciones\/182254\/asi-avanza-la-construccion-del-primer-puente-peatonal-vivo-de-cali\/#\"><\/a><\/li>\n\n\n\n<li><a href=\"https:\/\/www.cali.gov.co\/vivienda\/publicaciones\/182254\/asi-avanza-la-construccion-del-primer-puente-peatonal-vivo-de-cali\/#\"><\/a><a href=\"https:\/\/www.cali.gov.co\/vivienda\/publicaciones\/182254\/asi-avanza-la-construccion-del-primer-puente-peatonal-vivo-de-cali\/#\"><\/a><\/li>\n\n\n\n<li><a href=\"https:\/\/www.cali.gov.co\/vivienda\/publicaciones\/182254\/asi-avanza-la-construccion-del-primer-puente-peatonal-vivo-de-cali\/#\"><\/a><a href=\"https:\/\/www.cali.gov.co\/vivienda\/publicaciones\/182254\/asi-avanza-la-construccion-del-primer-puente-peatonal-vivo-de-cali\/#\"><\/a><\/li>\n\n\n\n<li><a href=\"https:\/\/www.cali.gov.co\/vivienda\/publicaciones\/182254\/asi-avanza-la-construccion-del-primer-puente-peatonal-vivo-de-cali\/#\"><\/a><a href=\"https:\/\/www.cali.gov.co\/vivienda\/publicaciones\/182254\/asi-avanza-la-construccion-del-primer-puente-peatonal-vivo-de-cali\/#\"><\/a><\/li>\n<\/ul>\n\n\n\n<p><strong>Comunicaciones Secretar\u00eda de Vivienda Social y H\u00e1bitat de Cali<\/strong><\/p>\n\n\n\n<p><\/p>\n\n\n\n<p>cali.gov.co<\/p>\n","protected":false},"excerpt":{"rendered":"<p>Este corredor ecol\u00f3gico tendr\u00e1 una longitud de m\u00e1s de 45 metros y una anchura de 10 metros. Santiago de Cali, 31 de julio de 2024 En el marco de los esfuerzos por recuperar a Cali, una ciudad reconocida por su rica biodiversidad, la Secretar\u00eda de Vivienda Social y H\u00e1bitat Distrital avanza con el innovador\u00a0Proyecto Integral [&hellip;]<\/p>\n","protected":false},"author":1,"featured_media":170451,"comment_status":"closed","ping_status":"closed","sticky":false,"template":"","format":"standard","meta":{"_acf_changed":false,"_jetpack_memberships_contains_paid_content":false,"footnotes":"","jetpack_publicize_message":"","jetpack_publicize_feature_enabled":true,"jetpack_social_post_already_shared":true,"jetpack_social_options":{"image_generator_settings":{"template":"highway","default_image_id":0,"font":"","enabled":false},"version":2}},"categories":[6],"tags":[],"class_list":["post-170448","post","type-post","status-publish","format-standard","has-post-thumbnail","hentry","category-ecologia"],"acf":[],"jetpack_publicize_connections":[],"jetpack_featured_media_url":"https:\/\/i0.wp.com\/sportseco.com\/wp-content\/uploads\/2024\/07\/thgaleria_700X400_306476.jpg?fit=700%2C394&ssl=1","jetpack_sharing_enabled":true,"_links":{"self":[{"href":"https:\/\/sportseco.com\/index.php?rest_route=\/wp\/v2\/posts\/170448","targetHints":{"allow":["GET"]}}],"collection":[{"href":"https:\/\/sportseco.com\/index.php?rest_route=\/wp\/v2\/posts"}],"about":[{"href":"https:\/\/sportseco.com\/index.php?rest_route=\/wp\/v2\/types\/post"}],"author":[{"embeddable":true,"href":"https:\/\/sportseco.com\/index.php?rest_route=\/wp\/v2\/users\/1"}],"replies":[{"embeddable":true,"href":"https:\/\/sportseco.com\/index.php?rest_route=%2Fwp%2Fv2%2Fcomments&post=170448"}],"version-history":[{"count":1,"href":"https:\/\/sportseco.com\/index.php?rest_route=\/wp\/v2\/posts\/170448\/revisions"}],"predecessor-version":[{"id":170452,"href":"https:\/\/sportseco.com\/index.php?rest_route=\/wp\/v2\/posts\/170448\/revisions\/170452"}],"wp:featuredmedia":[{"embeddable":true,"href":"https:\/\/sportseco.com\/index.php?rest_route=\/wp\/v2\/media\/170451"}],"wp:attachment":[{"href":"https:\/\/sportseco.com\/index.php?rest_route=%2Fwp%2Fv2%2Fmedia&parent=170448"}],"wp:term":[{"taxonomy":"category","embeddable":true,"href":"https:\/\/sportseco.com\/index.php?rest_route=%2Fwp%2Fv2%2Fcategories&post=170448"},{"taxonomy":"post_tag","embeddable":true,"href":"https:\/\/sportseco.com\/index.php?rest_route=%2Fwp%2Fv2%2Ftags&post=170448"}],"curies":[{"name":"wp","href":"https:\/\/api.w.org\/{rel}","templated":true}]}}