{"id":170480,"date":"2024-08-01T11:47:12","date_gmt":"2024-08-01T15:47:12","guid":{"rendered":"https:\/\/sportseco.com\/?p=170480"},"modified":"2024-08-01T11:47:18","modified_gmt":"2024-08-01T15:47:18","slug":"america-latina-y-el-caribe-lanzan-el-primer-programa-de-eco-etiquetado-regional","status":"publish","type":"post","link":"https:\/\/sportseco.com\/?p=170480","title":{"rendered":"Am\u00e9rica Latina y el Caribe lanzan el primer programa de eco-etiquetado regional"},"content":{"rendered":"\n<p><\/p>\n\n\n\n<ul class=\"wp-block-list\">\n<li><strong>La Alianza Ambiental de Am\u00e9rica<\/strong>\u00a0alberga el primer programa regional de eco-etiquetado\u00a0respaldado por reguladores, organismos normalizadores y acreditadores.<\/li>\n\n\n\n<li><strong>\u00a0Se trata de una iniciativa que promueve los esfuerzos de eco-etiquetado<\/strong>\u00a0en la regi\u00f3n para impulsar el comercio sostenible y opciones de consumo mejor informadas.<\/li>\n\n\n\n<li><strong>El Programa de las Naciones Unidas para el Medio Ambiente, a trav\u00e9s de financiaci\u00f3n de Alemania,<\/strong>\u00a0apoya a la Alianza en la consolidaci\u00f3n del eco-etiquetado en la regi\u00f3n.<\/li>\n<\/ul>\n\n\n\n<p><strong>Ciudad de Panam\u00e1, 31 de julio de 2024 \u2013\u00a0<\/strong>Reguladores, organismos de normalizaci\u00f3n y acreditadores de Am\u00e9rica Latina y el Caribe anunciaron la constituci\u00f3n legal de la Alianza Ambiental de Am\u00e9rica, que alberga el primer programa regional de eco-etiquetado, lo que implica un paso significativo hacia la armonizaci\u00f3n de criterios.<\/p>\n\n\n\n<p>La iniciativa, apoyada por el Programa de las Naciones Unidas para el Medio Ambiente (PNUMA) a trav\u00e9s de financiaci\u00f3n de Alemania, tiene como objetivo impulsar el comercio sostenible y permitir decisiones de consumo mejor informadas para m\u00e1s de 450 millones de personas. Su constituci\u00f3n legal sigue a una&nbsp;<a href=\"https:\/\/drive.google.com\/file\/d\/1D6p7IgUZLt3E0mD3agOrLCISyluyuqSL\/view\">Decisi\u00f3n Ministerial<\/a>&nbsp;de 2023 del Foro de Ministras y Ministros de Medio Ambiente de Am\u00e9rica Latina y el Caribe que subray\u00f3 el compromiso de la regi\u00f3n con el eco-etiquetado a trav\u00e9s de la Alianza Ambiental de Am\u00e9rica.<\/p>\n\n\n\n<p>\u201cEsta iniciativa es crucial para conectar con los productores y consumidores sobre el impacto ambiental de los productos que compran a trav\u00e9s de informaci\u00f3n clara y confiable. Nuestro esfuerzo colectivo para abordar la triple crisis planetaria del cambio clim\u00e1tico, la p\u00e9rdida de biodiversidad y la contaminaci\u00f3n depende en gran medida de cambiar las pr\u00e1cticas de producci\u00f3n y los comportamientos de los consumidores,\u201d dijo Sheila Aggarwal-Khan, Directora de la Divisi\u00f3n de Industria y Econom\u00eda&nbsp;del PNUMA\u201c. La Alianza aborda una brecha crucial empoderando a los consumidores, a las empresas y a los actores en compras p\u00fablicas para tomar decisiones mejor informadas en categor\u00edas de productos de alto impacto, que van desde alimentos hasta acondicionadores de aire y productos pl\u00e1sticos\u201d.<\/p>\n\n\n\n<p>Representantes de los gobiernos de Colombia, Ecuador y Costa Rica enfatizaron que, bajo la Alianza, cada producto debe cumplir con criterios espec\u00edficos para obtener la ecoetiqueta, asegurando que los consumidores reciban informaci\u00f3n confiable sobre la manera en que el producto fue fabricado. Esto empodera a los consumidores para tomar decisiones de compra informadas y responsables, lo que lleva a un cambio en las pr\u00e1cticas de producci\u00f3n y en los est\u00e1ndares de calidad de los productos. Esto tambi\u00e9n lleva a las empresas a reducir los costos operativos y los riesgos comerciales a largo plazo, al tiempo que contribuye al fortalecimiento de las econom\u00edas locales y a la creaci\u00f3n de empleos verdes.<\/p>\n\n\n\n<p>Juan Bello, Director Regional y Representante para Am\u00e9rica Latina y el Caribe del PNUMA,&nbsp;explic\u00f3: \u201cAl proporcionar un enfoque armonizado para el eco-etiquetado, los pa\u00edses de la regi\u00f3n est\u00e1n creando una herramienta poderosa para alinear acciones a trav\u00e9s de las fronteras, facilitando el comercio de productos sostenibles y promoviendo la integraci\u00f3n econ\u00f3mica de la regi\u00f3n\u201d.&nbsp;<\/p>\n\n\n\n<p>Para apoyar este esfuerzo, Alemania ha proporcionado financiamiento inicial a trav\u00e9s del&nbsp;<a href=\"https:\/\/www.giz.de\/en\/worldwide\/127803.html\">proyecto EcoAdvance<\/a>. El Dr. Ulf D. Jaeckel, Jefe de Divisi\u00f3n del Ministerio Federal de Alemania y co-l\u00edder del Programa de Informaci\u00f3n al Consumidor de&nbsp;<a href=\"https:\/\/www.unep.org\/explore-topics\/resource-efficiency\/what-we-do\/one-planet-network\/10yfp-10-year-framework-programmes\">10YFP<\/a>, expres\u00f3 su apoyo: \u201cFelicitamos a la Alianza y esperamos que la ecoetiqueta regional sea reconocida por su credibilidad entre los consumidores y su capacidad para establecer est\u00e1ndares ambiciosos para productos y servicios. Estamos orgullosos de haber contribuido y de colaborar con el PNUMA y socios para facilitar el establecimiento de la ecoetiqueta para Am\u00e9rica Latina y el Caribe\u201d.<\/p>\n\n\n\n<p>unep.org<\/p>\n","protected":false},"excerpt":{"rendered":"<p>Ciudad de Panam\u00e1, 31 de julio de 2024 \u2013\u00a0Reguladores, organismos de normalizaci\u00f3n y acreditadores de Am\u00e9rica Latina y el Caribe anunciaron la constituci\u00f3n legal de la Alianza Ambiental de Am\u00e9rica, que alberga el primer programa regional de eco-etiquetado, lo que implica un paso significativo hacia la armonizaci\u00f3n de criterios. La iniciativa, apoyada por el Programa [&hellip;]<\/p>\n","protected":false},"author":1,"featured_media":170481,"comment_status":"closed","ping_status":"closed","sticky":false,"template":"","format":"standard","meta":{"_acf_changed":false,"_jetpack_memberships_contains_paid_content":false,"footnotes":"","jetpack_publicize_message":"","jetpack_publicize_feature_enabled":true,"jetpack_social_post_already_shared":true,"jetpack_social_options":{"image_generator_settings":{"template":"highway","default_image_id":0,"font":"","enabled":false},"version":2}},"categories":[6],"tags":[],"class_list":["post-170480","post","type-post","status-publish","format-standard","has-post-thumbnail","hentry","category-ecologia"],"acf":[],"jetpack_publicize_connections":[],"jetpack_featured_media_url":"https:\/\/i0.wp.com\/sportseco.com\/wp-content\/uploads\/2024\/08\/the-market-3147758_1280.jpg?fit=710%2C397&ssl=1","jetpack_sharing_enabled":true,"_links":{"self":[{"href":"https:\/\/sportseco.com\/index.php?rest_route=\/wp\/v2\/posts\/170480","targetHints":{"allow":["GET"]}}],"collection":[{"href":"https:\/\/sportseco.com\/index.php?rest_route=\/wp\/v2\/posts"}],"about":[{"href":"https:\/\/sportseco.com\/index.php?rest_route=\/wp\/v2\/types\/post"}],"author":[{"embeddable":true,"href":"https:\/\/sportseco.com\/index.php?rest_route=\/wp\/v2\/users\/1"}],"replies":[{"embeddable":true,"href":"https:\/\/sportseco.com\/index.php?rest_route=%2Fwp%2Fv2%2Fcomments&post=170480"}],"version-history":[{"count":1,"href":"https:\/\/sportseco.com\/index.php?rest_route=\/wp\/v2\/posts\/170480\/revisions"}],"predecessor-version":[{"id":170482,"href":"https:\/\/sportseco.com\/index.php?rest_route=\/wp\/v2\/posts\/170480\/revisions\/170482"}],"wp:featuredmedia":[{"embeddable":true,"href":"https:\/\/sportseco.com\/index.php?rest_route=\/wp\/v2\/media\/170481"}],"wp:attachment":[{"href":"https:\/\/sportseco.com\/index.php?rest_route=%2Fwp%2Fv2%2Fmedia&parent=170480"}],"wp:term":[{"taxonomy":"category","embeddable":true,"href":"https:\/\/sportseco.com\/index.php?rest_route=%2Fwp%2Fv2%2Fcategories&post=170480"},{"taxonomy":"post_tag","embeddable":true,"href":"https:\/\/sportseco.com\/index.php?rest_route=%2Fwp%2Fv2%2Ftags&post=170480"}],"curies":[{"name":"wp","href":"https:\/\/api.w.org\/{rel}","templated":true}]}}