{"id":170489,"date":"2024-08-01T15:39:29","date_gmt":"2024-08-01T19:39:29","guid":{"rendered":"https:\/\/sportseco.com\/?p=170489"},"modified":"2024-08-01T15:39:35","modified_gmt":"2024-08-01T19:39:35","slug":"el-festival-de-musica-petronio-alvarez-en-2024-llega-con-una-incidencia-internacional-en-el-marco-de-la-cop16","status":"publish","type":"post","link":"https:\/\/sportseco.com\/?p=170489","title":{"rendered":"El Festival de Musica Petronio \u00c1lvarez, en 2024, llega con una incidencia internacional en el marco de la COP16"},"content":{"rendered":"\n<figure class=\"wp-block-image\"><img data-recalc-dims=\"1\" decoding=\"async\" src=\"https:\/\/i0.wp.com\/www.cali.gov.co\/cultura\/publicaciones\/182282\/el-festival-de-musica-petronio-alvarez-en-2024-llega-con-una-incidencia-internacional-en-el-marco-de-la-cop16\/info\/principal\/media\/pubInt\/thumbs\/thpub_700X400_182282.jpg?w=640&#038;ssl=1\" alt=\"El Festival de Musica Petronio \u00c1lvarez, en 2024, llega con una incidencia internacional en el marco de la COP16\"\/><\/figure>\n\n\n\n<blockquote class=\"wp-block-quote is-layout-flow wp-block-quote-is-layout-flow\">\n<ul class=\"wp-block-list\">\n<li><em>\u2018La Casa Grande del Pac\u00edfico\u2019 se convertir\u00e1 este a\u00f1o en \u2018La Casa Grande Pac\u00edfica y Biodiversa\u2019 que se expandir\u00e1 a 2 nuevos escenarios descentralizados, tendr\u00e1 presencia en centros comerciales, supermercados de cadena, hoteles, universidades y colegios para que toda la ciudad vibre con las tradiciones del Pac\u00edfico colombiano.<\/em><\/li>\n<\/ul>\n\n\n\n<ul class=\"wp-block-list\">\n<li><em>En el marco de la COP16, se desarrollar\u00e1 una agenda acad\u00e9mica sobre actividades ecol\u00f3gicas. Adicionalmente, el funcionamiento del Festival estar\u00e1 orientado al reciclaje, el uso adecuado de recursos, la moda sostenible, entre otras tem\u00e1ticas que apuntan hacia la preservaci\u00f3n ambiental de la regi\u00f3n.<\/em><\/li>\n<\/ul>\n\n\n\n<ul class=\"wp-block-list\">\n<li><em>Productores de la industria musical, y de grandes escenarios internacionales, as\u00ed como personajes de alto nivel referentes de la comunidad Afro en el mundo, estar\u00e1n presentes en la versi\u00f3n XXVIII del Festival de M\u00fasica Petronio \u00c1lvarez, que se realizar\u00e1 del 14 al 19 de agosto.<\/em><\/li>\n<\/ul>\n\n\n\n<ul class=\"wp-block-list\">\n<li><em>M\u00e1s de 2000 artistas en escena, 1700 portadores y portadoras de tradici\u00f3n desde la est\u00e9tica del Pacifico, cocina tradicional, bebidas aut\u00f3ctonas, mecatos dulces y refrescos, escenarios familiares para que los ni\u00f1os, ni\u00f1as y adultos puedan disfrutar.<\/em><\/li>\n<\/ul>\n\n\n\n<ul class=\"wp-block-list\">\n<li><em>Experiencias tecnol\u00f3gicas \u00fanicas a trav\u00e9s de las memorias, la ancestralidad y las tradiciones de la magia del Pac\u00edfico<\/em>.<\/li>\n<\/ul>\n<\/blockquote>\n\n\n\n<p><\/p>\n\n\n\n<p><\/p>\n\n\n\n<p>cali.gov.co<\/p>\n","protected":false},"excerpt":{"rendered":"<p>cali.gov.co<\/p>\n","protected":false},"author":1,"featured_media":170490,"comment_status":"closed","ping_status":"closed","sticky":false,"template":"","format":"standard","meta":{"_acf_changed":false,"_jetpack_memberships_contains_paid_content":false,"footnotes":"","jetpack_publicize_message":"","jetpack_publicize_feature_enabled":true,"jetpack_social_post_already_shared":true,"jetpack_social_options":{"image_generator_settings":{"template":"highway","default_image_id":0,"font":"","enabled":false},"version":2}},"categories":[6],"tags":[],"class_list":["post-170489","post","type-post","status-publish","format-standard","has-post-thumbnail","hentry","category-ecologia"],"acf":[],"jetpack_publicize_connections":[],"jetpack_featured_media_url":"https:\/\/i0.wp.com\/sportseco.com\/wp-content\/uploads\/2024\/08\/galeria306567-scaled.jpg?fit=2560%2C1704&ssl=1","jetpack_sharing_enabled":true,"_links":{"self":[{"href":"https:\/\/sportseco.com\/index.php?rest_route=\/wp\/v2\/posts\/170489","targetHints":{"allow":["GET"]}}],"collection":[{"href":"https:\/\/sportseco.com\/index.php?rest_route=\/wp\/v2\/posts"}],"about":[{"href":"https:\/\/sportseco.com\/index.php?rest_route=\/wp\/v2\/types\/post"}],"author":[{"embeddable":true,"href":"https:\/\/sportseco.com\/index.php?rest_route=\/wp\/v2\/users\/1"}],"replies":[{"embeddable":true,"href":"https:\/\/sportseco.com\/index.php?rest_route=%2Fwp%2Fv2%2Fcomments&post=170489"}],"version-history":[{"count":1,"href":"https:\/\/sportseco.com\/index.php?rest_route=\/wp\/v2\/posts\/170489\/revisions"}],"predecessor-version":[{"id":170491,"href":"https:\/\/sportseco.com\/index.php?rest_route=\/wp\/v2\/posts\/170489\/revisions\/170491"}],"wp:featuredmedia":[{"embeddable":true,"href":"https:\/\/sportseco.com\/index.php?rest_route=\/wp\/v2\/media\/170490"}],"wp:attachment":[{"href":"https:\/\/sportseco.com\/index.php?rest_route=%2Fwp%2Fv2%2Fmedia&parent=170489"}],"wp:term":[{"taxonomy":"category","embeddable":true,"href":"https:\/\/sportseco.com\/index.php?rest_route=%2Fwp%2Fv2%2Fcategories&post=170489"},{"taxonomy":"post_tag","embeddable":true,"href":"https:\/\/sportseco.com\/index.php?rest_route=%2Fwp%2Fv2%2Ftags&post=170489"}],"curies":[{"name":"wp","href":"https:\/\/api.w.org\/{rel}","templated":true}]}}