{"id":170499,"date":"2024-08-01T18:06:10","date_gmt":"2024-08-01T22:06:10","guid":{"rendered":"https:\/\/sportseco.com\/?p=170499"},"modified":"2024-08-01T18:06:15","modified_gmt":"2024-08-01T22:06:15","slug":"ahora-cuidar-del-agua-esta-al-alcance-de-todos","status":"publish","type":"post","link":"https:\/\/sportseco.com\/?p=170499","title":{"rendered":"Ahora cuidar del agua est\u00e1 al alcance de todos"},"content":{"rendered":"\n<p><strong>Por Nora Sesmero<\/strong><\/p>\n\n\n\n<p><strong>Madrid, (EFEverde).- La Red Espa\u00f1ola de Desarrollo Rural (REDR) ha publicado una gu\u00eda de gesti\u00f3n de recursos h\u00eddricos con la intenci\u00f3n de \u00abayudar a entender mejor c\u00f3mo podemos cuidar y gestionar entre todos un recurso tan esencial para la vida como es el agua\u00bb.&nbsp;<\/strong><\/p>\n\n\n\n<p>Este trabajo, bajo el nombre de&nbsp;<strong><a href=\"https:\/\/www.redr.es\/resources\/doc\/portal\/2024\/06\/14\/guias-de-actuacion-y-buenas-practicas-en-la-gestion-de-los-recursos-hidricos.pdf\" target=\"_blank\" rel=\"noreferrer noopener\">Gu\u00eda de Actuaci\u00f3n y Buenas Pr\u00e1cticas en la Gesti\u00f3n de los Recursos H\u00eddricos<\/a><\/strong>, ofrece informaci\u00f3n dirigida a los diferentes actores implicados para que puedan realizar una buena gesti\u00f3n del agua y reducir la huella h\u00eddrica: particulares, empresas, organizaciones y administraciones p\u00fablicas.<\/p>\n\n\n\n<p>Alrededor de estos ejes giran las propuestas de&nbsp; gobernanza, la captaci\u00f3n y potabilizaci\u00f3n del agua, el abastecimiento con las infraestructuras necesarias, su depuraci\u00f3n y regeneraci\u00f3n, y la restauraci\u00f3n de los ecosistemas. Adem\u00e1s, muestra casos de \u00e9xito a nivel internacional, nacional y regional.<\/p>\n\n\n\n<blockquote class=\"wp-block-quote is-layout-flow wp-block-quote-is-layout-flow\">\n<p>\u201cHemos querido demostrar que es posible pasar a la acci\u00f3n y que el futuro sostenible de nuestros recursos h\u00eddricos depende de todos y todas\u201d, comparte con EFEverde la directora de REDR, Mar\u00eda Jos\u00e9 Murciano.<\/p>\n<\/blockquote>\n\n\n\n<h2 class=\"wp-block-heading\">Iniciativas de inter\u00e9s en los peque\u00f1os municipios<\/h2>\n\n\n\n<p>Para REDR \u201clas iniciativas que m\u00e1s nos llamaron la atenci\u00f3n por su capacidad para vincular innovaci\u00f3n y sostenibilidad a nivel local fueron la&nbsp;<strong>Red de Sensores de Monitorizaci\u00f3n Ambiental de la Comunidad Riegos de Levante Margen Izquierdo del Segura<\/strong>&nbsp;y el proyecto desarrollado por el GAL Serran\u00eda Suroeste Sevillana junto con la Universidad de C\u00f3rdoba:&nbsp;<strong>H2Olivetree<\/strong>\u201d.<\/p>\n\n\n\n<p>Otros proyectos de inter\u00e9s que pueden ser replicables:<\/p>\n\n\n\n<ol class=\"wp-block-list\">\n<li>El\u00a0<strong>II Plan de Saneamiento y Depuraci\u00f3n 2035<\/strong>\u00a0de la Regi\u00f3n de Murcia como el \u00fanico que abarca la regeneraci\u00f3n y reutilizaci\u00f3n del agua como ejes principales.<\/li>\n\n\n\n<li>El\u00a0<strong>aprovechamiento y obtenci\u00f3n de energ\u00eda de la salmuera<\/strong>\u00a0a partir de gradientes de salinidad. Algunas plantas desalinizadoras espa\u00f1olas que lo hacen son: El Atabal (M\u00e1laga), del Llobregat, proyecto LIFE INDESAL de ACCIONA.<\/li>\n\n\n\n<li>El proyecto\u00a0<strong>Multisource (2021-2025)<\/strong>, financiado con fondos europeos, que est\u00e1 poniendo en marcha una serie de Soluciones Basadas en la Naturaleza (SbN, en ingl\u00e9s) para el tratamiento, almacenaje y reutilizaci\u00f3n de las aguas urbanas.<\/li>\n\n\n\n<li>El proyecto\u00a0<strong>Life Renaturwat (2020-2024)<\/strong>, coordinado por la Universidad Polit\u00e9cnica de Valencia, que est\u00e1 desarrollando una tecnolog\u00eda de humedales artificiales para implementar la econom\u00eda circular en el sector de la depuraci\u00f3n utilizando SbN.<\/li>\n\n\n\n<li>Asimismo, la\u00a0<strong>Estrategia Nacional de Restauraci\u00f3n de R\u00edos 2022 \u2013 2030<\/strong>\u00a0y el\u00a0<strong>Plan Estrat\u00e9gico de Humedales a 2030 (2023)<\/strong>, que incluyen las SbN como pilares claves para evitar, detener y revertir la degradaci\u00f3n de r\u00edos y humedales en Espa\u00f1a.<\/li>\n<\/ol>\n\n\n\n<h2 class=\"wp-block-heading\">Cuidar del agua est\u00e1 en nuestras manos, ahora<\/h2>\n\n\n\n<p>La directora de la asociaci\u00f3n explica que \u201cha sido clave el aterrizaje de la teor\u00eda a trav\u00e9s de consejos y ejemplos reales, esto facilita la puesta en marcha de iniciativas y la r\u00e9plica de estas buenas pr\u00e1cticas en los territorios\u201d.<\/p>\n\n\n\n<p>La responsable de comunicaci\u00f3n de REDR, Ana Flores a\u00f1ade: \u00abaunque todos sabemos que el agua es vital, a veces no es f\u00e1cil saber qu\u00e9 hacer para gestionarla de manera sostenible. Con esta publicaci\u00f3n, quer\u00edamos llenar ese vac\u00edo y brindar informaci\u00f3n clara y accesible para que cualquiera pueda aplicarla a diferentes niveles\u00bb.<\/p>\n\n\n\n<p>Desde esta confederaci\u00f3n que representa a Grupos de Acci\u00f3n Local LEADER, consideran que es esencial tener herramientas que ayuden a la ciudadan\u00eda a ser m\u00e1s consciente y responsable con los recursos, \u00abespecialmente cuando el cambio clim\u00e1tico y otros factores est\u00e1n afectando a la disponibilidad de agua en todo el planeta\u00bb.<\/p>\n\n\n\n<p>\u00abLa gu\u00eda estar\u00e1 disponible para cualquiera que quiera marcar una diferencia positiva en su comunidad, esperamos que pueda inspirar as\u00ed a m\u00e1s proyectos y pol\u00edticas que beneficien tanto al medio ambiente como a las comunidades locales\u00bb, finaliza Flores. EFEverde<\/p>\n","protected":false},"excerpt":{"rendered":"<p>Por Nora Sesmero Madrid, (EFEverde).- La Red Espa\u00f1ola de Desarrollo Rural (REDR) ha publicado una gu\u00eda de gesti\u00f3n de recursos h\u00eddricos con la intenci\u00f3n de \u00abayudar a entender mejor c\u00f3mo podemos cuidar y gestionar entre todos un recurso tan esencial para la vida como es el agua\u00bb.&nbsp; Este trabajo, bajo el nombre de&nbsp;Gu\u00eda de Actuaci\u00f3n [&hellip;]<\/p>\n","protected":false},"author":1,"featured_media":170500,"comment_status":"closed","ping_status":"closed","sticky":false,"template":"","format":"standard","meta":{"_acf_changed":false,"_jetpack_memberships_contains_paid_content":false,"footnotes":"","jetpack_publicize_message":"","jetpack_publicize_feature_enabled":true,"jetpack_social_post_already_shared":true,"jetpack_social_options":{"image_generator_settings":{"template":"highway","default_image_id":0,"font":"","enabled":false},"version":2}},"categories":[6],"tags":[],"class_list":["post-170499","post","type-post","status-publish","format-standard","has-post-thumbnail","hentry","category-ecologia"],"acf":[],"jetpack_publicize_connections":[],"jetpack_featured_media_url":"https:\/\/i0.wp.com\/sportseco.com\/wp-content\/uploads\/2024\/08\/AguaEcuador.jpg?fit=1920%2C1423&ssl=1","jetpack_sharing_enabled":true,"_links":{"self":[{"href":"https:\/\/sportseco.com\/index.php?rest_route=\/wp\/v2\/posts\/170499","targetHints":{"allow":["GET"]}}],"collection":[{"href":"https:\/\/sportseco.com\/index.php?rest_route=\/wp\/v2\/posts"}],"about":[{"href":"https:\/\/sportseco.com\/index.php?rest_route=\/wp\/v2\/types\/post"}],"author":[{"embeddable":true,"href":"https:\/\/sportseco.com\/index.php?rest_route=\/wp\/v2\/users\/1"}],"replies":[{"embeddable":true,"href":"https:\/\/sportseco.com\/index.php?rest_route=%2Fwp%2Fv2%2Fcomments&post=170499"}],"version-history":[{"count":1,"href":"https:\/\/sportseco.com\/index.php?rest_route=\/wp\/v2\/posts\/170499\/revisions"}],"predecessor-version":[{"id":170501,"href":"https:\/\/sportseco.com\/index.php?rest_route=\/wp\/v2\/posts\/170499\/revisions\/170501"}],"wp:featuredmedia":[{"embeddable":true,"href":"https:\/\/sportseco.com\/index.php?rest_route=\/wp\/v2\/media\/170500"}],"wp:attachment":[{"href":"https:\/\/sportseco.com\/index.php?rest_route=%2Fwp%2Fv2%2Fmedia&parent=170499"}],"wp:term":[{"taxonomy":"category","embeddable":true,"href":"https:\/\/sportseco.com\/index.php?rest_route=%2Fwp%2Fv2%2Fcategories&post=170499"},{"taxonomy":"post_tag","embeddable":true,"href":"https:\/\/sportseco.com\/index.php?rest_route=%2Fwp%2Fv2%2Ftags&post=170499"}],"curies":[{"name":"wp","href":"https:\/\/api.w.org\/{rel}","templated":true}]}}