{"id":170508,"date":"2024-08-01T19:12:51","date_gmt":"2024-08-01T23:12:51","guid":{"rendered":"https:\/\/sportseco.com\/?p=170508"},"modified":"2024-08-01T19:12:57","modified_gmt":"2024-08-01T23:12:57","slug":"javier-aguirre-y-rafa-marquez-fueron-presentados-con-la-snm-video","status":"publish","type":"post","link":"https:\/\/sportseco.com\/?p=170508","title":{"rendered":"Javier Aguirre y Rafa M\u00e1rquez fueron presentados con la SNM. Video"},"content":{"rendered":"\n<h4 class=\"wp-block-heading\"><em>El &#8216;Vasco&#8217; ser\u00e1 el nuevo Director T\u00e9cnico de la Selecci\u00f3n y Rafa su auxiliar<\/em><\/h4>\n\n\n\n<p><strong>Javier Aguirre&nbsp;<\/strong>y<strong>&nbsp;Rafael M\u00e1rquez&nbsp;<\/strong>fueron presentados de manera oficial con la<strong>&nbsp;Selecci\u00f3n Nacional de M\u00e9xico<\/strong>&nbsp;este jueves en un evento que se llev\u00f3 a cabo en el&nbsp;<strong>Centro Nacional de Alto Rendimiento (CAR)<\/strong>&nbsp;en la Ciudad de M\u00e9xico y cont\u00f3 con la presencia de la prensa nacional e internacional.<\/p>\n\n\n\n<p><strong>&#8216;El Vasco&#8217;&nbsp;<\/strong>es el nuevo&nbsp;<strong>Director T\u00e9cnico&nbsp;<\/strong>del&nbsp;<strong>Tricolor,<\/strong>&nbsp;mientras que el &#8216;K\u00e1iser&#8217; ser\u00e1 uno de sus asistentes.&nbsp;&nbsp;<strong>Aguirre Onaind\u00eda&nbsp;<\/strong>es, sin duda, el entrenador mexicano m\u00e1s destacado de los \u00faltimos tiempos, con m\u00e1s de dos d\u00e9cadas de experiencia en los banquillos internacionales, mientras que Rafa es una leyenda de nuestro futbol y del&nbsp;<strong>FC Barcelona<\/strong>, club con el que gan\u00f3 12 t\u00edtulos oficiales incluyendo 4 ligas y 2 Champions League.<\/p>\n\n\n\n<p>Durante su presentaci\u00f3n, tanto&nbsp;<strong>M\u00e1rquez&nbsp;<\/strong>como<strong>&nbsp;Aguirre<\/strong>&nbsp;destacaron el amor que sienten por su pa\u00eds, situaci\u00f3n que los llev\u00f3 a aceptar incorporarse a la Selecci\u00f3n Nacional de M\u00e9xico de cara al Mundial del 2026 y el proyecto 2030.<\/p>\n\n\n\n<p>\u00abSomos dos personas que queremos mucho a nuestro pa\u00eds, no puedes decirle que no a tu pa\u00eds, \u00bft\u00fa crees que podemos decirle que no?\u00bb, dijo el &#8216;<strong>Vasco&#8217;&nbsp;<\/strong>al ser cuestionado por un reportero.<\/p>\n\n\n\n<p>\u00abAmo a mi selecci\u00f3n, amo a mi pa\u00eds, viviendo aqu\u00ed o viviendo all\u00e1, mi compromiso es total para hacer algo por mi selecci\u00f3n\u00bb, afirm\u00f3\u00a0<strong>Rafa M\u00e1rquez<\/strong>\u00a0respondiendo a otra pregunta de un miembro de la prensa.<\/p>\n\n\n\n<figure class=\"wp-block-embed is-type-video is-provider-youtube wp-block-embed-youtube wp-embed-aspect-16-9 wp-has-aspect-ratio\"><div class=\"wp-block-embed__wrapper\">\n<iframe loading=\"lazy\" title=\"PRESENTACI\u00d3N | JAVIER AGUIRRE Y RAFAEL M\u00c1RQUEZ\" width=\"640\" height=\"360\" src=\"https:\/\/www.youtube.com\/embed\/1YxbSMy2Pq4?feature=oembed\" frameborder=\"0\" allow=\"accelerometer; autoplay; clipboard-write; encrypted-media; gyroscope; picture-in-picture; web-share\" referrerpolicy=\"strict-origin-when-cross-origin\" allowfullscreen><\/iframe>\n<\/div><\/figure>\n\n\n\n<figure class=\"wp-block-embed is-type-rich is-provider-gestor-del-servicio wp-block-embed-gestor-del-servicio\"><div class=\"wp-block-embed__wrapper\">\nhttps:\/\/youtube.com\/watch?v=1YxbSMy2Pq4%3Fsi%3DmSrR0sZuwdcCKyK8%26start%3D566\n<\/div><\/figure>\n\n\n\n<p>El Proyecto 2030 contempla a&nbsp;<strong>Javier Aguirre&nbsp;<\/strong>como el&nbsp;<strong>Director T\u00e9cnico de la Selecci\u00f3n Nacional de M\u00e9xico&nbsp;<\/strong>para el&nbsp;<strong>Mundial 2026<\/strong>&nbsp;y al concluir,&nbsp;<strong>Rafa M\u00e1rquez<\/strong>&nbsp;se convierta en el timonel del combinado mexicano para la siguiente Copa del Mundo.<\/p>\n\n\n\n<p>\u00abMe he caracterizado por no tener miedo al fracaso, se va a trabajar para tener buenos resultados, pero si no pasa, no pasa nada, uno se vuelve a levantar y sigue, me motiva el proyecto, me motiva que hay una base, que estamos haciendo bien las cosas\u00bb, expres\u00f3\u00a0<strong>M\u00e1rquez.<\/strong><\/p>\n\n\n\n<p><\/p>\n\n\n\n<p>fmf.mx<\/p>\n","protected":false},"excerpt":{"rendered":"<p>El &#8216;Vasco&#8217; ser\u00e1 el nuevo Director T\u00e9cnico de la Selecci\u00f3n y Rafa su auxiliar Javier Aguirre&nbsp;y&nbsp;Rafael M\u00e1rquez&nbsp;fueron presentados de manera oficial con la&nbsp;Selecci\u00f3n Nacional de M\u00e9xico&nbsp;este jueves en un evento que se llev\u00f3 a cabo en el&nbsp;Centro Nacional de Alto Rendimiento (CAR)&nbsp;en la Ciudad de M\u00e9xico y cont\u00f3 con la presencia de la prensa nacional [&hellip;]<\/p>\n","protected":false},"author":1,"featured_media":170510,"comment_status":"closed","ping_status":"closed","sticky":false,"template":"","format":"standard","meta":{"_acf_changed":false,"_jetpack_memberships_contains_paid_content":false,"footnotes":"","jetpack_publicize_message":"","jetpack_publicize_feature_enabled":true,"jetpack_social_post_already_shared":true,"jetpack_social_options":{"image_generator_settings":{"template":"highway","default_image_id":0,"font":"","enabled":false},"version":2}},"categories":[5],"tags":[],"class_list":["post-170508","post","type-post","status-publish","format-standard","has-post-thumbnail","hentry","category-futbol"],"acf":[],"jetpack_publicize_connections":[],"jetpack_featured_media_url":"https:\/\/i0.wp.com\/sportseco.com\/wp-content\/uploads\/2024\/08\/javier-aguirre-y-rafael-marquez-presentados-frente-seleccion-mexicana.webp?fit=768%2C432&ssl=1","jetpack_sharing_enabled":true,"_links":{"self":[{"href":"https:\/\/sportseco.com\/index.php?rest_route=\/wp\/v2\/posts\/170508","targetHints":{"allow":["GET"]}}],"collection":[{"href":"https:\/\/sportseco.com\/index.php?rest_route=\/wp\/v2\/posts"}],"about":[{"href":"https:\/\/sportseco.com\/index.php?rest_route=\/wp\/v2\/types\/post"}],"author":[{"embeddable":true,"href":"https:\/\/sportseco.com\/index.php?rest_route=\/wp\/v2\/users\/1"}],"replies":[{"embeddable":true,"href":"https:\/\/sportseco.com\/index.php?rest_route=%2Fwp%2Fv2%2Fcomments&post=170508"}],"version-history":[{"count":1,"href":"https:\/\/sportseco.com\/index.php?rest_route=\/wp\/v2\/posts\/170508\/revisions"}],"predecessor-version":[{"id":170511,"href":"https:\/\/sportseco.com\/index.php?rest_route=\/wp\/v2\/posts\/170508\/revisions\/170511"}],"wp:featuredmedia":[{"embeddable":true,"href":"https:\/\/sportseco.com\/index.php?rest_route=\/wp\/v2\/media\/170510"}],"wp:attachment":[{"href":"https:\/\/sportseco.com\/index.php?rest_route=%2Fwp%2Fv2%2Fmedia&parent=170508"}],"wp:term":[{"taxonomy":"category","embeddable":true,"href":"https:\/\/sportseco.com\/index.php?rest_route=%2Fwp%2Fv2%2Fcategories&post=170508"},{"taxonomy":"post_tag","embeddable":true,"href":"https:\/\/sportseco.com\/index.php?rest_route=%2Fwp%2Fv2%2Ftags&post=170508"}],"curies":[{"name":"wp","href":"https:\/\/api.w.org\/{rel}","templated":true}]}}