{"id":170524,"date":"2024-08-02T08:42:19","date_gmt":"2024-08-02T12:42:19","guid":{"rendered":"https:\/\/sportseco.com\/?p=170524"},"modified":"2024-08-02T09:25:18","modified_gmt":"2024-08-02T13:25:18","slug":"cali-lanzo-su-primer-foro-nacional-de-turismo-de-naturaleza-regenerativo-con-asistencia-masiva-de-expertos-y-empresarios","status":"publish","type":"post","link":"https:\/\/sportseco.com\/?p=170524","title":{"rendered":"Cali lanz\u00f3 su Primer Foro Nacional de Turismo de Naturaleza Regenerativo con asistencia masiva de expertos y empresarios"},"content":{"rendered":"\n<figure class=\"wp-block-image\"><img data-recalc-dims=\"1\" decoding=\"async\" src=\"https:\/\/i0.wp.com\/www.cali.gov.co\/turismo\/publicaciones\/182288\/cali-lanzo-su-primer-foro-nacional-de-turismo-de-naturaleza-regenerativo-con-asistencia-masiva-de-expertos-y-empresarios\/info\/principal\/media\/pubInt\/thumbs\/thpub_700X400_182288.jpg?w=640&#038;ssl=1\" alt=\"Cali lanz\u00f3 su Primer Foro Nacional de Turismo de Naturaleza Regenerativo con asistencia masiva de expertos y empresarios\"\/><\/figure>\n\n\n\n<blockquote class=\"wp-block-quote is-layout-flow wp-block-quote-is-layout-flow\">\n<ul class=\"wp-block-list\">\n<li>En su primer d\u00eda, el evento reuni\u00f3 en Cali a representantes de aliados institucionales y emprendedores tur\u00edsticos de diversos departamentos.<\/li>\n<\/ul>\n<\/blockquote>\n\n\n\n<p><strong>Santiago de Cali, 1 de agosto de 2024<\/strong><br \/><br \/>Con la asistencia presencial de 350 personas y virtual de cientos m\u00e1s, culmin\u00f3 con \u00e9xito este jueves, 1 de agosto, el d\u00eda uno del Primer Foro Nacional de Turismo de Naturaleza Regenerativo realizado en la ciudad de Cali.<br \/><br \/>Durante esta primera jornada, expertos, empresarios y emprendedores se congregaron en el Hotel Intercontinental para compartir conocimientos y experiencias previo a la Conferencia de las Partes (COP16), el evento sobre biodiversidad m\u00e1s importante del mundo.&nbsp;<br \/><br \/>El Primer Foro Nacional de Turismo de Naturaleza Regenerativo es posible gracias a la Alcald\u00eda de Cali, con el liderazgo de la Secretar\u00eda de Turismo, en compa\u00f1\u00eda del Programa Destino Naturaleza de USAID y el apoyo del Ministerio de Ciencias, Tecnolog\u00eda e Innovaci\u00f3n y World Wildlife Fund (WWF).<br \/><br \/>Este foro se lleva a cabo con dos objetivos como bandera: fortalecer y promocionar el modelo de desarrollo del turismo de naturaleza regenerativo, el cual busca dejar los lugares mejor que como los encuentra el turista, como herramienta de conservaci\u00f3n de la biodiversidad y multiculturalidad de los territorios y establecer una ruta de preparaci\u00f3n de la cadena de valor del turismo de naturaleza regenerativo antes la COP16.<br \/><br \/>La primera jornada del foro cont\u00f3 con dos sesiones. En la ma\u00f1ana, los aliados institucionales reflexionaron sobre la importancia del turismo de naturaleza regenerativo, mientras que en la tarde el escenario fue para los \u2018Inspiradores x Naturaleza\u2019 que viajaron hasta Cali desde Caquet\u00e1, Casanare y Magdalena, por mencionar algunos departamentos, para contar sus historias y casos de \u00e9xito.<br \/><br \/>El alcalde de Cali, Alejandro Eder, destac\u00f3 que Cali debe apalancarse en eventos, como este foro, para ense\u00f1arle al mundo, a prop\u00f3sito de la COP16, todo su potencial tur\u00edstico de naturaleza regenerativo y biodiversidad representada en sus 563 aves y su Parque Nacional Natural Farallones.<br \/><br \/>\u00abLa riqueza de biodiversidad que tenemos en Cali es algo extraordinario, por eso estamos combatiendo la miner\u00eda ilegal y la tala de \u00e1rboles en nuestros Farallones. Justamente, el turismo de naturaleza regenerativo es una las formas de proteger esa biodiversidad\u201d, expuso Eder.<br \/><br \/>En ese sentido, agreg\u00f3 que la ciudad tomar\u00e1 el \u201cejemplo de pa\u00edses como Costa Rica para proteger la naturaleza e impulsar este tipo de turismo y casos exitosos locales como el del Parque Nacional Natural Sierra Nevada de Santa Marta para que el Parque Nacional Natural Farallones de Cali se convierta en un epicentro tur\u00edstico y de investigaci\u00f3n cient\u00edfica\u201d.<br \/><br \/>A su vez, la secretaria de Turismo de Cali, M\u00e1bel Lara, se\u00f1al\u00f3 que este evento tambi\u00e9n busca que el turismo de naturaleza regenerativo, el cual va un paso m\u00e1s adelante de la sostenibilidad porque involucra directamente al turista, no se quede en una tendencia impulsada por la COP16, sino que perdure en el mercado y el tiempo.<br \/><br \/>\u00abPara Cali es muy importante pensar en estrategias como estas que nos acerquen a un modelo de turismo de naturaleza regenerativo, un concepto innovador para desarrollar un sector tur\u00edstico que, en vez de explotar la riqueza natural y cultural de un territorio, busca conservarlo\u201d, argument\u00f3 Lara, al tiempo que pidi\u00f3 fortalecer la protecci\u00f3n de los Farallones de Cali, donde habita gran parte de la biodiversidad y apuestas tur\u00edsticas de naturaleza de la ciudad.<br \/><br \/>Por su parte, Camila Gonz\u00e1lez, consejera de la misi\u00f3n de USAID en Colombia, explic\u00f3 que el foro debe ser visto como un espacio para compartir, aprender y explorar la belleza natural que Cali ofrece cada d\u00eda.<br \/><br \/>\u00abEstamos convencidos de que tenemos para ofrecer lo que demandan los turistas actualmente, experiencias aut\u00e9nticas y territorios inexplorados. Tambi\u00e9n estamos convencidos de que los turistas que visitan nuestro pa\u00eds son mucho m\u00e1s que viajeros y que con su ayuda estamos promoviendo un flujo econ\u00f3mico importante y un gran aporte a la paz\u201d, reflexion\u00f3 Gonz\u00e1lez.<br \/><br \/>El Primer Foro de Turismo de Naturaleza Regenerativo continuar\u00e1 este viernes, 2 de agosto, con su segunda y \u00faltima jornada, durante la cual cien asistentes, entre los cuales figuran expertos, emprendedores y empresarios, visitar\u00e1n diversos lugares de Cali con potencial para tur\u00edstico que fueron escogidos minuciosamente.<\/p>\n\n\n\n<figure class=\"wp-block-image size-full\"><img data-recalc-dims=\"1\" loading=\"lazy\" decoding=\"async\" width=\"600\" height=\"400\" src=\"https:\/\/i0.wp.com\/sportseco.com\/wp-content\/uploads\/2024\/08\/thgaleria_700X400_306605.jpg?resize=600%2C400&#038;ssl=1\" alt=\"\" class=\"wp-image-170525\" srcset=\"https:\/\/i0.wp.com\/sportseco.com\/wp-content\/uploads\/2024\/08\/thgaleria_700X400_306605.jpg?w=600&amp;ssl=1 600w, https:\/\/i0.wp.com\/sportseco.com\/wp-content\/uploads\/2024\/08\/thgaleria_700X400_306605.jpg?resize=300%2C200&amp;ssl=1 300w\" sizes=\"auto, (max-width: 600px) 100vw, 600px\" \/><\/figure>\n\n\n\n<p>cali.gov.co<\/p>\n","protected":false},"excerpt":{"rendered":"<p>Santiago de Cali, 1 de agosto de 2024 Con la asistencia presencial de 350 personas y virtual de cientos m\u00e1s, culmin\u00f3 con \u00e9xito este jueves, 1 de agosto, el d\u00eda uno del Primer Foro Nacional de Turismo de Naturaleza Regenerativo realizado en la ciudad de Cali. Durante esta primera jornada, expertos, empresarios y emprendedores se [&hellip;]<\/p>\n","protected":false},"author":1,"featured_media":170527,"comment_status":"closed","ping_status":"closed","sticky":false,"template":"","format":"standard","meta":{"_acf_changed":false,"_jetpack_memberships_contains_paid_content":false,"footnotes":"","jetpack_publicize_message":"","jetpack_publicize_feature_enabled":true,"jetpack_social_post_already_shared":true,"jetpack_social_options":{"image_generator_settings":{"template":"highway","default_image_id":0,"font":"","enabled":false},"version":2}},"categories":[6],"tags":[],"class_list":["post-170524","post","type-post","status-publish","format-standard","has-post-thumbnail","hentry","category-ecologia"],"acf":[],"jetpack_publicize_connections":[],"jetpack_featured_media_url":"https:\/\/i0.wp.com\/sportseco.com\/wp-content\/uploads\/2024\/08\/thgaleria_700X400_306605-1.jpg?fit=600%2C400&ssl=1","jetpack_sharing_enabled":true,"_links":{"self":[{"href":"https:\/\/sportseco.com\/index.php?rest_route=\/wp\/v2\/posts\/170524","targetHints":{"allow":["GET"]}}],"collection":[{"href":"https:\/\/sportseco.com\/index.php?rest_route=\/wp\/v2\/posts"}],"about":[{"href":"https:\/\/sportseco.com\/index.php?rest_route=\/wp\/v2\/types\/post"}],"author":[{"embeddable":true,"href":"https:\/\/sportseco.com\/index.php?rest_route=\/wp\/v2\/users\/1"}],"replies":[{"embeddable":true,"href":"https:\/\/sportseco.com\/index.php?rest_route=%2Fwp%2Fv2%2Fcomments&post=170524"}],"version-history":[{"count":2,"href":"https:\/\/sportseco.com\/index.php?rest_route=\/wp\/v2\/posts\/170524\/revisions"}],"predecessor-version":[{"id":170529,"href":"https:\/\/sportseco.com\/index.php?rest_route=\/wp\/v2\/posts\/170524\/revisions\/170529"}],"wp:featuredmedia":[{"embeddable":true,"href":"https:\/\/sportseco.com\/index.php?rest_route=\/wp\/v2\/media\/170527"}],"wp:attachment":[{"href":"https:\/\/sportseco.com\/index.php?rest_route=%2Fwp%2Fv2%2Fmedia&parent=170524"}],"wp:term":[{"taxonomy":"category","embeddable":true,"href":"https:\/\/sportseco.com\/index.php?rest_route=%2Fwp%2Fv2%2Fcategories&post=170524"},{"taxonomy":"post_tag","embeddable":true,"href":"https:\/\/sportseco.com\/index.php?rest_route=%2Fwp%2Fv2%2Ftags&post=170524"}],"curies":[{"name":"wp","href":"https:\/\/api.w.org\/{rel}","templated":true}]}}