{"id":170536,"date":"2024-08-02T12:06:49","date_gmt":"2024-08-02T16:06:49","guid":{"rendered":"https:\/\/sportseco.com\/?p=170536"},"modified":"2024-08-02T12:06:53","modified_gmt":"2024-08-02T16:06:53","slug":"incendios-forestales-en-la-amazonia-brasilena-el-peor-mes-de-julio-en-casi-dos-decenios","status":"publish","type":"post","link":"https:\/\/sportseco.com\/?p=170536","title":{"rendered":"Incendios forestales en la Amazon\u00eda brasile\u00f1a: El peor mes de julio en casi dos decenios"},"content":{"rendered":"\n<p><strong>R\u00edo de Janeiro.- La Amazon\u00eda brasile\u00f1a registr\u00f3 11.434 incendios forestales en julio, el mayor n\u00famero para este mes en casi dos d\u00e9cadas, como consecuencia de los cambios clim\u00e1ticos y de los efectos prolongados del fen\u00f3meno de El Ni\u00f1o, seg\u00fan han informado fuentes oficiales.<\/strong><\/p>\n\n\n\n<p>El n\u00famero de focos de calor en la parte brasile\u00f1a de la mayor selva tropical del mundo no era tan elevado para un mes de julio desde 2005, cuando se registraron 19.364 incendios, seg\u00fan los datos divulgados por el estatal Instituto Nacional de Pesquisas Espaciales (INPE).<\/p>\n\n\n\n<p>La Amazon\u00eda registr\u00f3 un poco m\u00e1s de la mitad (50,9 %) de todos los incendios forestales detectados en Brasil en julio de este a\u00f1o.<\/p>\n\n\n\n<p>De acuerdo con las mediciones por sat\u00e9lite del INPE, los incendios en julio en la Amazon\u00eda pr\u00e1cticamente doblaron los del mismo mes de 2023 (5.772) y de 2022 (5.373).<\/p>\n\n\n\n<p>Adem\u00e1s de saltar un 98 % en comparaci\u00f3n con julio de 2023, el n\u00famero de focos de calor fue cuatro veces superior al de junio de este a\u00f1o (2.842).<\/p>\n\n\n\n<p>De la misma forma, el n\u00famero de focos de calor acumulados en la Amazon\u00eda brasile\u00f1a en los siete primeros meses del a\u00f1o subi\u00f3 hasta 24.923, el mayor para el per\u00edodo desde 2005 (31.016).<\/p>\n\n\n\n<p>Los incendios en los primeros siete meses del a\u00f1o saltaron un 76 % en la comparaci\u00f3n con los del per\u00edodo enero-julio de 2023 (14.116).<\/p>\n\n\n\n<h2 class=\"wp-block-heading\">Verano amaz\u00f3nico<\/h2>\n\n\n\n<p>Seg\u00fan la organizaci\u00f3n ecol\u00f3gica Greenpeace, la situaci\u00f3n puede empeorar en los pr\u00f3ximos meses debido a que \u00abse espera un aumento en las alertas de deforestaci\u00f3n y de los incendios en la Amazon\u00eda entre julio y octubre, \u00e9poca en que la regi\u00f3n pasa por el llamado &#8216;verano amaz\u00f3nico'\u00bb.<\/p>\n\n\n\n<p>En este per\u00edodo, que suele prolongarse hasta noviembre y que el a\u00f1o pasado se extendi\u00f3 casi hasta diciembre, se reducen las lluvias en la Amazon\u00eda, disminuye la humedad relativa del aire y aumentan las temperaturas, \u00ablo que deja la vegetaci\u00f3n m\u00e1s seca y vulnerable al fuego\u00bb, dice Greenpeace.<\/p>\n\n\n\n<p>Pese a esas condiciones naturales que facilitan los incendios, el portavoz para las campa\u00f1as del Greenpeace en Brasil, R\u00f3mulo Batista, advierte que gran parte de los focos son provocados por hacendados o colonos que queman el bosque o sus cultivos para preparar el terreno para la siembra y muchas veces pierden el control sobre el fuego.<\/p>\n\n\n\n<p>Batista avisa igualmente de que julio es el primer mes de un per\u00edodo de sequ\u00eda en la Amazon\u00eda que, seg\u00fan los pron\u00f3sticos, ser\u00e1 peor que la de 2023, cuando la cuenca amaz\u00f3nica enfrent\u00f3 una hist\u00f3rica reducci\u00f3n de las lluvias y de los niveles de sus r\u00edos.<\/p>\n\n\n\n<p>Algunos estados amaz\u00f3nicos ya declararon el estado de emergencia este a\u00f1o por la disminuci\u00f3n de los niveles de los r\u00edos.<\/p>\n\n\n\n<p>\u00abTeniendo en cuenta que a\u00fan tenemos tres meses de verano amaz\u00f3nico, la situaci\u00f3n es de extrema preocupaci\u00f3n. La selva y sus pueblos a\u00fan se recupera de la sequ\u00eda y de los incendios forestales del a\u00f1o pasado y lo que viene puede ser peor, lo que puede llevar la situaci\u00f3n de devastaci\u00f3n en la Amazon\u00eda a\u00fan m\u00e1s cerca del punto de no retorno\u00bb, alerta. EFEverde<\/p>\n","protected":false},"excerpt":{"rendered":"<p>R\u00edo de Janeiro.- La Amazon\u00eda brasile\u00f1a registr\u00f3 11.434 incendios forestales en julio, el mayor n\u00famero para este mes en casi dos d\u00e9cadas, como consecuencia de los cambios clim\u00e1ticos y de los efectos prolongados del fen\u00f3meno de El Ni\u00f1o, seg\u00fan han informado fuentes oficiales. El n\u00famero de focos de calor en la parte brasile\u00f1a de la [&hellip;]<\/p>\n","protected":false},"author":1,"featured_media":170537,"comment_status":"closed","ping_status":"closed","sticky":false,"template":"","format":"standard","meta":{"_acf_changed":false,"_jetpack_memberships_contains_paid_content":false,"footnotes":"","jetpack_publicize_message":"","jetpack_publicize_feature_enabled":true,"jetpack_social_post_already_shared":true,"jetpack_social_options":{"image_generator_settings":{"template":"highway","default_image_id":0,"font":"","enabled":false},"version":2}},"categories":[6],"tags":[],"class_list":["post-170536","post","type-post","status-publish","format-standard","has-post-thumbnail","hentry","category-ecologia"],"acf":[],"jetpack_publicize_connections":[],"jetpack_featured_media_url":"https:\/\/i0.wp.com\/sportseco.com\/wp-content\/uploads\/2024\/08\/AME7307-BRASIL-AMAZONIA.jpg?fit=1920%2C1080&ssl=1","jetpack_sharing_enabled":true,"_links":{"self":[{"href":"https:\/\/sportseco.com\/index.php?rest_route=\/wp\/v2\/posts\/170536","targetHints":{"allow":["GET"]}}],"collection":[{"href":"https:\/\/sportseco.com\/index.php?rest_route=\/wp\/v2\/posts"}],"about":[{"href":"https:\/\/sportseco.com\/index.php?rest_route=\/wp\/v2\/types\/post"}],"author":[{"embeddable":true,"href":"https:\/\/sportseco.com\/index.php?rest_route=\/wp\/v2\/users\/1"}],"replies":[{"embeddable":true,"href":"https:\/\/sportseco.com\/index.php?rest_route=%2Fwp%2Fv2%2Fcomments&post=170536"}],"version-history":[{"count":1,"href":"https:\/\/sportseco.com\/index.php?rest_route=\/wp\/v2\/posts\/170536\/revisions"}],"predecessor-version":[{"id":170538,"href":"https:\/\/sportseco.com\/index.php?rest_route=\/wp\/v2\/posts\/170536\/revisions\/170538"}],"wp:featuredmedia":[{"embeddable":true,"href":"https:\/\/sportseco.com\/index.php?rest_route=\/wp\/v2\/media\/170537"}],"wp:attachment":[{"href":"https:\/\/sportseco.com\/index.php?rest_route=%2Fwp%2Fv2%2Fmedia&parent=170536"}],"wp:term":[{"taxonomy":"category","embeddable":true,"href":"https:\/\/sportseco.com\/index.php?rest_route=%2Fwp%2Fv2%2Fcategories&post=170536"},{"taxonomy":"post_tag","embeddable":true,"href":"https:\/\/sportseco.com\/index.php?rest_route=%2Fwp%2Fv2%2Ftags&post=170536"}],"curies":[{"name":"wp","href":"https:\/\/api.w.org\/{rel}","templated":true}]}}