{"id":170577,"date":"2024-08-03T14:44:41","date_gmt":"2024-08-03T18:44:41","guid":{"rendered":"https:\/\/sportseco.com\/?p=170577"},"modified":"2024-08-03T14:44:47","modified_gmt":"2024-08-03T18:44:47","slug":"el-calor-se-cobra-mas-de-175-000-vidas-al-ano-en-europa-segun-los-ultimos-datos","status":"publish","type":"post","link":"https:\/\/sportseco.com\/?p=170577","title":{"rendered":"El calor se cobra m\u00e1s de 175.000 vidas al a\u00f1o en Europa, seg\u00fan los \u00faltimos datos"},"content":{"rendered":"\n<p>El estr\u00e9s t\u00e9rmico es la principal causa de muerte relacionada con el clima en la regi\u00f3n europea, dice la agencia sanitaria mundial, y llama a los gobiernos a tomar medidas para mitigar los choques t\u00e9rmicos en las personas vulnerables. Los efectos negativos del calor y el calor extremo en la salud son en gran medida prevenibles, a\u00f1ade. Entre 2000 y 2019 se produjeron en el mundo 489.000 decesos anuales vinculados al calor.<\/p>\n\n\n\n<p>Unas 175.000 personas mueren cada a\u00f1o en Europa por causas relacionadas con el calor, y&nbsp;<strong>esa cifra se disparar\u00e1 en consonancia con el calentamiento constante del planeta<\/strong>, advirti\u00f3 este viernes la&nbsp;<a href=\"http:\/\/www.who.int\/es\/\" target=\"_blank\" rel=\"noreferrer noopener\">Organizaci\u00f3n Mundial de la Salud<\/a>&nbsp;(<a href=\"http:\/\/www.who.int\/es\/\" target=\"_blank\" rel=\"noreferrer noopener\">OMS<\/a>).<\/p>\n\n\n\n<p>Seg\u00fan ese organismo, las temperaturas en los pa\u00edses europeos est\u00e1n&nbsp;<strong>aumentando a un ritmo que duplica el promedio mundial.<\/strong><\/p>\n\n\n\n<p>El director regional de la OMS para Europa dijo que m\u00e1s de 50 pa\u00edses de ese continente est\u00e1n pagando el precio m\u00e1ximo del calentamiento global, y record\u00f3 que hace apenas unos d\u00edas, el planeta alcanz\u00f3 la temperatura promedio m\u00e1s c\u00e1lida que se haya registrado, 17,16\u00ba C, con&nbsp;<strong>olas de calor azotando el hemisferio norte<\/strong>.<\/p>\n\n\n\n<p>Hans Kluge agreg\u00f3 que los tres a\u00f1os m\u00e1s c\u00e1lidos registrados en Europa han ocurrido a partir de 2020 y que la d\u00e9cada m\u00e1s calurosa se document\u00f3 desde 2007.<\/p>\n\n\n\n<h3 class=\"wp-block-heading\">El calor exacerba los problemas de salud<\/h3>\n\n\n\n<p>\u201cEn la regi\u00f3n europea,&nbsp;<strong>el estr\u00e9s t\u00e9rmico es la principal causa de muerte relacionada con el clima<\/strong>&nbsp;en la regi\u00f3n\u201d, enfatiz\u00f3, a\u00f1adiendo que las temperaturas extremas como las que se est\u00e1n observando en este momento exacerban los problemas cr\u00f3nicos de salud, incluidas las enfermedades cardiovasculares, respiratorias y cerebrovasculares, la salud mental y las condiciones relacionadas con la diabetes tambi\u00e9n.<\/p>\n\n\n\n<p>Kluge destac\u00f3 que el calor extremo supone un&nbsp;<strong>grave problema para las personas mayores<\/strong>, sobre todo si viven solas, y tambi\u00e9n puede ser una carga adicional para las mujeres embarazadas.<\/p>\n\n\n\n<p>En este sentido, la OMS insisti\u00f3 en que&nbsp;<strong>los gobiernos deben tomar medidas&nbsp;<\/strong>para mitigar los choques t\u00e9rmicos en las personas vulnerables.<\/p>\n\n\n\n<p>M\u00e1s de 20 pa\u00edses de la regi\u00f3n europea tienen planes de este tipo en marcha, pero no son suficientes para proteger a todas las comunidades, apunt\u00f3 la agencia sanitaria.<\/p>\n\n\n\n<figure class=\"wp-block-image\"><img data-recalc-dims=\"1\" decoding=\"async\" src=\"https:\/\/i0.wp.com\/global.unitednations.entermediadb.net\/assets\/mediadb\/services\/module\/asset\/downloads\/preset\/Libraries\/Production%20Library\/25-07-2023_Unsplash_heatwave.jpg\/image1170x530cropped.jpg?w=640&#038;ssl=1\" alt=\"Mantenerse fresco durante una ola de calor es especialmente importante para los ni\u00f1os, a quienes les cuesta m\u00e1s regular la temperatura corporal que a los adultos.\" title=\"Mantenerse fresco durante una ola de calor es especialmente importante para los ni\u00f1os, a quienes les cuesta m\u00e1s regular la temperatura corporal que a los adultos.\"\/><\/figure>\n\n\n\n<p>\u00a9 Unsplash\/Andrew Seaman<\/p>\n\n\n\n<p>Mantenerse fresco durante una ola de calor es especialmente importante para los ni\u00f1os, a quienes les cuesta m\u00e1s regular la temperatura corporal que a los adultos.<\/p>\n\n\n\n<h3 class=\"wp-block-heading\">Llamado a la acci\u00f3n<\/h3>\n\n\n\n<p>El mes pasado, el&nbsp;<a href=\"https:\/\/www.un.org\/sg\/es\">Secretario General<\/a>&nbsp;de la ONU hizo un llamado a la acci\u00f3n frente al calor extremo. \u201c<strong>La Tierra se est\u00e1 volviendo m\u00e1s caliente y peligrosa<\/strong>&nbsp;para todos, en todas partes\u201d, afirm\u00f3 Ant\u00f3nio Guterres en esa ocasi\u00f3n.<\/p>\n\n\n\n<p>La crisis clim\u00e1tica ya est\u00e1 elevando las temperaturas a niveles insoportables en algunos lugares. Las proyecciones muestran que&nbsp;<strong>entre 2000 y 2019 se produjeron en el mundo unas 489.000 muertes relacionadas con el calor cada a\u00f1o<\/strong>, y que la regi\u00f3n europea represent\u00f3 el 36%, o en promedio m\u00e1s de 175.000 vidas anuales.<\/p>\n\n\n\n<p>Las declaraciones del Secretario General coincidieron con la semana en la que se registraron&nbsp;<strong>los tres d\u00edas m\u00e1s c\u00e1lidos en la Tierra<\/strong>&nbsp;en la historia reciente, de acuerdo con datos de la&nbsp;<a href=\"https:\/\/public.wmo.int\/es\" target=\"_blank\" rel=\"noreferrer noopener\">Organizaci\u00f3n Meteorol\u00f3gica Mundial<\/a>&nbsp;(<a href=\"https:\/\/public.wmo.int\/es\" target=\"_blank\" rel=\"noreferrer noopener\">OMM<\/a>).<\/p>\n\n\n\n<p>El 22 de julio de 2024, la temperatura media mundial diaria alcanz\u00f3 un r\u00e9cord de 17,16 \u00b0C, seg\u00fan el Servicio de Cambio Clim\u00e1tico Copernicus de la Uni\u00f3n Europea. El 23 de julio, el valor preliminar fue de 17,15 \u00b0C. El 21 de julio, el term\u00f3metro lleg\u00f3 a 17,09 \u00b0C. Los tres d\u00edas fueron m\u00e1s c\u00e1lidos que el r\u00e9cord anterior de 17,08 \u00b0C, alcanzado el 6 de julio de 2023.<\/p>\n\n\n\n<h3 class=\"wp-block-heading\">Los efectos negativos son prevenibles<\/h3>\n\n\n\n<p>El doctor Kluge reiter\u00f3 que los efectos negativos del calor y el calor extremo en la salud son en gran medida prevenibles. \u201c<strong>Si estamos mejor preparados para una regi\u00f3n m\u00e1s c\u00e1lida, salvaremos muchas vidas<\/strong>, tanto ahora como en el futuro\u201d, sostuvo.<\/p>\n\n\n\n<p>Para hacer frente a las olas de calor, la OMS emiti\u00f3 las siguientes&nbsp;<strong>recomendaciones:<\/strong><\/p>\n\n\n\n<ul class=\"wp-block-list\">\n<li><strong>Mantenerse alejado del calor<\/strong>: evitar salir y realizar actividades extenuantes cuando el sol est\u00e1 en su punto m\u00e1s fuerte. Permanecer a la sombra y no dejar a los ni\u00f1os o animales en veh\u00edculos estacionados. Si es necesario y posible, pasar dos o tres horas en un lugar fresco, como un supermercado o un cine.<\/li>\n\n\n\n<li>Intentar\u00a0<strong>mantener la casa fresca<\/strong>: utilizar el aire de la noche para enfriar la casa. Reducir la carga t\u00e9rmica dentro de la casa o la habitaci\u00f3n del hotel durante el d\u00eda utilizando persianas o contraventanas, abri\u00e9ndolas por la noche para ventilar la casa.<\/li>\n\n\n\n<li><strong>Mantener el cuerpo fresco e hidratado<\/strong>: utilizar ropa ligera y holgada y ropa de cama ligera, tomar duchas o ba\u00f1os fr\u00edos y beber agua con regularidad, evitando las bebidas azucaradas, alcoh\u00f3licas o con cafe\u00edna que provocan deshidrataci\u00f3n.<\/li>\n\n\n\n<li>Cuidarse a s\u00ed mismo y a los dem\u00e1s:\u00a0<strong>monitorear a familiares, amigos y vecinos<\/strong>, especialmente a los ancianos, sobre todo si est\u00e1n solos.<\/li>\n<\/ul>\n\n\n\n<h3 class=\"wp-block-heading\">\u00bfQu\u00e9 son las olas de calor?<\/h3>\n\n\n\n<p>La OMS define las olas de calor como \u201c<strong>periodos de clima inusualmente c\u00e1lido y seco o c\u00e1lido y h\u00famedo<\/strong>&nbsp;que tienen un inicio y un final sutiles, una duraci\u00f3n de al menos dos a tres d\u00edas y un impacto perceptible en las actividades humanas\u201d.<\/p>\n\n\n\n<p>De acuerdo con la agencia meteorol\u00f3gica, las olas de calor&nbsp;<strong>se diferencian de los periodos c\u00e1lidos, aunque tienen muchas similitudes<\/strong>. Un periodo c\u00e1lido es un lapso persistente de clima anormalmente c\u00e1lido en un lugar. Un periodo c\u00e1lido tambi\u00e9n puede definirse en t\u00e9rminos del percentil 90 o 95 de la temperatura m\u00e1xima diaria. Los periodos c\u00e1lidos pueden ocurrir en cualquier momento del a\u00f1o, mientras que las olas de calor solo suceden en la estaci\u00f3n c\u00e1lida.<\/p>\n\n\n\n<p><\/p>\n\n\n\n<p>news.un.org<\/p>\n","protected":false},"excerpt":{"rendered":"<p>El estr\u00e9s t\u00e9rmico es la principal causa de muerte relacionada con el clima en la regi\u00f3n europea, dice la agencia sanitaria mundial, y llama a los gobiernos a tomar medidas para mitigar los choques t\u00e9rmicos en las personas vulnerables. Los efectos negativos del calor y el calor extremo en la salud son en gran medida [&hellip;]<\/p>\n","protected":false},"author":1,"featured_media":170578,"comment_status":"closed","ping_status":"closed","sticky":false,"template":"","format":"standard","meta":{"_acf_changed":false,"_jetpack_memberships_contains_paid_content":false,"footnotes":"","jetpack_publicize_message":"","jetpack_publicize_feature_enabled":true,"jetpack_social_post_already_shared":true,"jetpack_social_options":{"image_generator_settings":{"template":"highway","default_image_id":0,"font":"","enabled":false},"version":2}},"categories":[6],"tags":[],"class_list":["post-170577","post","type-post","status-publish","format-standard","has-post-thumbnail","hentry","category-ecologia"],"acf":[],"jetpack_publicize_connections":[],"jetpack_featured_media_url":"https:\/\/i0.wp.com\/sportseco.com\/wp-content\/uploads\/2024\/08\/image1170x530cropped.jpg?fit=1170%2C530&ssl=1","jetpack_sharing_enabled":true,"_links":{"self":[{"href":"https:\/\/sportseco.com\/index.php?rest_route=\/wp\/v2\/posts\/170577","targetHints":{"allow":["GET"]}}],"collection":[{"href":"https:\/\/sportseco.com\/index.php?rest_route=\/wp\/v2\/posts"}],"about":[{"href":"https:\/\/sportseco.com\/index.php?rest_route=\/wp\/v2\/types\/post"}],"author":[{"embeddable":true,"href":"https:\/\/sportseco.com\/index.php?rest_route=\/wp\/v2\/users\/1"}],"replies":[{"embeddable":true,"href":"https:\/\/sportseco.com\/index.php?rest_route=%2Fwp%2Fv2%2Fcomments&post=170577"}],"version-history":[{"count":1,"href":"https:\/\/sportseco.com\/index.php?rest_route=\/wp\/v2\/posts\/170577\/revisions"}],"predecessor-version":[{"id":170579,"href":"https:\/\/sportseco.com\/index.php?rest_route=\/wp\/v2\/posts\/170577\/revisions\/170579"}],"wp:featuredmedia":[{"embeddable":true,"href":"https:\/\/sportseco.com\/index.php?rest_route=\/wp\/v2\/media\/170578"}],"wp:attachment":[{"href":"https:\/\/sportseco.com\/index.php?rest_route=%2Fwp%2Fv2%2Fmedia&parent=170577"}],"wp:term":[{"taxonomy":"category","embeddable":true,"href":"https:\/\/sportseco.com\/index.php?rest_route=%2Fwp%2Fv2%2Fcategories&post=170577"},{"taxonomy":"post_tag","embeddable":true,"href":"https:\/\/sportseco.com\/index.php?rest_route=%2Fwp%2Fv2%2Ftags&post=170577"}],"curies":[{"name":"wp","href":"https:\/\/api.w.org\/{rel}","templated":true}]}}