{"id":170592,"date":"2024-08-05T06:59:56","date_gmt":"2024-08-05T10:59:56","guid":{"rendered":"https:\/\/sportseco.com\/?p=170592"},"modified":"2024-08-05T07:00:41","modified_gmt":"2024-08-05T11:00:41","slug":"minambiente-anuncia-creacion-de-consejo-territorial-del-agua-para-la-gobernanza-hidrica-del-magdalena","status":"publish","type":"post","link":"https:\/\/sportseco.com\/?p=170592","title":{"rendered":"Minambiente anuncia creaci\u00f3n de Consejo Territorial del Agua para la gobernanza h\u00eddrica del Magdalena"},"content":{"rendered":"\n<figure class=\"wp-block-image\"><img data-recalc-dims=\"1\" decoding=\"async\" src=\"https:\/\/i0.wp.com\/www.minambiente.gov.co\/wp-content\/uploads\/2024\/08\/Isla-Salamanca.jpg?w=640&#038;ssl=1\" alt=\"Minambiente anuncia creaci\u00f3n de Consejo Territorial del Agua para la gobernanza h\u00eddrica del Magdalena\" title=\"Minambiente anuncia creaci\u00f3n de Consejo Territorial del Agua para la gobernanza h\u00eddrica del Magdalena\"\/><\/figure>\n\n\n\n<ul class=\"wp-block-list\">\n<li>La ministra de Ambiente anunci\u00f3 la creaci\u00f3n de un nuevo consejo para gestionar integralmente la conexi\u00f3n entre la Sierra Nevada de Santa Marta, la Ci\u00e9naga Grande y el r\u00edo Magdalena, con el objetivo de mejorar la gobernanza y la planificaci\u00f3n del sistema h\u00eddrico.<\/li>\n\n\n\n<li>Se implementar\u00e1 un puesto de control para la temporada de sequ\u00eda con carabineros y entidades de emergencia, que permitir\u00e1 mejorar la respuesta a incendios forestales y desastres ambientales, adem\u00e1s del establecimiento de una red de vig\u00edas ambientales comunitarios en el Parque Isla de Salamanca.<\/li>\n<\/ul>\n\n\n\n<p><strong>\u00a0<\/strong><strong>Magdalena, 4 de agosto de 2024 (@Minambienteco)<\/strong>\u00a0\u2013 Tras la mesa de alto nivel realizada en el Parque Isla de Salamanca, la ministra de Ambiente y Desarrollo Sostenible, Susana Muhamad, anunci\u00f3 la creaci\u00f3n del Consejo Territorial del Agua, una iniciativa clave para la gobernanza y planificaci\u00f3n integral del sistema que conecta la Sierra Nevada de Santa Marta, la Ci\u00e9naga Grande y el r\u00edo Magdalena. Este consejo se formar\u00e1 para enfrentar de manera coordinada los retos ambientales y mejorar la gesti\u00f3n de estos ecosistemas cruciales.<\/p>\n\n\n\n<p>\u00abPrimero, quiero decir que con los gobernadores y la RAP hemos decidido constituir un Consejo Territorial del Agua. Este consejo se encargar\u00e1 de una gobernanza y planificaci\u00f3n integral de la conexi\u00f3n entre la Sierra Nevada de Santa Marta, la Ci\u00e9naga Grande y el r\u00edo Magdalena. Hemos reconocido que forman un \u00fanico sistema. Aunque hoy nos centramos en el Parque Isla Salamanca y en c\u00f3mo prepararnos para la pr\u00f3xima temporada de sequ\u00eda para evitar desastres ambientales como los de este a\u00f1o, hemos trabajado conjuntamente para entender que solo abordando el sistema en su totalidad frente al cambio clim\u00e1tico podremos garantizar su futuro\u00bb, afirm\u00f3 la ministra Muhamad.<\/p>\n\n\n\n<p>Dicha mesa de alto nivel encabezada por la ministra Muhamad cont\u00f3 con la participaci\u00f3n del alcalde de Barranquilla, Alejandro Char; el gobernador del Atl\u00e1ntico, Eduardo Verano de la Rosa; y otras autoridades locales y ambientales. El encuentro tuvo como objetivo abordar los desaf\u00edos ambientales que enfrentan el Parque Isla de Salamanca y la Ci\u00e9naga de Mallorqu\u00edn.<\/p>\n\n\n\n<p>El Consejo Territorial del Agua ser\u00e1 presentado en Santa Marta o Barranquilla antes de la COP16. La iniciativa buscar\u00e1 recuperar el legado del programa Proci\u00e9naga y examinar las dificultades en la gesti\u00f3n del flujo de agua del r\u00edo Magdalena a trav\u00e9s de los ca\u00f1os.<\/p>\n\n\n\n<p>La ministra explic\u00f3 que el Consejo tambi\u00e9n abordar\u00e1 problemas relacionados con los viaductos y las v\u00edas en concesi\u00f3n del Magdalena, as\u00ed como el proyecto de Inv\u00edas en la regi\u00f3n. Trabajaremos en estrecha colaboraci\u00f3n con la RAP Caribe y el Gobierno Nacional para coordinar inversiones estructurales y asegurar los recursos necesarios para este programa integral durante la COP16.<\/p>\n\n\n\n<p><strong>Acciones para combatir los incendios forestales<\/strong><\/p>\n\n\n\n<p>En respuesta a los desaf\u00edos de sequ\u00eda y la falta de coordinaci\u00f3n institucional en la gesti\u00f3n de incendios, se abrir\u00e1 un puesto de mando unificado en uno de los puntos de control, con el apoyo de carabineros y todas las entidades de emergencia. Adem\u00e1s, se establecer\u00e1 una red de vig\u00edas ambientales comunitarios para fortalecer la respuesta local.<\/p>\n\n\n\n<p>La ministra destac\u00f3 que el Parque Isla de Salamanca es clave para la educaci\u00f3n ambiental y la inclusi\u00f3n social. La participaci\u00f3n comunitaria ser\u00e1 esencial para el \u00e9xito de estos proyectos, y se convocar\u00e1 una sesi\u00f3n del Consejo Nacional de Lucha contra la Deforestaci\u00f3n y otros Delitos Ambientales para abordar las cuestiones de seguridad relacionadas con los incendios.<\/p>\n\n\n\n<p>Este esfuerzo refleja el compromiso del Gobierno con una gesti\u00f3n ambiental integral y sostenible, promoviendo la colaboraci\u00f3n entre todas las partes interesadas para proteger nuestros recursos naturales y enfrentar de manera efectiva los retos ambientales.<\/p>\n\n\n\n<p><\/p>\n\n\n\n<p><\/p>\n\n\n\n<p>minambiente.gov.co<\/p>\n","protected":false},"excerpt":{"rendered":"<p>\u00a0Magdalena, 4 de agosto de 2024 (@Minambienteco)\u00a0\u2013 Tras la mesa de alto nivel realizada en el Parque Isla de Salamanca, la ministra de Ambiente y Desarrollo Sostenible, Susana Muhamad, anunci\u00f3 la creaci\u00f3n del Consejo Territorial del Agua, una iniciativa clave para la gobernanza y planificaci\u00f3n integral del sistema que conecta la Sierra Nevada de Santa [&hellip;]<\/p>\n","protected":false},"author":1,"featured_media":170593,"comment_status":"closed","ping_status":"closed","sticky":false,"template":"","format":"standard","meta":{"_acf_changed":false,"_jetpack_memberships_contains_paid_content":false,"footnotes":"","jetpack_publicize_message":"","jetpack_publicize_feature_enabled":true,"jetpack_social_post_already_shared":true,"jetpack_social_options":{"image_generator_settings":{"template":"highway","default_image_id":0,"font":"","enabled":false},"version":2}},"categories":[6],"tags":[],"class_list":["post-170592","post","type-post","status-publish","format-standard","has-post-thumbnail","hentry","category-ecologia"],"acf":[],"jetpack_publicize_connections":[],"jetpack_featured_media_url":"https:\/\/i0.wp.com\/sportseco.com\/wp-content\/uploads\/2024\/08\/Isla-Salamanca.jpg?fit=800%2C457&ssl=1","jetpack_sharing_enabled":true,"_links":{"self":[{"href":"https:\/\/sportseco.com\/index.php?rest_route=\/wp\/v2\/posts\/170592","targetHints":{"allow":["GET"]}}],"collection":[{"href":"https:\/\/sportseco.com\/index.php?rest_route=\/wp\/v2\/posts"}],"about":[{"href":"https:\/\/sportseco.com\/index.php?rest_route=\/wp\/v2\/types\/post"}],"author":[{"embeddable":true,"href":"https:\/\/sportseco.com\/index.php?rest_route=\/wp\/v2\/users\/1"}],"replies":[{"embeddable":true,"href":"https:\/\/sportseco.com\/index.php?rest_route=%2Fwp%2Fv2%2Fcomments&post=170592"}],"version-history":[{"count":3,"href":"https:\/\/sportseco.com\/index.php?rest_route=\/wp\/v2\/posts\/170592\/revisions"}],"predecessor-version":[{"id":170597,"href":"https:\/\/sportseco.com\/index.php?rest_route=\/wp\/v2\/posts\/170592\/revisions\/170597"}],"wp:featuredmedia":[{"embeddable":true,"href":"https:\/\/sportseco.com\/index.php?rest_route=\/wp\/v2\/media\/170593"}],"wp:attachment":[{"href":"https:\/\/sportseco.com\/index.php?rest_route=%2Fwp%2Fv2%2Fmedia&parent=170592"}],"wp:term":[{"taxonomy":"category","embeddable":true,"href":"https:\/\/sportseco.com\/index.php?rest_route=%2Fwp%2Fv2%2Fcategories&post=170592"},{"taxonomy":"post_tag","embeddable":true,"href":"https:\/\/sportseco.com\/index.php?rest_route=%2Fwp%2Fv2%2Ftags&post=170592"}],"curies":[{"name":"wp","href":"https:\/\/api.w.org\/{rel}","templated":true}]}}