{"id":170604,"date":"2024-08-05T07:12:30","date_gmt":"2024-08-05T11:12:30","guid":{"rendered":"https:\/\/sportseco.com\/?p=170604"},"modified":"2024-08-05T07:12:34","modified_gmt":"2024-08-05T11:12:34","slug":"bogota-sera-la-sede-de-la-primera-cumbre-regional-de-metano-de-america-latina-y-el-caribe","status":"publish","type":"post","link":"https:\/\/sportseco.com\/?p=170604","title":{"rendered":"Bogot\u00e1 ser\u00e1 la sede de la primera Cumbre Regional de Metano de Am\u00e9rica Latina y el Caribe"},"content":{"rendered":"\n<p><strong>Quito (EFEverde).- La primera Cumbre Regional de Metano de Am\u00e9rica Latina y el Caribe tendr\u00e1 lugar en Bogot\u00e1 el pr\u00f3ximo 26 de agosto para poner sobre la mesa los impactos que produce este elemento, uno de los m\u00e1s importantes dentro de los gases de efecto invernadero (GEI).<\/strong><\/p>\n\n\n\n<p>La Organizaci\u00f3n Latinoamericana de la Energ\u00eda (Olade), que tiene sede en Quito y que organiza este encuentro junto al Ministerio de Energ\u00eda y Minas de Colombia, ha recordado en un comunicado que el metano (CH4) destaca por su alto potencial de calentamiento global, casi 30 veces superior al del di\u00f3xido de carbono (CO2).<\/p>\n\n\n\n<blockquote class=\"wp-block-quote is-layout-flow wp-block-quote-is-layout-flow\">\n<p>\u00abFrente a la amenaza que representan los impactos del cambio clim\u00e1tico en la regi\u00f3n, reducir las emisiones de metano es una estrategia fundamental de acci\u00f3n clim\u00e1tica\u00bb, se\u00f1ala el organismo internacional.<\/p>\n<\/blockquote>\n\n\n\n<p>A esta cumbre, que cuenta con el apoyo del Banco de Desarrollo de Am\u00e9rica Latina y el Caribe (CAF) y el Global Methane Hub (GMH), est\u00e1 previsto que asistan altos funcionarios de energ\u00eda de la regi\u00f3n, organismos de financiaci\u00f3n internacional, organizaciones no gubernamentales, representantes de la academia, c\u00e1maras y empresas del sector del petr\u00f3leo y gas.<\/p>\n\n\n\n<h2 class=\"wp-block-heading\">Temas a debate<\/h2>\n\n\n\n<p>Durante la jornada se presentar\u00e1n los avances del Observatorio de Emisiones de Metano de Latinoam\u00e9rica y el Caribe (Oemlac) de la Olade, una herramienta de recopilaci\u00f3n, an\u00e1lisis y difusi\u00f3n de datos sobre emisiones de metano.<\/p>\n\n\n\n<p>Asimismo, se desarrollar\u00e1n paneles y conferencias enfocadas en los inventarios y la reducci\u00f3n de metano.<\/p>\n\n\n\n<p>En esos espacios tambi\u00e9n se explorar\u00e1n oportunidades de financiaci\u00f3n disponibles para el descenso de emisiones de metano en el sector petr\u00f3leo y gas y discutir el rol de las empresas del sector en la descarbonizaci\u00f3n y las estrategias que est\u00e1n implementando para reducir sus emisiones de metano.<\/p>\n\n\n\n<p>Para Latinoam\u00e9rica y el Caribe, el sector energ\u00e9tico, particularmente el de petr\u00f3leo y gas, representa la principal fuente de emisiones de metano, seg\u00fan ha recordado la Olade.<\/p>\n\n\n\n<p>\u00abFrente a los retos de la transici\u00f3n energ\u00e9tica y los compromisos de descarbonizaci\u00f3n de los pa\u00edses, el abordaje conjunto por parte de todos los actores vinculados a la cadena productiva se hace cada vez m\u00e1s necesario\u00bb, concluye en su comunicado. EFEverde<\/p>\n","protected":false},"excerpt":{"rendered":"<p>Quito (EFEverde).- La primera Cumbre Regional de Metano de Am\u00e9rica Latina y el Caribe tendr\u00e1 lugar en Bogot\u00e1 el pr\u00f3ximo 26 de agosto para poner sobre la mesa los impactos que produce este elemento, uno de los m\u00e1s importantes dentro de los gases de efecto invernadero (GEI). La Organizaci\u00f3n Latinoamericana de la Energ\u00eda (Olade), que [&hellip;]<\/p>\n","protected":false},"author":1,"featured_media":170605,"comment_status":"closed","ping_status":"closed","sticky":false,"template":"","format":"standard","meta":{"_acf_changed":false,"_jetpack_memberships_contains_paid_content":false,"footnotes":"","jetpack_publicize_message":"","jetpack_publicize_feature_enabled":true,"jetpack_social_post_already_shared":true,"jetpack_social_options":{"image_generator_settings":{"template":"highway","default_image_id":0,"font":"","enabled":false},"version":2}},"categories":[6],"tags":[],"class_list":["post-170604","post","type-post","status-publish","format-standard","has-post-thumbnail","hentry","category-ecologia"],"acf":[],"jetpack_publicize_connections":[],"jetpack_featured_media_url":"https:\/\/i0.wp.com\/sportseco.com\/wp-content\/uploads\/2024\/08\/d842758f41672afb8c99e90b48311cd59a1cba3e-scaled-2.jpg?fit=1920%2C1259&ssl=1","jetpack_sharing_enabled":true,"_links":{"self":[{"href":"https:\/\/sportseco.com\/index.php?rest_route=\/wp\/v2\/posts\/170604","targetHints":{"allow":["GET"]}}],"collection":[{"href":"https:\/\/sportseco.com\/index.php?rest_route=\/wp\/v2\/posts"}],"about":[{"href":"https:\/\/sportseco.com\/index.php?rest_route=\/wp\/v2\/types\/post"}],"author":[{"embeddable":true,"href":"https:\/\/sportseco.com\/index.php?rest_route=\/wp\/v2\/users\/1"}],"replies":[{"embeddable":true,"href":"https:\/\/sportseco.com\/index.php?rest_route=%2Fwp%2Fv2%2Fcomments&post=170604"}],"version-history":[{"count":1,"href":"https:\/\/sportseco.com\/index.php?rest_route=\/wp\/v2\/posts\/170604\/revisions"}],"predecessor-version":[{"id":170606,"href":"https:\/\/sportseco.com\/index.php?rest_route=\/wp\/v2\/posts\/170604\/revisions\/170606"}],"wp:featuredmedia":[{"embeddable":true,"href":"https:\/\/sportseco.com\/index.php?rest_route=\/wp\/v2\/media\/170605"}],"wp:attachment":[{"href":"https:\/\/sportseco.com\/index.php?rest_route=%2Fwp%2Fv2%2Fmedia&parent=170604"}],"wp:term":[{"taxonomy":"category","embeddable":true,"href":"https:\/\/sportseco.com\/index.php?rest_route=%2Fwp%2Fv2%2Fcategories&post=170604"},{"taxonomy":"post_tag","embeddable":true,"href":"https:\/\/sportseco.com\/index.php?rest_route=%2Fwp%2Fv2%2Ftags&post=170604"}],"curies":[{"name":"wp","href":"https:\/\/api.w.org\/{rel}","templated":true}]}}