{"id":170645,"date":"2024-08-06T14:20:35","date_gmt":"2024-08-06T18:20:35","guid":{"rendered":"https:\/\/sportseco.com\/?p=170645"},"modified":"2024-08-06T14:20:41","modified_gmt":"2024-08-06T18:20:41","slug":"en-guatemala-comunidades-de-la-amazonia-reiteraron-su-compromiso-por-salvar-la-selva-de-la-deforestacion","status":"publish","type":"post","link":"https:\/\/sportseco.com\/?p=170645","title":{"rendered":"En Guatemala, comunidades de la Amazon\u00eda reiteraron su compromiso por salvar la selva de la deforestaci\u00f3n"},"content":{"rendered":"\n<figure class=\"wp-block-image\"><img data-recalc-dims=\"1\" decoding=\"async\" src=\"https:\/\/i0.wp.com\/www.minambiente.gov.co\/wp-content\/uploads\/2024\/08\/Guatemala.jpg?w=640&#038;ssl=1\" alt=\"En Guatemala, comunidades de la Amazon\u00eda reiteraron su compromiso por salvar la selva de la deforestaci\u00f3n\" title=\"En Guatemala, comunidades de la Amazon\u00eda reiteraron su compromiso por salvar la selva de la deforestaci\u00f3n\"\/><\/figure>\n\n\n\n<ul class=\"wp-block-list\">\n<li>Durante una semana, m\u00e1s de 30 l\u00edderes campesinos e ind\u00edgenas de la Amazon\u00eda colombiana expusieron en Guatemala sus aportes por la no deforestaci\u00f3n y conocieron, de primera mano, el manejo de las concesiones forestales.<\/li>\n\n\n\n<li>Con el acompa\u00f1amiento del Ministerio de Ambiente, Coraz\u00f3n de la Amazon\u00eda y el Consejo Nacional de \u00c1reas de Protegidas (CONAP) de Guatemala los l\u00edderes fortalecieron sus conocimientos en materia de manejo forestal, a trav\u00e9s de los casos exitosos de las comunidades Uaxacat\u00fan y Yaloch.<\/li>\n\n\n\n<li>La ministra de Ambiente y Desarrollo Sostenible, Susana Muhamad, asegur\u00f3 que los conocimientos intercambiados entre Guatemala y Colombia son un valioso aporte para potenciar la protecci\u00f3n de los bosques.<\/li>\n<\/ul>\n\n\n\n<p><strong>Bogot\u00e1, 6 de agosto de 2024 (@MinambienteCo) \u2013&nbsp;<\/strong>Tras un nutrido intercambio de saberes con las comunidades en Guatemala, m\u00e1s de 30 l\u00edderes campesinos e ind\u00edgenas, que aportan a la protecci\u00f3n de la Amazon\u00eda colombiana, fortalecieron sus conocimientos en materia de concesiones forestales, manejo sostenible de los bosques, desarrollo y comercializaci\u00f3n de productos maderables y no maderables, entre otros.<\/p>\n\n\n\n<p>\u201cEste tipo de encuentros son muy valiosos para fortalecer nuestra lucha contra la deforestaci\u00f3n. Es con acciones que salvamos la selva, por eso nuestros l\u00edderes aprendieron m\u00e1s sobre ese manejo sostenible de los bosques que estamos promoviendo desde el Gobierno Nacional\u201d, asegur\u00f3 la ministra de Ambiente, Susana Muhamad.<\/p>\n\n\n\n<p>Los l\u00edderes y lideresas, que adem\u00e1s hacen parte de los N\u00facleos de Desarrollo Forestal y de la Biodiversidad, una de las iniciativas del Gobierno para hacerle frente a la deforestaci\u00f3n, visitaron las \u00e1reas protegidas Tikal y Yaxha de Guatemala, as\u00ed como unidades de manejo y comunidades expertas en el desarrollo sostenible de los bosques como Uaxacat\u00fan, y Yaloch.<\/p>\n\n\n\n<p>\u201cFue un viaje de trabajo, ven\u00edamos a conocer la metodolog\u00eda que manejan aqu\u00ed en Guatemala para conservar los bosques y ha sido una experiencia muy importante. Conocimos de cerca el tema de organizaci\u00f3n, el tema comunitario, el tema de la econom\u00eda forestal y la figura de concesiones que para nosotros es muy importante\u201d, se\u00f1al\u00f3 Pablo Vergara, l\u00edder campesino del departamento del Guaviare.<\/p>\n\n\n\n<p>En ese sentido, los l\u00edderes de la Amazon\u00eda colombiana tambi\u00e9n expusieron en Guatemala sus acciones por la protecci\u00f3n de los bosques y, adem\u00e1s, reiteraron su compromiso por la no deforestaci\u00f3n de la selva y la restauraci\u00f3n ecol\u00f3gica, resaltando la reducci\u00f3n hist\u00f3rica de la deforestaci\u00f3n lograda en 2023 gracias al trabajo articulado entre las comunidades y el Gobierno Nacional.<\/p>\n\n\n\n<p>\u201cDe frente, 33 familias, de la vereda Orotuya, donde conservamos 35.000 hect\u00e1reas de bosque, le decimos al mundo entero que estamos comprometidos con no deforestar nuestros bosques y vivir de manera amigable con ellos\u201d, afirm\u00f3 Luis Murillo, del municipio de Solano (Caquet\u00e1).<\/p>\n\n\n\n<p>Por su parte, Luz Adriana Rodr\u00edguez, coordinadora general de Coraz\u00f3n de&nbsp;la&nbsp;Amazon\u00eda, asegur\u00f3 que: \u201cpara nosotros es una prioridad cumplir con el prop\u00f3sito de generar un desarrollo sostenible y fortalecer la gobernanza en los territorios. Tener este intercambio les permiti\u00f3 ver que es posible conservar y hacer uso del bosque y la biodiversidad, en donde el papel protag\u00f3nico de las comunidades es clave para garantizar la sostenibilidad de cualquier proceso\u201d.<\/p>\n\n\n\n<p>Asimismo, Igor De la Roca, Secretario Ejecutivo&nbsp;del&nbsp;CONAP de Guatemala, resalt\u00f3 que: \u201cel Consejo Nacional de \u00c1reas Protegidas se siente complacido por haber compartido con Colombia la experiencia del modelo forestal sostenible como lo son las concesiones forestales de la Zona de Usos M\u00faltiples de la Reserva de la Bi\u00f3sfera Maya, donde se han articulado esfuerzos importantes que contrarrestan amenazas y donde el Estado de&nbsp;Guatemala ha dado cumplimiento a compromisos importantes derivados de la firma de los Acuerdos de Paz\u201d.<\/p>\n\n\n\n<p>Tras este intercambio, el Ministerio de Ambiente, en un trabajo articulado con las comunidades y todo el Sistema Nacional Ambiental, adelantar\u00e1 la socializaci\u00f3n de lo aprendido en Guatemala y crear\u00e1 nuevos espacios con diferentes entidades para el fortalecimiento de la gobernanza y la paz con la naturaleza desde y con los territorios.<\/p>\n\n\n\n<p><\/p>\n\n\n\n<p>minambiente.gov.co<\/p>\n","protected":false},"excerpt":{"rendered":"<p>Bogot\u00e1, 6 de agosto de 2024 (@MinambienteCo) \u2013&nbsp;Tras un nutrido intercambio de saberes con las comunidades en Guatemala, m\u00e1s de 30 l\u00edderes campesinos e ind\u00edgenas, que aportan a la protecci\u00f3n de la Amazon\u00eda colombiana, fortalecieron sus conocimientos en materia de concesiones forestales, manejo sostenible de los bosques, desarrollo y comercializaci\u00f3n de productos maderables y no [&hellip;]<\/p>\n","protected":false},"author":1,"featured_media":170646,"comment_status":"closed","ping_status":"closed","sticky":false,"template":"","format":"standard","meta":{"_acf_changed":false,"_jetpack_memberships_contains_paid_content":false,"footnotes":"","jetpack_publicize_message":"","jetpack_publicize_feature_enabled":true,"jetpack_social_post_already_shared":true,"jetpack_social_options":{"image_generator_settings":{"template":"highway","default_image_id":0,"font":"","enabled":false},"version":2}},"categories":[6],"tags":[],"class_list":["post-170645","post","type-post","status-publish","format-standard","has-post-thumbnail","hentry","category-ecologia"],"acf":[],"jetpack_publicize_connections":[],"jetpack_featured_media_url":"https:\/\/i0.wp.com\/sportseco.com\/wp-content\/uploads\/2024\/08\/Guatemala.jpg?fit=800%2C600&ssl=1","jetpack_sharing_enabled":true,"_links":{"self":[{"href":"https:\/\/sportseco.com\/index.php?rest_route=\/wp\/v2\/posts\/170645","targetHints":{"allow":["GET"]}}],"collection":[{"href":"https:\/\/sportseco.com\/index.php?rest_route=\/wp\/v2\/posts"}],"about":[{"href":"https:\/\/sportseco.com\/index.php?rest_route=\/wp\/v2\/types\/post"}],"author":[{"embeddable":true,"href":"https:\/\/sportseco.com\/index.php?rest_route=\/wp\/v2\/users\/1"}],"replies":[{"embeddable":true,"href":"https:\/\/sportseco.com\/index.php?rest_route=%2Fwp%2Fv2%2Fcomments&post=170645"}],"version-history":[{"count":1,"href":"https:\/\/sportseco.com\/index.php?rest_route=\/wp\/v2\/posts\/170645\/revisions"}],"predecessor-version":[{"id":170647,"href":"https:\/\/sportseco.com\/index.php?rest_route=\/wp\/v2\/posts\/170645\/revisions\/170647"}],"wp:featuredmedia":[{"embeddable":true,"href":"https:\/\/sportseco.com\/index.php?rest_route=\/wp\/v2\/media\/170646"}],"wp:attachment":[{"href":"https:\/\/sportseco.com\/index.php?rest_route=%2Fwp%2Fv2%2Fmedia&parent=170645"}],"wp:term":[{"taxonomy":"category","embeddable":true,"href":"https:\/\/sportseco.com\/index.php?rest_route=%2Fwp%2Fv2%2Fcategories&post=170645"},{"taxonomy":"post_tag","embeddable":true,"href":"https:\/\/sportseco.com\/index.php?rest_route=%2Fwp%2Fv2%2Ftags&post=170645"}],"curies":[{"name":"wp","href":"https:\/\/api.w.org\/{rel}","templated":true}]}}