{"id":170664,"date":"2024-08-09T13:24:41","date_gmt":"2024-08-09T17:24:41","guid":{"rendered":"https:\/\/sportseco.com\/?p=170664"},"modified":"2024-08-09T13:24:45","modified_gmt":"2024-08-09T17:24:45","slug":"por-segundo-ano-consecutivo-mejora-el-ambiente-en-colombia","status":"publish","type":"post","link":"https:\/\/sportseco.com\/?p=170664","title":{"rendered":"Por segundo a\u00f1o consecutivo mejora el ambiente en Colombia"},"content":{"rendered":"\n<figure class=\"wp-block-image\"><img data-recalc-dims=\"1\" decoding=\"async\" src=\"https:\/\/i0.wp.com\/www.minambiente.gov.co\/wp-content\/uploads\/2024\/08\/IMG-20240807-WA0015.jpg?w=640&#038;ssl=1\" alt=\"Por segundo a\u00f1o consecutivo mejora el ambiente en Colombia\" title=\"Por segundo a\u00f1o consecutivo mejora el ambiente en Colombia\"\/><\/figure>\n\n\n\n<ul class=\"wp-block-list\">\n<li>La ministra de Ambiente, Susana Muhamad, destaca la reducci\u00f3n hist\u00f3rica de la deforestaci\u00f3n, el liderazgo ambiental internacional y la recuperaci\u00f3n de los ecosistemas como los grandes hitos ambientales en estos dos a\u00f1os del Gobierno del Cambio.<\/li>\n\n\n\n<li>Se logr\u00f3 la cifra de deforestaci\u00f3n m\u00e1s baja en la historia de Colombia, alcanzado una reducci\u00f3n de 54% en Colombia para los dos a\u00f1os de Gobierno y de 61% para la Amazon\u00eda.\u00a0<\/li>\n\n\n\n<li>Colombia ser\u00e1 anfitriona de la cumbre de biodiversidad m\u00e1s importante del mundo, la Conferencia de las Partes COP16, en Cali.<\/li>\n<\/ul>\n\n\n\n<p><strong>Bogot\u00e1, 7 de agosto de 2024 (@Minambienteco) \u2013&nbsp;<\/strong>Sin lugar a dudas se nota el cambio en el ambiente. Por segundo a\u00f1o consecutivo, el Ministerio de Ambiente y Desarrollo Sostenible, bajo el liderazgo de la ministra Susana Muhamad, ha posicionado una agenda ambiental con grandes impactos en la protecci\u00f3n y cuidado de los recursos naturales.&nbsp;<a href=\"https:\/\/www.minambiente.gov.co\/wp-content\/uploads\/2024\/08\/Info_Avanzando_Dignidad.pdf\" target=\"_blank\" rel=\"noreferrer noopener\">(Conozca los 10 principales hitos del sector ambiente en estos dos a\u00f1os de Gobierno, aqu\u00ed)<\/a><\/p>\n\n\n\n<p>La principal bandera de la ministra Muhamad ha sido la lucha contra la deforestaci\u00f3n y eso se materializa hoy con una reducci\u00f3n hist\u00f3rica del 54% de la deforestaci\u00f3n en el pa\u00eds y del 61% en la Amazon\u00eda en estos dos a\u00f1os.<\/p>\n\n\n\n<p>\u201cEn estos dos a\u00f1os hemos logrado de forma significativa reducir la deforestaci\u00f3n de la mano de las comunidades de la Amazon\u00eda y con el apoyo de 3.000 familias que ya est\u00e1n en el programa Conservar Paga, esperamos a final de a\u00f1o llegar a 16.000\u201d, afirm\u00f3 la ministra Susana Muhamad.<\/p>\n\n\n\n<p>En detalle, la deforestaci\u00f3n ha sufrido una ca\u00edda significativa en Colombia durante el Gobierno del Cambio: para el a\u00f1o 2022 se redujo en 29,1% y en 2023 en 36%, las dos cifras m\u00e1s bajas en la historia del pa\u00eds desde que se tiene registro.<\/p>\n\n\n\n<p>Estos resultados se han logrado gracias al trabajo constante y comprometido de las comunidades en los territorios y al Plan de Contenci\u00f3n de la Deforestaci\u00f3n que contempla acciones como el programa Conservar Paga, que entrega recursos econ\u00f3micos a las comunidades que protegen la selva; la agenda ambiental para la paz; el fortalecimiento institucional; la investigaci\u00f3n criminal y el despliegue de la Fuerza P\u00fablica.&nbsp;<\/p>\n\n\n\n<p><strong>Colombia, en el foco internacional<\/strong><\/p>\n\n\n\n<p>La COP16, que se realizar\u00e1 en Cali del 20 de octubre al 1 de noviembre, marca el liderazgo internacional que ha tomado Colombia en materia ambiental durante estos dos a\u00f1os. Y es que, por primera vez, el pa\u00eds se convierte en anfitri\u00f3n del evento m\u00e1s importante sobre biodiversidad en el mundo, que reunir\u00e1 a 196 pa\u00edses para avanzar en las discusiones y acuerdos para detener la p\u00e9rdida de biodiversidad en el planeta.&nbsp;<\/p>\n\n\n\n<p>Al respecto, la ministra Muhamad destac\u00f3 que \u201chemos tra\u00eddo la COP16 a Colombia para cambiar nuestra proyecci\u00f3n sobre la biodiversidad a nivel nacional y proyectarnos al mundo\u201d.<\/p>\n\n\n\n<p>Este es, tal vez, el evento internacional m\u00e1s importante que haya tenido el pa\u00eds en los \u00faltimos 50 a\u00f1os, por lo tanto, espera generar un gran impacto econ\u00f3mico y convertirse en una oportunidad para el pa\u00eds en seguir reafirmando su liderazgo en las agendas del clima y la biodiversidad.<\/p>\n\n\n\n<p>Sumado a este hito, con el liderazgo de la ministra Muhamad, Colombia ha ganado terreno en el \u00e1mbito internacional con el lanzamiento del primer portafolio para la transici\u00f3n socioecol\u00f3gica en el mundo, la aprobaci\u00f3n del Fondo de P\u00e9rdidas y Da\u00f1os, tras 30 a\u00f1os de negociaciones fallidas, y como el primer pa\u00eds en Latinoam\u00e9rica en adherirse al Tratado de no proliferaci\u00f3n de combustibles f\u00f3siles.<\/p>\n\n\n\n<p>Otro de los logros m\u00e1s relevantes del Gobierno ha sido avanzar a paso firme en la transici\u00f3n energ\u00e9tica justa: se han aprobado 22 licencias ambientales para la generaci\u00f3n de energ\u00eda renovable: 2 parques e\u00f3licos, 9 proyectos solares y 11 l\u00edneas de transmisi\u00f3n. \u201cHemos entregado m\u00e1s licencias en estos dos a\u00f1os que en toda la historia de la transici\u00f3n energ\u00e9tica del pa\u00eds\u201d, explic\u00f3 la Ministra.<\/p>\n\n\n\n<p><strong>Restauraci\u00f3n y protecci\u00f3n, una prioridad<\/strong><\/p>\n\n\n\n<p>El pa\u00eds avanza en su meta de restaurar los ecosistemas degradados. A la fecha, m\u00e1s de 158.000 hect\u00e1reas ya est\u00e1n en restauraci\u00f3n, gracias al apoyo de las entidades del Sistema Nacional Ambiental, los cooperantes internacionales y los sectores privado y p\u00fablico.<\/p>\n\n\n\n<p>Adem\u00e1s, en un hecho sin precedentes, el Parque Nacional Natural Serran\u00eda del Chiribiquete, se convirti\u00f3 en la primera \u00e1rea protegida del pa\u00eds en contar con un programa de inversi\u00f3n constante, a trav\u00e9s de la cooperaci\u00f3n internacional con una inversi\u00f3n de un mill\u00f3n de d\u00f3lares anuales. Tambi\u00e9n se declar\u00f3 el Parque Nacional Natural Serran\u00eda de Manacac\u00edas como nueva \u00e1rea protegida con m\u00e1s de 68.000 hect\u00e1reas en San Mart\u00edn, Meta.<\/p>\n\n\n\n<p><strong>Avanza Escaz\u00fa<\/strong><\/p>\n\n\n\n<p>La ratificaci\u00f3n del Acuerdo de Escaz\u00fa es una victoria de y para la ciudadan\u00eda que abre espacios de participaci\u00f3n incidente, transparencia y acceso a la informaci\u00f3n y la justicia ambiental. Aunque est\u00e1 pendiente la revisi\u00f3n del Acuerdo en la Corte Constitucional, el Gobierno ya inici\u00f3 con su implementaci\u00f3n, para la que ha dise\u00f1ado una ruta conformada por cinco estrategias: Convergencia intersectorial; comunicaci\u00f3n, divulgaci\u00f3n y pedagog\u00eda ciudadana; personas defensoras de la naturaleza; l\u00ednea de acci\u00f3n intercultural e internacionalizaci\u00f3n.<\/p>\n\n\n\n<p>As\u00ed mismo, el Ministerio de Ambiente lanz\u00f3 el programa \u2018Alerta por mi ambiente\u2019, que empodera a la ciudadan\u00eda para realizar control social a 75 proyectos ambientales en Bogot\u00e1 y la Sabana, la Bah\u00eda de Cartagena, el Litoral Pac\u00edfico Sur y el Norte del Cauca.<\/p>\n\n\n\n<p>Por \u00faltimo, es importante destacar la creaci\u00f3n del Fondo para la Vida y la Biodiversidad, un mecanismo financiero que fortalece los proyectos y programas que requieren los territorios en materia de acci\u00f3n clim\u00e1tica, contenci\u00f3n de la deforestaci\u00f3n y ordenamiento alrededor del agua. A trav\u00e9s del Fondo, se han aprobado recursos por m\u00e1s de 930.000 millones de pesos para la protecci\u00f3n y conservaci\u00f3n de ecosistemas estrat\u00e9gicos del pa\u00eds; 501.000 millones de pesos para salvar la selva amaz\u00f3nica y 428.611 millones para la restauraci\u00f3n de La Mojana, la Guajira, el Corredor de Vida del Cesar, el r\u00edo Atrato y los p\u00e1ramos.<\/p>\n\n\n\n<p>\u201cEsperamos en los siguientes dos a\u00f1os consolidar las transformaciones institucionales y regulatorias, fortalecer nuestra alianza con las comunidades en los territorios, ampliarnos a otras ecorregiones con resultados significativos en el Pac\u00edfico, en la Mojana y tambi\u00e9n en los p\u00e1ramos y lograr que esta forma de gestionar lo ambiental se sostenga en el tiempo con los recursos, las instituciones y las alianzas estrat\u00e9gicas con el sector privado y las comunidades\u201d, asegur\u00f3 Muhamad.\u00a0<\/p>\n\n\n\n<p><\/p>\n\n\n\n<p>minambiente.gov.co<\/p>\n","protected":false},"excerpt":{"rendered":"<p>Bogot\u00e1, 7 de agosto de 2024 (@Minambienteco) \u2013&nbsp;Sin lugar a dudas se nota el cambio en el ambiente. Por segundo a\u00f1o consecutivo, el Ministerio de Ambiente y Desarrollo Sostenible, bajo el liderazgo de la ministra Susana Muhamad, ha posicionado una agenda ambiental con grandes impactos en la protecci\u00f3n y cuidado de los recursos naturales.&nbsp;(Conozca los [&hellip;]<\/p>\n","protected":false},"author":1,"featured_media":170665,"comment_status":"closed","ping_status":"closed","sticky":false,"template":"","format":"standard","meta":{"_acf_changed":false,"_jetpack_memberships_contains_paid_content":false,"footnotes":"","jetpack_publicize_message":"","jetpack_publicize_feature_enabled":true,"jetpack_social_post_already_shared":true,"jetpack_social_options":{"image_generator_settings":{"template":"highway","default_image_id":0,"font":"","enabled":false},"version":2}},"categories":[6],"tags":[],"class_list":["post-170664","post","type-post","status-publish","format-standard","has-post-thumbnail","hentry","category-ecologia"],"acf":[],"jetpack_publicize_connections":[],"jetpack_featured_media_url":"https:\/\/i0.wp.com\/sportseco.com\/wp-content\/uploads\/2024\/08\/IMG-20240807-WA0015.jpg?fit=1600%2C900&ssl=1","jetpack_sharing_enabled":true,"_links":{"self":[{"href":"https:\/\/sportseco.com\/index.php?rest_route=\/wp\/v2\/posts\/170664","targetHints":{"allow":["GET"]}}],"collection":[{"href":"https:\/\/sportseco.com\/index.php?rest_route=\/wp\/v2\/posts"}],"about":[{"href":"https:\/\/sportseco.com\/index.php?rest_route=\/wp\/v2\/types\/post"}],"author":[{"embeddable":true,"href":"https:\/\/sportseco.com\/index.php?rest_route=\/wp\/v2\/users\/1"}],"replies":[{"embeddable":true,"href":"https:\/\/sportseco.com\/index.php?rest_route=%2Fwp%2Fv2%2Fcomments&post=170664"}],"version-history":[{"count":1,"href":"https:\/\/sportseco.com\/index.php?rest_route=\/wp\/v2\/posts\/170664\/revisions"}],"predecessor-version":[{"id":170666,"href":"https:\/\/sportseco.com\/index.php?rest_route=\/wp\/v2\/posts\/170664\/revisions\/170666"}],"wp:featuredmedia":[{"embeddable":true,"href":"https:\/\/sportseco.com\/index.php?rest_route=\/wp\/v2\/media\/170665"}],"wp:attachment":[{"href":"https:\/\/sportseco.com\/index.php?rest_route=%2Fwp%2Fv2%2Fmedia&parent=170664"}],"wp:term":[{"taxonomy":"category","embeddable":true,"href":"https:\/\/sportseco.com\/index.php?rest_route=%2Fwp%2Fv2%2Fcategories&post=170664"},{"taxonomy":"post_tag","embeddable":true,"href":"https:\/\/sportseco.com\/index.php?rest_route=%2Fwp%2Fv2%2Ftags&post=170664"}],"curies":[{"name":"wp","href":"https:\/\/api.w.org\/{rel}","templated":true}]}}