{"id":170693,"date":"2024-08-10T19:12:49","date_gmt":"2024-08-10T23:12:49","guid":{"rendered":"https:\/\/sportseco.com\/?p=170693"},"modified":"2024-08-10T19:12:55","modified_gmt":"2024-08-10T23:12:55","slug":"alerta-en-paises-europeos-del-mediterraneo-por-una-de-las-peores-olas-de-calor-del-verano","status":"publish","type":"post","link":"https:\/\/sportseco.com\/?p=170693","title":{"rendered":"Alerta en pa\u00edses europeos del Mediterr\u00e1neo por una de las peores olas de calor del verano"},"content":{"rendered":"\n<p><strong>Madrid\/Roma, (EFEverde).- Los pa\u00edses europeos ba\u00f1ados por el Mediterr\u00e1neo como Espa\u00f1a e Italia est\u00e1n en alerta por temperaturas extremas ante la que se prev\u00e9 que sea una de las peores olas de calor del verano, que se instalar\u00e1 en la zona este pr\u00f3ximo fin de semana pero que ya ha disparado los term\u00f3metros hasta valores sofocantes.<\/strong><\/p>\n\n\n\n<p>Once regiones espa\u00f1olas est\u00e1n ya este jueves en alerta por ese motivo, anticipo de la nueva ola de calor que comenzar\u00e1 ma\u00f1ana viernes y en la que se pueden batir r\u00e9cords de temperaturas, seg\u00fan la Agencia Estatal de Meteorolog\u00eda (Aemet).<\/p>\n\n\n\n<p>Una alerta que es naranja en el caso de Baleares, Castilla y Le\u00f3n, Castilla-La Mancha, Catalu\u00f1a, Extremadura y la Comunidad de Madrid, ante la probabilidad de que se alcancen los 40 grados en algunas zonas.<\/p>\n\n\n\n<p>Este mi\u00e9rcoles se alcanzaron los 42,9 \u00baC en el centro del pa\u00eds, en la provincia de Ciudad Real.<\/p>\n\n\n\n<p>Para la jornada de ma\u00f1ana viernes el anticicl\u00f3n se refuerza, el calor seguir\u00e1 siendo sofocante en la mayor parte de Espa\u00f1a y las temperaturas, ya muy elevadas, continuar\u00e1n ascendiendo progresivamente en las pr\u00f3ximas jornadas, favorecidas por un viento del sur y sureste.<\/p>\n\n\n\n<p>Las temperaturas llegar\u00e1n a valores de peligro importante, especialmente en los valles de los grandes r\u00edos peninsulares y depresiones del nordeste, advierte la Aemet.<\/p>\n\n\n\n<h2 class=\"wp-block-heading\">Situaci\u00f3n en Italia<\/h2>\n\n\n\n<p>El anticicl\u00f3n africano &#8216;Caronte&#8217; no da tregua en Italia y, seg\u00fan los expertos, este pr\u00f3ximo fin de semana podr\u00eda ser el m\u00e1s caluroso del a\u00f1o, con temperaturas que podr\u00e1n superar los 40 \u00baC en zona centro, sur y en Cerde\u00f1a y Sicilia.<\/p>\n\n\n\n<p>Ciudades como Roma marcar\u00e1n 38 grados durante el fin de semana, pero se podr\u00e1n alcanzar incluso los 43 en algunas zonas del sur del pa\u00eds, seg\u00fan las previsiones.<\/p>\n\n\n\n<p>Este jueves, Roma y Perugia (norte) mantienen el nivel m\u00e1ximo de alerta por calor y el domingo ser\u00e1n siete ciudades m\u00e1s las que se encuentren en alerta roja: Florencia, Brescia, Rieti, Latina, Frosinone, Campobassoo Palermo, seg\u00fan anunci\u00f3 el Ministerio de Sanidad italiano en su p\u00e1gina web.&nbsp;<\/p>\n\n\n\n<h2 class=\"wp-block-heading\">Situaci\u00f3n en Ruman\u00eda<\/h2>\n\n\n\n<p>Tambi\u00e9n en Ruman\u00eda, el Servicio Nacional de Meteorolog\u00eda (ANM) emiti\u00f3 este jueves una alerta amarilla, la segunda m\u00e1s alta, debido al calor en cinco condados del sur del pa\u00eds y en la capital, Bucarest.<\/p>\n\n\n\n<p>Seg\u00fan los pron\u00f3sticos del ANM, el viernes las temperaturas m\u00e1ximas en los condados de Dolj, Olt, Teleorman, Giurgiu, Ilfov y Bucarest alcanzar\u00e1n hasta 37 grados cent\u00edgrados.<\/p>\n\n\n\n<p>Adem\u00e1s, el servicio meteorol\u00f3gico advirti\u00f3 de que el \u00edndice temperatura-humedad superar\u00e1 las cr\u00edticas 80 unidades (sobre 100), seg\u00fan informa el portal Erdon.ro. En las zonas centrales y monta\u00f1osas del pa\u00eds, se esperan chubascos y tormentas, seg\u00fan los meteor\u00f3logos.<\/p>\n\n\n\n<p>Durante el mes de julio, la ANM ha emitido en varias ocasiones alertas rojas en vastas regiones del pa\u00eds. A mediados de mes, al menos cinco personas murieron debido al calor extremo, que en varios lugares super\u00f3 los 43 grados Celsius.<\/p>\n\n\n\n<h2 class=\"wp-block-heading\">En Turqu\u00eda&#8230;<\/h2>\n\n\n\n<p>Y, en Turqu\u00eda, las temperaturas alcanzan estos d\u00edas los 44 grados en el extremo sureste, un valor dentro de lo normal, ya que el m\u00e1ximo habitual en los meses de julio y agosto en esta zona se sit\u00faa en los 48 grados.<\/p>\n\n\n\n<p>La ciudad de Estambul, con 32 grados m\u00e1ximo, registra temperaturas m\u00e1s bien agradables para esta \u00e9poca del a\u00f1o, especialmente comparado con el mes de junio pasado, el m\u00e1s caluroso de los \u00faltimos 53 a\u00f1os en Turqu\u00eda, cuando el term\u00f3metro alcanz\u00f3 los 40 grados en esta zona.<\/p>\n\n\n\n<p>Pero la pronta llegada de las temperaturas veraniegas, sin embargo, ha dejado el paisaje m\u00e1s seco que otros veranos y desde hace semanas se registran frecuentes incendios especialmente en las zonas occidentales del pa\u00eds, con continuas intervenciones de los bomberos, aunque por ahora, todos se han logrado controlar en uno o dos d\u00edas.<\/p>\n\n\n\n<p>Tambi\u00e9n se ha intensificado el gasto de agua y las reservas de los embalses de Estambul est\u00e1n en un 55 %, por debajo de la media para este mes, aunque menos afectadas que el a\u00f1o pasado, cuando bajaron hasta el 35 % en agosto.<\/p>\n\n\n\n<p>La ciudad de Bodrum, un popular destino tur\u00edstico en la costa egea, ya est\u00e1 aplicando cortes de agua, al haber quedado vac\u00edo su principal embalse. EFEverde<\/p>\n","protected":false},"excerpt":{"rendered":"<p>Madrid\/Roma, (EFEverde).- Los pa\u00edses europeos ba\u00f1ados por el Mediterr\u00e1neo como Espa\u00f1a e Italia est\u00e1n en alerta por temperaturas extremas ante la que se prev\u00e9 que sea una de las peores olas de calor del verano, que se instalar\u00e1 en la zona este pr\u00f3ximo fin de semana pero que ya ha disparado los term\u00f3metros hasta valores [&hellip;]<\/p>\n","protected":false},"author":1,"featured_media":170694,"comment_status":"closed","ping_status":"closed","sticky":false,"template":"","format":"standard","meta":{"_acf_changed":false,"_jetpack_memberships_contains_paid_content":false,"footnotes":"","jetpack_publicize_message":"","jetpack_publicize_feature_enabled":true,"jetpack_social_post_already_shared":true,"jetpack_social_options":{"image_generator_settings":{"template":"highway","default_image_id":0,"font":"","enabled":false},"version":2}},"categories":[6],"tags":[],"class_list":["post-170693","post","type-post","status-publish","format-standard","has-post-thumbnail","hentry","category-ecologia"],"acf":[],"jetpack_publicize_connections":[],"jetpack_featured_media_url":"https:\/\/i0.wp.com\/sportseco.com\/wp-content\/uploads\/2024\/08\/ff5ff099261f590f22c7f0cf3bb98326bb3bc8a6w-3.jpg?fit=1920%2C1291&ssl=1","jetpack_sharing_enabled":true,"_links":{"self":[{"href":"https:\/\/sportseco.com\/index.php?rest_route=\/wp\/v2\/posts\/170693","targetHints":{"allow":["GET"]}}],"collection":[{"href":"https:\/\/sportseco.com\/index.php?rest_route=\/wp\/v2\/posts"}],"about":[{"href":"https:\/\/sportseco.com\/index.php?rest_route=\/wp\/v2\/types\/post"}],"author":[{"embeddable":true,"href":"https:\/\/sportseco.com\/index.php?rest_route=\/wp\/v2\/users\/1"}],"replies":[{"embeddable":true,"href":"https:\/\/sportseco.com\/index.php?rest_route=%2Fwp%2Fv2%2Fcomments&post=170693"}],"version-history":[{"count":1,"href":"https:\/\/sportseco.com\/index.php?rest_route=\/wp\/v2\/posts\/170693\/revisions"}],"predecessor-version":[{"id":170695,"href":"https:\/\/sportseco.com\/index.php?rest_route=\/wp\/v2\/posts\/170693\/revisions\/170695"}],"wp:featuredmedia":[{"embeddable":true,"href":"https:\/\/sportseco.com\/index.php?rest_route=\/wp\/v2\/media\/170694"}],"wp:attachment":[{"href":"https:\/\/sportseco.com\/index.php?rest_route=%2Fwp%2Fv2%2Fmedia&parent=170693"}],"wp:term":[{"taxonomy":"category","embeddable":true,"href":"https:\/\/sportseco.com\/index.php?rest_route=%2Fwp%2Fv2%2Fcategories&post=170693"},{"taxonomy":"post_tag","embeddable":true,"href":"https:\/\/sportseco.com\/index.php?rest_route=%2Fwp%2Fv2%2Ftags&post=170693"}],"curies":[{"name":"wp","href":"https:\/\/api.w.org\/{rel}","templated":true}]}}