{"id":170740,"date":"2024-08-12T17:57:55","date_gmt":"2024-08-12T21:57:55","guid":{"rendered":"https:\/\/sportseco.com\/?p=170740"},"modified":"2024-08-12T17:58:01","modified_gmt":"2024-08-12T21:58:01","slug":"el-eje-cafetero-sella-el-pacto-regional-por-la-vida-y-la-biodiversidad-camino-a-la-cop16","status":"publish","type":"post","link":"https:\/\/sportseco.com\/?p=170740","title":{"rendered":"El Eje Cafetero sella el Pacto Regional por la Vida y la Biodiversidad camino a la COP16"},"content":{"rendered":"\n<figure class=\"wp-block-image\"><img data-recalc-dims=\"1\" decoding=\"async\" src=\"https:\/\/i0.wp.com\/www.minambiente.gov.co\/wp-content\/uploads\/2024\/08\/Pacto-Regional.jpg?w=640&#038;ssl=1\" alt=\"El Eje Cafetero sella el Pacto Regional por la Vida y la Biodiversidad camino a la COP16\" title=\"El Eje Cafetero sella el Pacto Regional por la Vida y la Biodiversidad camino a la COP16\"\/><\/figure>\n\n\n\n<ul class=\"wp-block-list\">\n<li>Representantes de la sociedad civil, l\u00edderes ambientales, instituciones locales y regionales se unieron en un di\u00e1logo de saberes y construcci\u00f3n colectiva, orientando las prioridades del pa\u00eds hacia la COP16.<\/li>\n\n\n\n<li>El encuentro previo a la COP16, que se realizar\u00e1 en Cali del 20 de octubre al 1 de noviembre, abord\u00f3 estrategias exitosas de la regi\u00f3n para gestionar conflictos que causan p\u00e9rdida de biodiversidad, transiciones hacia un modelo agrario sostenible y alternativas al turismo extractivo.<\/li>\n<\/ul>\n\n\n\n<p><strong>Armenia (Quind\u00edo), 9 de agosto de 2024 \u2013<\/strong>&nbsp;Cerca de mil personas de Quind\u00edo, Risaralda, Caldas, Tolima y el norte del Valle se reunieron para consolidar el \u2018Pacto Regional por la Vida\u2019, un compromiso que ser\u00e1 presentado en la Zona Verde de la COP16, la cumbre sobre biodiversidad m\u00e1s importante del mundo.<\/p>\n\n\n\n<p>Dicho acuerdo se dio en el evento \u2018Andes del Quind\u00edo\u2019, uno de los 80 eventos que se desarrollar\u00e1n en todo el pa\u00eds como antesala a la COP16, en el marco de la estrategia de la \u2018COP de la Gente\u2019.<\/p>\n\n\n\n<p>En el evento, que cont\u00f3 con la participaci\u00f3n de la sociedad civil, l\u00edderes ambientales y de derechos humanos, as\u00ed como instituciones locales y regionales, se discutieron estrategias para gestionar los conflictos que est\u00e1n conduciendo a la p\u00e9rdida de biodiversidad, se exploraron apuestas para una transici\u00f3n hacia un modelo agrario sostenible, y se definieron alternativas al modelo extractivo del turismo como herramienta para detener la degradaci\u00f3n de la naturaleza.<\/p>\n\n\n\n<p>\u201cEstos espacios de participaci\u00f3n retroalimentan las posiciones de Gobierno frente a las negociaciones. Se lleva a trav\u00e9s de la articulaci\u00f3n que existe entre lo que se piensa en los territorios con nuestro plan de acci\u00f3n de biodiversidad nacional, que es el que nos da el norte en las negociaciones\u201d, asegur\u00f3 Saralux Valbuena, directora de Cambio Clim\u00e1tico del Ministerio de Ambiente y Desarrollo Sostenible.<\/p>\n\n\n\n<p>En la misma l\u00ednea, Renzo Garc\u00eda, l\u00edder de movilizaci\u00f3n y participaci\u00f3n de la COP16, expres\u00f3 que la cumbre mundial debe ser \u201cun epicentro de transformaci\u00f3n, de conciencia ambiental, de compromisos institucionales. El objetivo del Gobierno es que la cumbre recoja el sentir de las comunidades y proyecte un futuro donde Colombia, bajo la presidencia de la COP16 por los pr\u00f3ximos dos a\u00f1os, pueda liderar el cambio global\u201d.<\/p>\n\n\n\n<p><strong>Voces de la regi\u00f3n<\/strong><\/p>\n\n\n\n<p>L\u00edderes y ciudadanos del Eje Cafetero se han unido en torno al Pacto Regional por la Vida y la Biodiversidad, buscando posicionar las voces de las comunidades locales en las negociaciones globales sobre ambiente.<\/p>\n\n\n\n<p>Margarita Rosa Tirado Mej\u00eda, conocida como \u2018Sembradora de Selvas\u2019, agradeci\u00f3 la oportunidad que ofrece Colombia para negociar sobre biodiversidad y cambio clim\u00e1tico: \u201cAgradezco a la ministra y a este gobierno por acercar las conversaciones que se han dado en el territorio.\u201d<\/p>\n\n\n\n<p>Por su parte, N\u00e9stor Ocampo, ambientalista de Calarc\u00e1, enfatiz\u00f3 en la importancia de que se hagan en estos eventos previos porque permiten dinamizar los procesos locales frente a la realidad en el pa\u00eds.<\/p>\n\n\n\n<p>Finalmente, Carolina Diaz, directora de Ambiente y Desarrollo Sostenible del\u00a0DNP, destac\u00f3 que esta es una \u201coportunidad \u00fanica para que los territorios puedan posicionar y llevar agendas de trabajo efectivas y con apuestas concretas a la COP16\u201d.<\/p>\n\n\n\n<p><\/p>\n\n\n\n<p><\/p>\n\n\n\n<p>minambiente.gov.co<\/p>\n","protected":false},"excerpt":{"rendered":"<p>Armenia (Quind\u00edo), 9 de agosto de 2024 \u2013&nbsp;Cerca de mil personas de Quind\u00edo, Risaralda, Caldas, Tolima y el norte del Valle se reunieron para consolidar el \u2018Pacto Regional por la Vida\u2019, un compromiso que ser\u00e1 presentado en la Zona Verde de la COP16, la cumbre sobre biodiversidad m\u00e1s importante del mundo. Dicho acuerdo se dio [&hellip;]<\/p>\n","protected":false},"author":1,"featured_media":170741,"comment_status":"closed","ping_status":"closed","sticky":false,"template":"","format":"standard","meta":{"_acf_changed":false,"_jetpack_memberships_contains_paid_content":false,"footnotes":"","jetpack_publicize_message":"","jetpack_publicize_feature_enabled":true,"jetpack_social_post_already_shared":true,"jetpack_social_options":{"image_generator_settings":{"template":"highway","default_image_id":0,"font":"","enabled":false},"version":2}},"categories":[6],"tags":[],"class_list":["post-170740","post","type-post","status-publish","format-standard","has-post-thumbnail","hentry","category-ecologia"],"acf":[],"jetpack_publicize_connections":[],"jetpack_featured_media_url":"https:\/\/i0.wp.com\/sportseco.com\/wp-content\/uploads\/2024\/08\/Pacto-Regional.jpg?fit=800%2C449&ssl=1","jetpack_sharing_enabled":true,"_links":{"self":[{"href":"https:\/\/sportseco.com\/index.php?rest_route=\/wp\/v2\/posts\/170740","targetHints":{"allow":["GET"]}}],"collection":[{"href":"https:\/\/sportseco.com\/index.php?rest_route=\/wp\/v2\/posts"}],"about":[{"href":"https:\/\/sportseco.com\/index.php?rest_route=\/wp\/v2\/types\/post"}],"author":[{"embeddable":true,"href":"https:\/\/sportseco.com\/index.php?rest_route=\/wp\/v2\/users\/1"}],"replies":[{"embeddable":true,"href":"https:\/\/sportseco.com\/index.php?rest_route=%2Fwp%2Fv2%2Fcomments&post=170740"}],"version-history":[{"count":1,"href":"https:\/\/sportseco.com\/index.php?rest_route=\/wp\/v2\/posts\/170740\/revisions"}],"predecessor-version":[{"id":170742,"href":"https:\/\/sportseco.com\/index.php?rest_route=\/wp\/v2\/posts\/170740\/revisions\/170742"}],"wp:featuredmedia":[{"embeddable":true,"href":"https:\/\/sportseco.com\/index.php?rest_route=\/wp\/v2\/media\/170741"}],"wp:attachment":[{"href":"https:\/\/sportseco.com\/index.php?rest_route=%2Fwp%2Fv2%2Fmedia&parent=170740"}],"wp:term":[{"taxonomy":"category","embeddable":true,"href":"https:\/\/sportseco.com\/index.php?rest_route=%2Fwp%2Fv2%2Fcategories&post=170740"},{"taxonomy":"post_tag","embeddable":true,"href":"https:\/\/sportseco.com\/index.php?rest_route=%2Fwp%2Fv2%2Ftags&post=170740"}],"curies":[{"name":"wp","href":"https:\/\/api.w.org\/{rel}","templated":true}]}}