{"id":170747,"date":"2024-08-12T18:05:29","date_gmt":"2024-08-12T22:05:29","guid":{"rendered":"https:\/\/sportseco.com\/?p=170747"},"modified":"2024-08-12T18:05:33","modified_gmt":"2024-08-12T22:05:33","slug":"la-vuelta-en-portugal-joao-almeida-y-rui-costa-en-memoria-de-joaquim-agostinho","status":"publish","type":"post","link":"https:\/\/sportseco.com\/?p=170747","title":{"rendered":"La\u00a0Vuelta en Portugal: Joao Almeida y Rui Costa en memoria de Joaquim Agostinho"},"content":{"rendered":"\n<figure class=\"wp-block-image\"><a href=\"https:\/\/img.aso.fr\/core_app\/img-cycling-vue-jpg\/sprintcyclingagency-0739168-1-2000px\/21169\/0:0,2000:1333-1200-0-70\/60160\"><img decoding=\"async\" src=\"https:\/\/img.aso.fr\/core_app\/img-cycling-vue-jpg\/sprintcyclingagency-0739168-1-2000px\/21169\/0:0,2000:1333-2400-0-70\/b0a32\" alt=\"Vuelta Espana 2023 - 78th Edition - 15th stage Pamplona - Lekunberri 158,3km - 10\/09\/2023 - Rui Costa (POR - Intermarch\u00e9 - Circus - Wanty) - photo Rafa Gomez\/SprintCyclingAgency\u00a92023\"\/><\/a><figcaption class=\"wp-element-caption\">Vuelta Espana 2023 &#8211; 78th Edition &#8211; 15th stage Pamplona &#8211; Lekunberri 158,3km &#8211; 10\/09\/2023 &#8211; Rui Costa (POR &#8211; Intermarch\u00e9 &#8211; Circus &#8211; Wanty) &#8211; photo Rafa Gomez\/SprintCyclingAgency\u00a92023 \u00a9 SprintCyclingAgency\u00a92023<\/figcaption><\/figure>\n\n\n\n<p>Cuando se anunci\u00f3 la salida oficial de La Vuelta 24 desde Portugal, en los proleg\u00f3menos de la \u00faltima etapa de la edici\u00f3n de 2023,&nbsp;<strong>Rui Costa<\/strong>&nbsp;se mostr\u00f3 entusiasmado: \u00abDespu\u00e9s de la salida oficial del Tour de Francia en Florencia, donde me convert\u00ed en campe\u00f3n del mundo (2013), \u00a1el comienzo de La Vuelta en mi pa\u00eds me hace querer continuar como profesional en 2024!\u00bb.<\/p>\n\n\n\n<p>Nativo de&nbsp;<strong>Povoa de Varzim<\/strong>, en el norte del pa\u00eds, Rui Costa vio cumplida la mitad de su deseo a los 37 a\u00f1os, tras ser&nbsp;<strong>seleccionado por su equipo EF Education-EasyPost para la&nbsp;<em>Grande Boucle<\/em><\/strong>. La segunda se est\u00e1 acercando. \u00c9l es el&nbsp;<strong>abanderado del ciclismo portugu\u00e9s<\/strong>, ya que ninguno de sus compatriotas figura en la lista de ganadores del maillot arco\u00edris. Pero la leyenda cuenta que&nbsp;<strong>Joaquim Agostinho<\/strong>&nbsp;fue&nbsp;<strong>el \u00fanico ciclista portugu\u00e9s en llegar al podio final de una Gran Vuelta<\/strong>: fue tercero en el Tour de Francia en 1978 y 1979, y segundo en La Vuelta 1974, once segundos detr\u00e1s de Jos\u00e9 Manuel Fuente \u2018El Tarangu\u2019,&nbsp;<strong>en lo que sigue siendo la segunda diferencia m\u00e1s estrecha entre el ganador y el segundo lugar<\/strong>&nbsp;(despu\u00e9s de los seis segundos entre \u00c9ric Caritoux y Alberto Fern\u00e1ndez en 1984).<\/p>\n\n\n\n<p><strong>12<\/strong>&nbsp;ciclistas portugueses han ganado al menos una etapa en una gran vuelta, para un total de 31 \u00e9xitos:&nbsp;<strong>Joao Rebelo de Jesus&nbsp;<\/strong>(La Vuelta 1945, en Bilbao y Reinosa);&nbsp;<strong>Joao Lourenco<\/strong>&nbsp;(La Vuelta 19146, en Murcia y Gij\u00f3n);&nbsp;<strong>Jos\u00e9 Cardoso<\/strong>&nbsp;(La Vuelta 1959, en San Sebasti\u00e1n);&nbsp;<strong>Antonio Barbosa<\/strong>&nbsp;(La Vuelta 1961, en Madrid);&nbsp;<strong>Joaquim Agostinho<\/strong>&nbsp;(dos veces en el Tour de Francia 1969, una vez en el Tour de Francia 1973 y 1979, dos veces en La Vuelta 1974, en Cangas de On\u00eds y Anoeta, y una vez en La Vuelta 1976 en Cartagena);&nbsp;<strong>Paulo Ferreira<\/strong>&nbsp;(Tour de Francia 1984);&nbsp;<strong>Acacio Da Silva<\/strong>&nbsp;(dos veces en el Giro d&#8217;Italia en 1985 y 1986, adem\u00e1s de una vez en 1989, una vez en el Tour de Francia en 1987, 1988 y 1989);&nbsp;<strong>Sergio Paulinho<\/strong>&nbsp;(La Vuelta 06 en Santillana del Mar y Tour de Francia 2010);&nbsp;<strong>Rui Costa<\/strong>&nbsp;(Tour de Francia 2011 m\u00e1s dos veces en 2013, y La Vuelta 23 en Lekunberri);&nbsp;<strong>Nelson Oliveira<\/strong>&nbsp;(La Vuelta 2015 en Tarazona);&nbsp;<strong>Ruben Guerreiro<\/strong>&nbsp;(Giro d&#8217;Italia 2020);&nbsp;<strong>Joao Almeida<\/strong>&nbsp;(Giro d&#8217;Italia 2023).<\/p>\n\n\n\n\n\n<p>Con ocho victorias de etapa,&nbsp;<strong>Acacio Da Silva<\/strong>&nbsp;es el ciclista portugu\u00e9s&nbsp;<strong>con m\u00e1s victorias en las grandes vueltas<\/strong>. Ha vestido el maillot amarillo y el maillot rosa, ambos en 1989. Creci\u00f3 en Luxemburgo, donde gan\u00f3 una etapa del Tour de Francia \u2013 de hecho, la historia internacional de los campeones del ciclismo portugu\u00e9s es a menudo el producto del exilio. Agostinho no habr\u00eda tenido una carrera tan gloriosa, incluyendo trece apariciones en el Tour de Francia, si no hubiera sido descubierto por el&nbsp;<strong>Vizconde Jean de Gribaldy<\/strong>, director deportivo franc\u00e9s que form\u00f3 equipos desde cero con deportistas que nadie m\u00e1s encontrar\u00eda. Agostinho hab\u00eda luchado en las guerras en Angola y Mozambique. All\u00ed, su fuerza bruta fue captada por un capit\u00e1n que descubri\u00f3 que Da Silva era capaz de cubrir en dos horas sobre bicicletas pesadas de mensajer\u00eda una distancia que a otros soldados les habr\u00eda llevado cinco horas.<\/p>\n\n\n\n<p>La etapa 2 de La Vuelta 24 pasar\u00e1, en el km 67, por su ciudad natal de&nbsp;<strong>Torres Vedras<\/strong>, donde se inaugur\u00f3 un museo de ciclismo con su nombre en 2021. Este a\u00f1o, Portugal conmemora el cuadrag\u00e9simo aniversario de su tr\u00e1gica muerte en una carrera, en la&nbsp;<strong>Volta ao Algarve el 10 de mayo de 1984<\/strong>&nbsp;a causa de un perro. Con m\u00e1s de cuarenta a\u00f1os, hab\u00eda retomado su carrera profesional para acompa\u00f1ar el debut del equipo Sporting en Francia. Ese a\u00f1o, vistiendo el maillot blanco con rayas verdes, Paulo Ferreira brill\u00f3 intensamente cuando se escap\u00f3 en el tercer kil\u00f3metro de la quinta etapa y venci\u00f3 a los dos franceses&nbsp;<strong>Vincent Barteau<\/strong>&nbsp;y&nbsp;<strong>Maurice Le Guilloux<\/strong>&nbsp;en un sprint sorpresa casi dieciocho minutos antes de que llegara el pelot\u00f3n. Ten\u00eda 22 a\u00f1os y nunca m\u00e1s se le volvi\u00f3 a ver en una gran vuelta.<\/p>\n\n\n\n\n\n<p>Sus sucesores, como Agostinho antes que \u00e9l, no tuvieron la oportunidad de correr el Tour para un equipo portugu\u00e9s y tuvieron que seducir a prestigiosos equipos extranjeros para competir al m\u00e1s alto nivel, ya sea para sus propias ambiciones o al servicio de grandes l\u00edderes.&nbsp;<strong>Sergio Paulinho<\/strong>&nbsp;gan\u00f3 la medalla de plata en la carrera ol\u00edmpica de ruta en 2004 y luego fue compa\u00f1ero de equipo de&nbsp;<strong>Alberto Contador<\/strong>&nbsp;en seis de sus siete victorias en grandes vueltas.&nbsp;<strong>Jos\u00e9 Azevedo<\/strong>&nbsp;termin\u00f3 5\u00ba y 6\u00ba en la clasificaci\u00f3n general del Tour de Francia (en 2004 y 2002).&nbsp;<strong>Rui Costa<\/strong>&nbsp;no solo es el \u00fanico campe\u00f3n mundial portugu\u00e9s, sino tambi\u00e9n el \u00fanico ciclista portugu\u00e9s en ganar el Tour de Suisse tres a\u00f1os seguidos, en 2012, 2013 y 2014. Su retrato ocupa un lugar destacado en la fachada del Museu do ciclismo Joaquim Agostinho en Torres Vedras.<\/p>\n\n\n\n<p>A la espera de la mayor\u00eda de edad del fen\u00f3meno&nbsp;<strong>Antonio Morgado<\/strong>, 2\u00ba en el campeonato mundial sub23 en 2023 y 5\u00ba en su primer Tour de Flandes este a\u00f1o, a la edad de 20 a\u00f1os, el ciclismo portugu\u00e9s puede esperar una primera victoria general en La Vuelta con&nbsp;<strong>Joao Almeida<\/strong>, quien sali\u00f3 de su primer Tour de Francia en gran forma, ocupando el cuarto lugar en la clasificaci\u00f3n general mientras apoyaba al maillot amarillo Tadej Pogacar. En las siete grandes vueltas que ha participado a los 25 a\u00f1os, ha terminado seis de ellas en el top ten, solo siendo desplazado por Covid en el Giro d&#8217;Italia 2022 cuando se encontraba en cuarto lugar. 3\u00ba en el Giro 2023, 4\u00ba en La Vuelta 22, ha llegado su momento para aspirar a la consagraci\u00f3n absoluta. La segunda etapa tambi\u00e9n pasar\u00e1 por su ciudad natal,&nbsp;<strong>Caldas da Rainha<\/strong>&nbsp;(km 111), que tambi\u00e9n es la ciudad natal de Morgado.<\/p>\n\n\n\n<p><\/p>\n\n\n\n<p>lavuelta.es<\/p>\n","protected":false},"excerpt":{"rendered":"<p>Cuando se anunci\u00f3 la salida oficial de La Vuelta 24 desde Portugal, en los proleg\u00f3menos de la \u00faltima etapa de la edici\u00f3n de 2023,&nbsp;Rui Costa&nbsp;se mostr\u00f3 entusiasmado: \u00abDespu\u00e9s de la salida oficial del Tour de Francia en Florencia, donde me convert\u00ed en campe\u00f3n del mundo (2013), \u00a1el comienzo de La Vuelta en mi pa\u00eds me [&hellip;]<\/p>\n","protected":false},"author":1,"featured_media":170748,"comment_status":"closed","ping_status":"closed","sticky":false,"template":"","format":"standard","meta":{"_acf_changed":false,"_jetpack_memberships_contains_paid_content":false,"footnotes":"","jetpack_publicize_message":"","jetpack_publicize_feature_enabled":true,"jetpack_social_post_already_shared":true,"jetpack_social_options":{"image_generator_settings":{"template":"highway","default_image_id":0,"font":"","enabled":false},"version":2}},"categories":[14],"tags":[],"class_list":["post-170747","post","type-post","status-publish","format-standard","has-post-thumbnail","hentry","category-ciclismo"],"acf":[],"jetpack_publicize_connections":[],"jetpack_featured_media_url":"https:\/\/i0.wp.com\/sportseco.com\/wp-content\/uploads\/2024\/08\/2415f.jpeg?fit=2400%2C1976&ssl=1","jetpack_sharing_enabled":true,"_links":{"self":[{"href":"https:\/\/sportseco.com\/index.php?rest_route=\/wp\/v2\/posts\/170747","targetHints":{"allow":["GET"]}}],"collection":[{"href":"https:\/\/sportseco.com\/index.php?rest_route=\/wp\/v2\/posts"}],"about":[{"href":"https:\/\/sportseco.com\/index.php?rest_route=\/wp\/v2\/types\/post"}],"author":[{"embeddable":true,"href":"https:\/\/sportseco.com\/index.php?rest_route=\/wp\/v2\/users\/1"}],"replies":[{"embeddable":true,"href":"https:\/\/sportseco.com\/index.php?rest_route=%2Fwp%2Fv2%2Fcomments&post=170747"}],"version-history":[{"count":1,"href":"https:\/\/sportseco.com\/index.php?rest_route=\/wp\/v2\/posts\/170747\/revisions"}],"predecessor-version":[{"id":170749,"href":"https:\/\/sportseco.com\/index.php?rest_route=\/wp\/v2\/posts\/170747\/revisions\/170749"}],"wp:featuredmedia":[{"embeddable":true,"href":"https:\/\/sportseco.com\/index.php?rest_route=\/wp\/v2\/media\/170748"}],"wp:attachment":[{"href":"https:\/\/sportseco.com\/index.php?rest_route=%2Fwp%2Fv2%2Fmedia&parent=170747"}],"wp:term":[{"taxonomy":"category","embeddable":true,"href":"https:\/\/sportseco.com\/index.php?rest_route=%2Fwp%2Fv2%2Fcategories&post=170747"},{"taxonomy":"post_tag","embeddable":true,"href":"https:\/\/sportseco.com\/index.php?rest_route=%2Fwp%2Fv2%2Ftags&post=170747"}],"curies":[{"name":"wp","href":"https:\/\/api.w.org\/{rel}","templated":true}]}}