{"id":170761,"date":"2024-08-12T18:40:35","date_gmt":"2024-08-12T22:40:35","guid":{"rendered":"https:\/\/sportseco.com\/?p=170761"},"modified":"2024-08-12T18:40:38","modified_gmt":"2024-08-12T22:40:38","slug":"festival-petronio-alvarez-2024-saberes-ancestrales-del-pacifico-para-el-mundo","status":"publish","type":"post","link":"https:\/\/sportseco.com\/?p=170761","title":{"rendered":"Festival Petronio \u00c1lvarez 2024, saberes ancestrales del Pac\u00edfico para el mundo"},"content":{"rendered":"\n<blockquote class=\"wp-block-quote is-layout-flow wp-block-quote-is-layout-flow\">\n<p>El festival afro m\u00e1s importante de Latinoam\u00e9rica y el mundo, Petronio \u00c1lvarez, en su versi\u00f3n 28 abrir\u00e1 su ciudadela este mi\u00e9rcoles (14.08.2024), con lo mejor de la cultura del Pac\u00edfico y la circulaci\u00f3n de sus saberes ancestrales.<\/p>\n<\/blockquote>\n\n\n\n<p>Esta vez, el Petronio estar\u00e1 alineado con la COP16 y en su programaci\u00f3n transversal se hablar\u00e1 y se sentir\u00e1 la biodiversidad, la sostenibilidad representada en paneles que brindar\u00e1n la luz a los cerca de 500.000 asistentes que se deleitar\u00e1n con los 2000 artistas y 47 agrupaciones que concursar\u00e1n.<\/p>\n\n\n\n<p>El festival se extender\u00e1 hasta el pr\u00f3ximo lunes festivo 19 de agosto.<\/p>\n\n\n\n<p>El alcalde de Cali, Alejandro Eder, reconoci\u00f3 la herencia que este festival tiene para la ciudad y el Pac\u00edfico colombiano. \u201cEsta es la antesala a la COP16. Es el primer gran festival y por eso trabajamos para que sea sostenible, se reciclar\u00e1n los desechos org\u00e1nicos y crearemos abono. La idea es tratar m\u00ednimo el 50 % de lo que se produzca y esta ciudadela en gran parte ser\u00e1 libre de pl\u00e1stico\u201d, afirm\u00f3 el mandatario.<\/p>\n\n\n\n<p>Los asistentes a la ciudadela tendr\u00e1n artistas de talla internacional, gastronom\u00eda, cultura, artesan\u00edas y quilombo pedag\u00f3gico. El director del Petronio, Jos\u00e9 Proscopio R\u00edos, anunci\u00f3 la presencia de artistas de Canad\u00e1, Estados Unidos, Brasil, Cuba y Sud\u00e1frica. \u201cSeremos el primer evento de la COP16 pero la gran novedad es que el Festival se convierte en una posibilidad de circulaci\u00f3n para los artistas y creadores de tradici\u00f3n, d\u00e1ndoles oportunidad para que vivan dignamente con lo que les gusta hacer\u201d, afirm\u00f3 el director.<\/p>\n\n\n\n<p>El Petronio, en esta versi\u00f3n se tomar\u00e1 Cali porque estar\u00e1 en 14 centros comerciales, en el Bulevar del R\u00edo y el Bulevar de Oriente, adem\u00e1s, de colegios y 19 universidades. \u201cPetronio es el festival de la reconciliaci\u00f3n de las diferentes etnias afro y por eso aqu\u00ed mostramos nuestras diferentes manifestaciones culturales\u201d, se\u00f1al\u00f3.<\/p>\n\n\n\n<p><strong>Oficina de Comunicaciones<\/strong><\/p>\n\n\n\n<p><strong>Alcald\u00eda de Santiago de Cali<\/strong><\/p>\n","protected":false},"excerpt":{"rendered":"<p>El festival afro m\u00e1s importante de Latinoam\u00e9rica y el mundo, Petronio \u00c1lvarez, en su versi\u00f3n 28 abrir\u00e1 su ciudadela este mi\u00e9rcoles (14.08.2024), con lo mejor de la cultura del Pac\u00edfico y la circulaci\u00f3n de sus saberes ancestrales. Esta vez, el Petronio estar\u00e1 alineado con la COP16 y en su programaci\u00f3n transversal se hablar\u00e1 y se [&hellip;]<\/p>\n","protected":false},"author":1,"featured_media":170762,"comment_status":"closed","ping_status":"closed","sticky":false,"template":"","format":"standard","meta":{"_acf_changed":false,"_jetpack_memberships_contains_paid_content":false,"footnotes":"","jetpack_publicize_message":"","jetpack_publicize_feature_enabled":true,"jetpack_social_post_already_shared":true,"jetpack_social_options":{"image_generator_settings":{"template":"highway","default_image_id":0,"font":"","enabled":false},"version":2}},"categories":[6],"tags":[],"class_list":["post-170761","post","type-post","status-publish","format-standard","has-post-thumbnail","hentry","category-ecologia"],"acf":[],"jetpack_publicize_connections":[],"jetpack_featured_media_url":"https:\/\/i0.wp.com\/sportseco.com\/wp-content\/uploads\/2024\/08\/thgaleria_700X400_307042.jpg?fit=601%2C400&ssl=1","jetpack_sharing_enabled":true,"_links":{"self":[{"href":"https:\/\/sportseco.com\/index.php?rest_route=\/wp\/v2\/posts\/170761","targetHints":{"allow":["GET"]}}],"collection":[{"href":"https:\/\/sportseco.com\/index.php?rest_route=\/wp\/v2\/posts"}],"about":[{"href":"https:\/\/sportseco.com\/index.php?rest_route=\/wp\/v2\/types\/post"}],"author":[{"embeddable":true,"href":"https:\/\/sportseco.com\/index.php?rest_route=\/wp\/v2\/users\/1"}],"replies":[{"embeddable":true,"href":"https:\/\/sportseco.com\/index.php?rest_route=%2Fwp%2Fv2%2Fcomments&post=170761"}],"version-history":[{"count":1,"href":"https:\/\/sportseco.com\/index.php?rest_route=\/wp\/v2\/posts\/170761\/revisions"}],"predecessor-version":[{"id":170763,"href":"https:\/\/sportseco.com\/index.php?rest_route=\/wp\/v2\/posts\/170761\/revisions\/170763"}],"wp:featuredmedia":[{"embeddable":true,"href":"https:\/\/sportseco.com\/index.php?rest_route=\/wp\/v2\/media\/170762"}],"wp:attachment":[{"href":"https:\/\/sportseco.com\/index.php?rest_route=%2Fwp%2Fv2%2Fmedia&parent=170761"}],"wp:term":[{"taxonomy":"category","embeddable":true,"href":"https:\/\/sportseco.com\/index.php?rest_route=%2Fwp%2Fv2%2Fcategories&post=170761"},{"taxonomy":"post_tag","embeddable":true,"href":"https:\/\/sportseco.com\/index.php?rest_route=%2Fwp%2Fv2%2Ftags&post=170761"}],"curies":[{"name":"wp","href":"https:\/\/api.w.org\/{rel}","templated":true}]}}