{"id":170771,"date":"2024-08-13T09:03:43","date_gmt":"2024-08-13T13:03:43","guid":{"rendered":"https:\/\/sportseco.com\/?p=170771"},"modified":"2024-08-13T09:03:50","modified_gmt":"2024-08-13T13:03:50","slug":"arrullo-en-el-barrio-honrando-el-legado","status":"publish","type":"post","link":"https:\/\/sportseco.com\/?p=170771","title":{"rendered":"Arrullo en el Barrio, honrando el legado"},"content":{"rendered":"\n<figure class=\"wp-block-image\"><img decoding=\"async\" src=\"https:\/\/lh7-rt.googleusercontent.com\/docsz\/AD_4nXcn9nIE2h0vhrAgz_I_71VuKBbdP_Dsuw_aVQzgyCNMldKm1z8AOyAHgvqTLyhKdXvKNY8_zRTo-ej9bqmneL1QQLRSJ-QrbWpyWxNbAteoPCMroPYUmSJCrpof2xCZzwhH98pL0mRGkSaLXr6qB_b8QtM?key=oVZeVoHwwoEvMa4uXG616w\" alt=\"\"\/><\/figure>\n\n\n\n<ul class=\"wp-block-list\">\n<li>El encuentro que honra la tradici\u00f3n de comunidades del Pac\u00edfico colombiano se da cita del <strong>16 al 18 de agosto <\/strong>en el oriente de\u00a0 Cali para celebrar la vida.\u00a0<\/li>\n\n\n\n<li>Este a\u00f1o, Arrullo en el Barrio\u00a0 har\u00e1 un sentido homenaje a la memoria de la maestra <strong>Libia Oliva Bonilla,\u00a0 Lisandro Vallecilla<\/strong> y a Timbiqu\u00ed.\u00a0<\/li>\n\n\n\n<li>Arrullo en el Barrio hace parte de las actividades descentralizadas del<strong> Festival de M\u00fasica del Pac\u00edfico Petronio Alvarez.<\/strong> Contar\u00e1 con acompa\u00f1amiento del Puesto de Mando Unificado PMU por parte de la Alcald\u00eda de Cali\u00a0 y se extender\u00e1 con actividades en otros puntos de la ciudad con Arrullando por el Oriente.<\/li>\n<\/ul>\n\n\n\n<p>Hace m\u00e1s de 19 a\u00f1os, los cantos que se escuchaban a la orilla del r\u00edo Timbiqu\u00ed en la voz de la maestra<strong>&nbsp;Libia Oliva Bonilla<\/strong>&nbsp;pasaron a entonarse en su casa en Cali cada vez que cumpl\u00eda a\u00f1os, con el tiempo su casa se convirti\u00f3 en la casa de todos, el punto de encuentro para celebrar la vida, as\u00ed naci\u00f3<strong>&nbsp;Arrullo en el Barrio<\/strong>.&nbsp;<\/p>\n\n\n\n<p>Desde el&nbsp; 2014, este evento se ha realizado ininterrumpidamente en la carrera 42 # 53-16<strong>, del barrio Ciudad C\u00f3rdoba, ubicado en la comuna 15 al oriente de Cali<\/strong>, en el marco del<strong>&nbsp;Festival de M\u00fasica del Pac\u00edfico Petronio \u00c1lvarez<\/strong>.&nbsp;<\/p>\n\n\n\n<p><strong>Este a\u00f1o Arrullo en el Barrio rendir\u00e1 un homenaje a sus inicios, a su creadora, la maestra Libia Oliva Bonilla Angulo,<\/strong>&nbsp;aquella cuya voz y&nbsp; obra fueron cruciales para conectar la cultura del Pac\u00edfico con el resto del mundo, tanto dentro como fuera de Timbiqu\u00ed.<\/p>\n\n\n\n<p><strong>Novedades de Arrullo en el Barrio<\/strong><br \/><img loading=\"lazy\" decoding=\"async\" src=\"https:\/\/lh7-rt.googleusercontent.com\/docsz\/AD_4nXfrxm_dVcX2jHtjaCwSs6h_zaeuyoElHBhEG45MGyXG45996N3CztOaCjxmUVqFUbo2IqFLe6EsT9YCqjgTWVTxmEAKp66jHSXIB2ro1a_a_wekALq-KjxaTvQ0Tb4lzy5pV7BMTxu2SiwbQGJKsbjwP658?key=oVZeVoHwwoEvMa4uXG616w\" width=\"401\" height=\"224\"\/><\/p>\n\n\n\n<p>&nbsp;<strong><em>Homenaje p\u00f3stumo<\/em><\/strong><\/p>\n\n\n\n<p><br \/>Este a\u00f1o estar\u00e1 dedicado a&nbsp;<strong>Timbiqu\u00ed<\/strong>, la tierra natal de la maestra&nbsp;<strong>Nidia G\u00f3ngora<\/strong>&nbsp;y de su madre,<strong>&nbsp;Libia Oliva Bonilla<\/strong>&nbsp;a quien se le rendir\u00e1 un homenaje especial por el legado que dej\u00f3. As\u00ed mismo, el Arrullo en el Barrio ser\u00e1 dedicado a&nbsp;<strong>Lisandro Vallecilla<\/strong>, m\u00fasico de la agrupaci\u00f3n Canal\u00f3n de Timbiqu\u00ed.&nbsp;<\/p>\n\n\n\n<p><strong><em>Cuidando la casa<\/em><\/strong><\/p>\n\n\n\n<p>Cada casa vecina de la calle del Arrullo, estar\u00e1 identificada con los nombres de corregimientos de Timbiqu\u00ed y en ellos se implementar\u00e1n puntos ecol\u00f3gicos para la recolecci\u00f3n de residuos hacer de este un evento amigable ambientalmente.&nbsp;<\/p>\n\n\n\n<p><strong><em>Arrullando por el Oriente<\/em><\/strong><\/p>\n\n\n\n<p>As\u00ed como el r\u00edo se extiende entre sus veredas, el Arrullo en el Barrio se expande con Arrullando por el Oriente con actividades en barrios como Charco Azul, Morichal de Comfandi, Mojica y finaliza en Ciudad C\u00f3rdoba.&nbsp;<\/p>\n\n\n\n<p><strong>As\u00ed ser\u00e1 la programaci\u00f3n:&nbsp;<\/strong><\/p>\n\n\n\n<figure class=\"wp-block-image\"><img decoding=\"async\" src=\"https:\/\/lh7-rt.googleusercontent.com\/docsz\/AD_4nXfERv2k9tsfoXfcUf9WtHxurDB2dxtCCoo-kKY1X_PWC_FmnoykgcsHv1YE71QXZkDuJLJK1Zms7J5gDk3t84ntWk4HSdlBpl__Wj7limL4AtfAjxrEE2dtk3z1RopfZNqk1f8KvWRnrKJcoBrSR1KrwMDz?key=oVZeVoHwwoEvMa4uXG616w\" alt=\"\"\/><\/figure>\n\n\n\n<p><strong>Jueves 15 de agosto.<\/strong><\/p>\n\n\n\n<p>Evento: Charco Azul &#8211; Arrullando por la Vida.<\/p>\n\n\n\n<p>Direcci\u00f3n: Diagonal 70 # 22-21 Cancha del Barrio Charco Azul de la Comuna 13<\/p>\n\n\n\n<p>Horario: De 4:00 pm hasta la 10:00 pm&nbsp;<\/p>\n\n\n\n<p><strong>Viernes 16 de agosto.<\/strong><\/p>\n\n\n\n<p>Evento: Arrullo en la Calle Mocha.<\/p>\n\n\n\n<p>Direcci\u00f3n: Barrio Morichal Comfandi en la Calle Mocha Carrera 46, frente a la Calle 55 c, 55 b y 55a de la Comuna 15<\/p>\n\n\n\n<p>Horario: De 1:00 pm hasta las 7:00 pm<\/p>\n\n\n\n<p><strong>S\u00e1bado 17 de agosto.<\/strong><\/p>\n\n\n\n<p>Evento: Bambucazo Cultural al Barrio.&nbsp;<\/p>\n\n\n\n<p>Direcci\u00f3n: Carrera 28d2 con 94 parqueadero Barrio Mojica 1 de la Comuna 15<\/p>\n\n\n\n<p>Horario: De 10:00 am hasta las 3:00 pm<\/p>\n\n\n\n<p><strong>Viernes 16, s\u00e1bado 17 y domingo 18 de agosto<\/strong>.<\/p>\n\n\n\n<p>Evento: Arrullo en el Barrio.<\/p>\n\n\n\n<p>&nbsp;Direcci\u00f3n: Carrera 42 # 53-16 Barrio Ciudad C\u00f3rdoba de la Comuna 15<\/p>\n\n\n\n<p>Horario: Desde las 9:00 pm de cada d\u00eda hasta las 6:00 am del d\u00eda siguiente (terminando a las 6:00 am del lunes 19 de agosto)<\/p>\n\n\n\n<p>Agradecemos su apoyo en la difusi\u00f3n de esta informaci\u00f3n.&nbsp;<\/p>\n\n\n\n<p>Fotos y videos aqu\u00ed:&nbsp;<a href=\"https:\/\/bit.ly\/3yDlvRK\" target=\"_blank\" rel=\"noreferrer noopener\">https:\/\/bit.ly\/3yDlvRK<\/a>&nbsp;<\/p>\n\n\n\n<p><strong>\u00bfAgendamos una entrevista?<\/strong><\/p>\n\n\n\n<p><strong>Contacto prensa:<\/strong>&nbsp;<img loading=\"lazy\" decoding=\"async\" src=\"https:\/\/lh7-rt.googleusercontent.com\/docsz\/AD_4nXfoqMmtmyFvZvPy_AXBZEXmhrQGzsD7HjNacKcKhjPtvmrlY-WZHpD7LcLx2zHO50Srklvd6umqh88yVa3ziUdbXfRq3DdqbzKeq_Y8aCi103GpLllX97d09N7UO8XmyaUzgDW1LA2mQzZ4sORNS64Hy1Q?key=oVZeVoHwwoEvMa4uXG616w\" width=\"30\" height=\"30\"\/><\/p>\n\n\n\n<p>Geraldine Mu\u00f1oz Asprilla<\/p>\n\n\n\n<p><a href=\"https:\/\/wa.me\/3214732345\" target=\"_blank\" rel=\"noreferrer noopener\">3214732345<\/a>&nbsp;<\/p>\n\n\n\n<p><a href=\"https:\/\/www.instagram.com\/arrulloenelbarrio.oficial\/\" target=\"_blank\" rel=\"noreferrer noopener\">Instagram<\/a>&nbsp;<\/p>\n\n\n\n<figure class=\"wp-block-image\"><img decoding=\"async\" src=\"https:\/\/ci3.googleusercontent.com\/mail-sig\/AIorK4wKBEUabdgs_YYXEyoh8uit15WjUqFAFg0U15rqDQHWnA1PS33_pEXZULkDZsLwNcCURGibzkg\" alt=\"\"\/><\/figure>\n","protected":false},"excerpt":{"rendered":"<p>Hace m\u00e1s de 19 a\u00f1os, los cantos que se escuchaban a la orilla del r\u00edo Timbiqu\u00ed en la voz de la maestra&nbsp;Libia Oliva Bonilla&nbsp;pasaron a entonarse en su casa en Cali cada vez que cumpl\u00eda a\u00f1os, con el tiempo su casa se convirti\u00f3 en la casa de todos, el punto de encuentro para celebrar la [&hellip;]<\/p>\n","protected":false},"author":1,"featured_media":170772,"comment_status":"closed","ping_status":"closed","sticky":false,"template":"","format":"standard","meta":{"_acf_changed":false,"_jetpack_memberships_contains_paid_content":false,"footnotes":"","jetpack_publicize_message":"","jetpack_publicize_feature_enabled":true,"jetpack_social_post_already_shared":true,"jetpack_social_options":{"image_generator_settings":{"template":"highway","default_image_id":0,"font":"","enabled":false},"version":2}},"categories":[6],"tags":[],"class_list":["post-170771","post","type-post","status-publish","format-standard","has-post-thumbnail","hentry","category-ecologia"],"acf":[],"jetpack_publicize_connections":[],"jetpack_featured_media_url":"https:\/\/i0.wp.com\/sportseco.com\/wp-content\/uploads\/2024\/08\/unnamed.jpg?fit=960%2C510&ssl=1","jetpack_sharing_enabled":true,"_links":{"self":[{"href":"https:\/\/sportseco.com\/index.php?rest_route=\/wp\/v2\/posts\/170771","targetHints":{"allow":["GET"]}}],"collection":[{"href":"https:\/\/sportseco.com\/index.php?rest_route=\/wp\/v2\/posts"}],"about":[{"href":"https:\/\/sportseco.com\/index.php?rest_route=\/wp\/v2\/types\/post"}],"author":[{"embeddable":true,"href":"https:\/\/sportseco.com\/index.php?rest_route=\/wp\/v2\/users\/1"}],"replies":[{"embeddable":true,"href":"https:\/\/sportseco.com\/index.php?rest_route=%2Fwp%2Fv2%2Fcomments&post=170771"}],"version-history":[{"count":1,"href":"https:\/\/sportseco.com\/index.php?rest_route=\/wp\/v2\/posts\/170771\/revisions"}],"predecessor-version":[{"id":170773,"href":"https:\/\/sportseco.com\/index.php?rest_route=\/wp\/v2\/posts\/170771\/revisions\/170773"}],"wp:featuredmedia":[{"embeddable":true,"href":"https:\/\/sportseco.com\/index.php?rest_route=\/wp\/v2\/media\/170772"}],"wp:attachment":[{"href":"https:\/\/sportseco.com\/index.php?rest_route=%2Fwp%2Fv2%2Fmedia&parent=170771"}],"wp:term":[{"taxonomy":"category","embeddable":true,"href":"https:\/\/sportseco.com\/index.php?rest_route=%2Fwp%2Fv2%2Fcategories&post=170771"},{"taxonomy":"post_tag","embeddable":true,"href":"https:\/\/sportseco.com\/index.php?rest_route=%2Fwp%2Fv2%2Ftags&post=170771"}],"curies":[{"name":"wp","href":"https:\/\/api.w.org\/{rel}","templated":true}]}}