{"id":170792,"date":"2024-08-13T17:21:26","date_gmt":"2024-08-13T21:21:26","guid":{"rendered":"https:\/\/sportseco.com\/?p=170792"},"modified":"2024-08-13T17:21:31","modified_gmt":"2024-08-13T21:21:31","slug":"movistar-team-ante-la-vuelta-2024-una-carrera-muy-especial","status":"publish","type":"post","link":"https:\/\/sportseco.com\/?p=170792","title":{"rendered":"Movistar Team, ante La Vuelta 2024, una carrera muy especial"},"content":{"rendered":"\n<h2 class=\"wp-block-heading\">En plenas celebraciones de #Telef\u00f3nica100<\/h2>\n\n\n\n<p>La escuadra &#8216;telef\u00f3nica&#8217; partir\u00e1 desde Lisboa (17 agosto &#8211; 8 septiembre) con la motivaci\u00f3n de ofrecer buena imagen cada d\u00eda hasta el gran final, frente el m\u00edtico Edificio madrile\u00f1o de Gran V\u00eda.<\/p>\n\n\n\n<p><strong>GU\u00cdA LA VUELTA 2024 |&nbsp;<a href=\"https:\/\/movistarteam.com\/carreras\/carrera\/la-vuelta-masculina-2024\">Toda la info sobre Movistar Team y la gran ronda espa\u00f1ola<\/a><\/strong><\/p>\n\n\n\n<p>Es la \u00faltima Gran Vuelta de la temporada, y una con motivaci\u00f3n&nbsp;<em>extra<\/em>. Movistar Team tomar\u00e1 la salida en la 79\u00aa edici\u00f3n de La Vuelta este s\u00e1bado con la voluntad de lucir con el mismo car\u00e1cter y combatividad que en el Giro y Tour. Una prueba que, en su \u00faltima jornada, partir\u00e1 desde la sede de Telef\u00f3nica en Distrito y concluir\u00e1 junto al hist\u00f3rico Edificio de Gran V\u00eda.<\/p>\n\n\n\n<p>Para afrontar las tres semanas de carrera, el equipo aqu\u00ed dirigido por Chente Garc\u00eda Acosta, Pablo Lastras, Xabier Muriel e Iv\u00e1n Velasco alinea a&nbsp;<strong>Enric Mas<\/strong>, tres veces podio, y al vencedor de 2016,&nbsp;<strong>Nairo Quintana<\/strong>.<\/p>\n\n\n\n<p>Junto a ellos, los dos nombres propios de mayo \u2013<strong>Pelayo S\u00e1nchez<\/strong>, ganador de etapa en el Giro, y&nbsp;<strong>Einer Rubio<\/strong>, 7\u00ba en la general-; dos talentosos j\u00f3venes,&nbsp;<strong>Oier Lazkano<\/strong>&nbsp;y&nbsp;<strong>Carlos Canal<\/strong>; y dos \u2018currantes\u2019 de lujo como&nbsp;<strong>Jorge Arcas<\/strong>&nbsp;y un&nbsp;<strong>Nelson Oliveira<\/strong>&nbsp;-diploma ol\u00edmpico en la CRI de Par\u00eds- que partir\u00e1 desde su pa\u00eds de origen, nada menos que con otra contrarreloj individual, en Lisboa.<\/p>\n\n\n\n<p>Toda una Vuelta a Espa\u00f1a deseando que llegue el final. Y no es por pesimismo deportivo, ni mucho menos. La edici\u00f3n 2024 de La Vuelta ser\u00e1&nbsp;<strong>un homenaje a Telef\u00f3nica<\/strong>, incluida una<strong>&nbsp;jornada decisiva -casi 25 km contrarreloj<\/strong>, el domingo 8 de septiembre-&nbsp;<strong>con inicio en la actual sede central de Distrito y cierre<\/strong>&nbsp;en el hist\u00f3rico edificio de&nbsp;<strong>Gran V\u00eda.<\/strong><\/p>\n\n\n\n<p>Ser\u00e1 la \u00faltima de las dos CRI a cubrir en una ronda espa\u00f1ola que<strong>&nbsp;se iniciar\u00e1, tambi\u00e9n en esfuerzo individual, en Lisboa<\/strong>&nbsp;-12 km, de nuevo para especialistas, el s\u00e1bado 17 de agosto-. Con ella se abrir\u00e1n tres jornadas por tierras lusas, a buen seguro calurosas pero aptas para velocistas en Our\u00e9m (domingo 18) y Castelo Branco (lunes 19). Con esas llegadas y la de Sevilla, el mi\u00e9rcoles 21, casi se acaba el terreno para los sprinters, porque si algo no le falta nunca a La Vuelta es monta\u00f1a.<\/p>\n\n\n\n<p>Solo en la primera semana ya tendremos tres envites para los escaladores. Habr\u00e1 una&nbsp;<strong>gran jornada extreme\u00f1a (martes 20)<\/strong>, con Cabezabellosa (2\u00aa),&nbsp;<a href=\"https:\/\/movistarteam.com\/wp-content\/uploads\/2024\/08\/01-piornal-villuercas.pdf\">Piornal (1\u00aa), Miravete (3\u00aa) y&nbsp;<strong>Villuercas (1\u00aa)<\/strong><\/a>&nbsp;por su lado m\u00e1s duro, zona de hormig\u00f3n y exigentes rampas incluidas. Se superar\u00e1 el jueves 22&nbsp;<a href=\"https:\/\/movistarteam.com\/wp-content\/uploads\/2024\/08\/02-boyar-abejas.pdf\">el Boyar (1\u00aa) camino de las Abejas (3\u00aa)<\/a>, meta en Yunquera. Y se cerrar\u00e1 ese bloque inicial con un&nbsp;<strong>gran d\u00eda por Sierra Nevada (domingo 25)<\/strong>, superando&nbsp;<a href=\"https:\/\/movistarteam.com\/wp-content\/uploads\/2024\/08\/03-purche-hazallanas.pdf\">el Purche (1\u00aa) y&nbsp;<strong>dos pasos por Hazallanas (1\u00aa)<\/strong><\/a><strong>.<\/strong>&nbsp;Por medio, otros dos d\u00edas buenos para escaramuzas: el viernes 23, con el \u201814%\u2019 en C\u00f3rdoba, y el s\u00e1bado 24, en Cazorla.<\/p>\n\n\n\n<p>En uno de sus habituales brincos de un millar de kil\u00f3metros de traslado para la caravana, La Vuelta despertar\u00e1 en Galicia para su segunda semana. Los corredores se&nbsp;<em>quedar\u00e1n por aqu\u00ed<\/em>&nbsp;unos d\u00edas: territorio \u2018can\u00edbal\u2019 el martes 27, con&nbsp;<a href=\"https:\/\/movistarteam.com\/wp-content\/uploads\/2024\/08\/04-mougas.pdf\">Moug\u00e1s (1\u00aa)<\/a>&nbsp;camino de Baiona; el puerto de Cruxeiras (3\u00aa) justo antes de la meta de Padr\u00f3n (mi\u00e9rcoles 28); y dos finales duros de monta\u00f1a:&nbsp;<strong><a href=\"https:\/\/movistarteam.com\/wp-content\/uploads\/2024\/08\/05-manzaneda.pdf\">Manzaneda (1\u00aa)<\/a><\/strong>, el jueves 29, y&nbsp;<strong>Ancares (1\u00aa)<\/strong>, v\u00eda Lumeras (2\u00aa), el viernes 30.<\/p>\n\n\n\n<p><strong>Asturias volver\u00e1 a ser gran protagonista de la carrera<\/strong>&nbsp;a partir del s\u00e1bado 31, con el largu\u00edsimo&nbsp;<a href=\"https:\/\/movistarteam.com\/wp-content\/uploads\/2024\/08\/06-leitariegos.pdf\">Leitariegos (1\u00aa)<\/a>&nbsp;-camino de Villablino, en Le\u00f3n- como anticipo de dos llegadas emblem\u00e1ticas: los&nbsp;<strong>imposibles porcentajes del&nbsp;<\/strong><a href=\"https:\/\/movistarteam.com\/wp-content\/uploads\/2024\/08\/07-colladiella-cuitunegru.pdf\"><strong>Cuitu Negru (Especial)<\/strong>, el domingo 1, con dos pasos por la Colladiella (1\u00aa)<\/a>&nbsp;por medio, y&nbsp;<strong>la leyenda de los&nbsp;<\/strong><a href=\"https:\/\/movistarteam.com\/wp-content\/uploads\/2024\/08\/08-fito-llomena-lagos.pdf\"><strong>Lagos de Covadonga (Especial)<\/strong>, el martes 3, previo ascenso al Fito (1\u00aa) y la Collada Llomena (1\u00aa)<\/a>.<\/p>\n\n\n\n<p>Antes de la CRI decisiva, cuatro parciales. Uno en Cantabria, remot\u00edsima opci\u00f3n de sprint el mi\u00e9rcoles 4 -cabe m\u00e1s pensar en otra fuga- en Santander. Otro en tierras vascas (jueves 5), saliendo de Vitoria y llegando al Parque Natural de Izki v\u00eda\u00a0<a href=\"https:\/\/movistarteam.com\/wp-content\/uploads\/2024\/08\/09-herrera.pdf\">La Herrera (1\u00aa)<\/a>. La antepen\u00faltima, casi \u2018unipuerto\u2019, ser\u00e1\u00a0<a href=\"https:\/\/movistarteam.com\/wp-content\/uploads\/2024\/08\/10-moncalvillo.pdf\">Moncalvillo (1\u00aa)<\/a>, en La Rioja, el viernes 6. Y<strong>\u00a0para cerrar\u2026 \u00a1la jornada reina!<\/strong>\u00a0Incre\u00edble, con todo lo que superar\u00e1 en carrera, pero son\u00a0<strong>4700m de desnivel y siete puertos<\/strong>: Estacas de Trueba (3\u00aa), La Bragu\u00eda (3\u00aa), Caracol (2\u00aa),\u00a0<a href=\"https:\/\/movistarteam.com\/wp-content\/uploads\/2024\/08\/11-lunada-tornos-picon.pdf\">Lunada (1\u00aa), La S\u00eda (2\u00aa), Tornos (1\u00aa) y\u00a0<strong>cierre en el Pic\u00f3n Blanco (1\u00aa)<\/strong><\/a><strong>, pr\u00e1cticamente sin llano en todo el d\u00eda.<\/strong><\/p>\n\n\n\n<p><\/p>\n\n\n\n<p>movistarteam.com<\/p>\n","protected":false},"excerpt":{"rendered":"<p>En plenas celebraciones de #Telef\u00f3nica100 La escuadra &#8216;telef\u00f3nica&#8217; partir\u00e1 desde Lisboa (17 agosto &#8211; 8 septiembre) con la motivaci\u00f3n de ofrecer buena imagen cada d\u00eda hasta el gran final, frente el m\u00edtico Edificio madrile\u00f1o de Gran V\u00eda. GU\u00cdA LA VUELTA 2024 |&nbsp;Toda la info sobre Movistar Team y la gran ronda espa\u00f1ola Es la \u00faltima [&hellip;]<\/p>\n","protected":false},"author":1,"featured_media":170793,"comment_status":"closed","ping_status":"closed","sticky":false,"template":"","format":"standard","meta":{"_acf_changed":false,"_jetpack_memberships_contains_paid_content":false,"footnotes":"","jetpack_publicize_message":"","jetpack_publicize_feature_enabled":true,"jetpack_social_post_already_shared":true,"jetpack_social_options":{"image_generator_settings":{"template":"highway","default_image_id":0,"font":"","enabled":false},"version":2}},"categories":[14],"tags":[],"class_list":["post-170792","post","type-post","status-publish","format-standard","has-post-thumbnail","hentry","category-ciclismo"],"acf":[],"jetpack_publicize_connections":[],"jetpack_featured_media_url":"https:\/\/i0.wp.com\/sportseco.com\/wp-content\/uploads\/2024\/08\/LA-VUELTA-MASC-1638x2048-1.jpg?fit=1638%2C2048&ssl=1","jetpack_sharing_enabled":true,"_links":{"self":[{"href":"https:\/\/sportseco.com\/index.php?rest_route=\/wp\/v2\/posts\/170792","targetHints":{"allow":["GET"]}}],"collection":[{"href":"https:\/\/sportseco.com\/index.php?rest_route=\/wp\/v2\/posts"}],"about":[{"href":"https:\/\/sportseco.com\/index.php?rest_route=\/wp\/v2\/types\/post"}],"author":[{"embeddable":true,"href":"https:\/\/sportseco.com\/index.php?rest_route=\/wp\/v2\/users\/1"}],"replies":[{"embeddable":true,"href":"https:\/\/sportseco.com\/index.php?rest_route=%2Fwp%2Fv2%2Fcomments&post=170792"}],"version-history":[{"count":1,"href":"https:\/\/sportseco.com\/index.php?rest_route=\/wp\/v2\/posts\/170792\/revisions"}],"predecessor-version":[{"id":170794,"href":"https:\/\/sportseco.com\/index.php?rest_route=\/wp\/v2\/posts\/170792\/revisions\/170794"}],"wp:featuredmedia":[{"embeddable":true,"href":"https:\/\/sportseco.com\/index.php?rest_route=\/wp\/v2\/media\/170793"}],"wp:attachment":[{"href":"https:\/\/sportseco.com\/index.php?rest_route=%2Fwp%2Fv2%2Fmedia&parent=170792"}],"wp:term":[{"taxonomy":"category","embeddable":true,"href":"https:\/\/sportseco.com\/index.php?rest_route=%2Fwp%2Fv2%2Fcategories&post=170792"},{"taxonomy":"post_tag","embeddable":true,"href":"https:\/\/sportseco.com\/index.php?rest_route=%2Fwp%2Fv2%2Ftags&post=170792"}],"curies":[{"name":"wp","href":"https:\/\/api.w.org\/{rel}","templated":true}]}}