{"id":170798,"date":"2024-08-13T18:51:45","date_gmt":"2024-08-13T22:51:45","guid":{"rendered":"https:\/\/sportseco.com\/?p=170798"},"modified":"2024-08-13T19:45:38","modified_gmt":"2024-08-13T23:45:38","slug":"por-primera-vez-en-colombia-un-evento-masivo-aprovechara-los-residuos-organicos-para-generar-abono-sucedera-en-el-petronio-alvarez-2024","status":"publish","type":"post","link":"https:\/\/sportseco.com\/?p=170798","title":{"rendered":"Por primera vez en Colombia, un evento masivo aprovechar\u00e1 los residuos org\u00e1nicos para generar abono: suceder\u00e1 en el \u2018Petronio \u00c1lvarez 2024\u2019"},"content":{"rendered":"\n<figure class=\"wp-block-image\"><img data-recalc-dims=\"1\" decoding=\"async\" src=\"https:\/\/i0.wp.com\/www.cali.gov.co\/serviciospublicos\/publicaciones\/182407\/por-primera-vez-en-colombia-un-evento-masivo-aprovechara-los-residuos-organicos-para-generar-abono-sucedera-en-el-petronio-alvarez-2024\/info\/principal\/media\/pubInt\/thumbs\/thpub_700X400_182407.jpg?w=640&#038;ssl=1\" alt=\"Por primera vez en Colombia, un evento masivo aprovechar\u00e1 los residuos org\u00e1nicos para generar abono: suceder\u00e1 en el \u2018Petronio \u00c1lvarez 2024\u2019\"\/><\/figure>\n\n\n\n<p>El alcalde de Cali, Alejandro Eder (izquierda), junto a Camilo Murcia (derecha), director de la Uaesp, y operarios de Ciudad Limpia durante el lanzamiento del Festival de M\u00fasica del Pac\u00edfico \u2018Petronio \u00c1lvarez\u2019 de 2024.<\/p>\n\n\n\n<blockquote class=\"wp-block-quote is-layout-flow wp-block-quote-is-layout-flow\">\n<ul class=\"wp-block-list\">\n<li><em>Cali ha dado el primer paso a nivel nacional con la Pol\u00edtica de Aprovechamiento y Correcta Disposici\u00f3n de Residuos, liderada por el alcalde Alejandro Eder en lo que respecta a eventos masivos.<\/em><br \/>\u00a0<\/li>\n\n\n\n<li><em>Por primera vez en el pa\u00eds, se aprovechar\u00e1n los residuos org\u00e1nicos generados en un evento masivo que tendr\u00e1 cerca de 500.000 visitantes, quienes adem\u00e1s de disfrutar de m\u00fasica y cultura tambi\u00e9n degustar\u00e1n la amplia variedad gastron\u00f3mica que ofrece el Pac\u00edfico colombiano.<\/em><br \/>\u00a0<\/li>\n\n\n\n<li><em>Hist\u00f3ricamente, en el Festival de M\u00fasica del Pac\u00edfico \u2018Petronio \u00c1lvarez\u2019 se ven\u00eda aprovechando el 5% del total de residuos generados. Con este piloto, se espera elevar la tasa de aprovechamiento al menos al 50%.<\/em><\/li>\n<\/ul>\n<\/blockquote>\n\n\n\n<p><strong>Santiago de Cali, 13 de agosto de 2024<\/strong><br \/><br \/>El&nbsp;<em>Festival de M\u00fasica del Pac\u00edfico \u2018Petronio \u00c1lvarez\u2019<\/em>, en su versi\u00f3n n\u00famero 28, adem\u00e1s de ratificar el compromiso de visibilizar la riqueza de la cultura afrodescendiente del pa\u00eds, este a\u00f1o tendr\u00e1 un componente medioambiental innovador en Colombia.<br \/><br \/>Cali como ciudad sede la&nbsp;<em>COP16<\/em>, la conferencia sobre biodiversidad m\u00e1s importante del mundo, ha dado el primer paso a nivel nacional con la&nbsp;<em>Pol\u00edtica de Aprovechamiento y Correcta Disposici\u00f3n de Residuos<\/em>, en lo que respecta a eventos masivos, liderada por el alcalde Alejandro Eder.<br \/><br \/><em>\u201cTrabajamos con la Unidad Administrativa Especial de Servicios P\u00fablicos (Uaesp), para que podamos reciclar todos los desechos org\u00e1nicos del Festival y para que sea, en gran parte, libre de pl\u00e1stico\u201d<\/em>, manifest\u00f3 el mandatario local.<br \/><br \/>Seg\u00fan Camilo Murcia, director de la&nbsp;<em>Uaesp<\/em>, en articulaci\u00f3n con el Departamento Administrativo de Gesti\u00f3n del Medio Ambiente (<em>Dagma<\/em>) y la Organizaci\u00f3n de Recicladores de Oficio&nbsp;<em>RECICLAR<\/em>, se unir\u00e1n fuerzas para la correcta ejecuci\u00f3n del esquema dise\u00f1ado y probado por Ciudad Limpia, empresa prestadora del servicio de aseo.&nbsp;<em>\u201cSe espera aprovechar m\u00e1s de 50 toneladas de residuos org\u00e1nicos, generadas en las m\u00e1s de 60 cocinas que participan en esta edici\u00f3n del Festival\u201d<\/em>, indic\u00f3.<br \/><br \/>Este&nbsp;<em>esquema de recolecci\u00f3n<\/em>&nbsp;estar\u00e1 siendo ejecutado por&nbsp;<em>RECICLAR<\/em>, compuesto en su mayor\u00eda por mujeres, y cerca de 100 Promotores \u2018Mi Cali Bella\u2019 de la Alcald\u00eda de Santiago de Cali, junto a los operadores de Ciudad Limpia.<br \/><br \/><strong>La educaci\u00f3n es la clave<\/strong><br \/><br \/>Adem\u00e1s de la operaci\u00f3n de recolecci\u00f3n entre Ciudad Limpia y&nbsp;<em>RECICLAR<\/em>, la Unidad Administrativa Especial de Servicios P\u00fablicos tendr\u00e1 en la&nbsp;<em>Ciudadela Petronio<\/em>&nbsp;el stand&nbsp;<em>\u2018Kylele Ecol\u00f3gico\u2019<\/em>, que significa&nbsp;<em>\u2018Fiesta Ecol\u00f3gica\u2019<\/em>. All\u00ed se realizar\u00e1n talleres de reciclaje y se adelantar\u00e1 el&nbsp;<em>trueque ecol\u00f3gico<\/em>&nbsp;m\u00e1s grande del&nbsp;<em>Festival<\/em>, a trav\u00e9s del intercambio de residuos aprovechables como botellas de pl\u00e1stico por suvenires alusivos a la festividad.<br \/><br \/><strong>Un dato<\/strong><br \/><br \/>Hist\u00f3ricamente, en el&nbsp;<em>Festival \u2018Petronio \u00c1lvarez\u2019<\/em>&nbsp;se ven\u00eda aprovechando el 5% del total de residuos generados. Con este piloto, se espera elevar la tasa de aprovechamiento al menos al 50%. Esto significa un aumento de 10 veces, pasando de 7 a 70 toneladas aprovechadas entre residuos org\u00e1nicos y reciclables, gracias al&nbsp;<em>esquema de recolecci\u00f3n selectiva.<\/em><br \/><br \/><strong>Le puede interesar\u2026<\/strong><br \/>&#8211;<a href=\"https:\/\/www.cali.gov.co\/cultura\/publicaciones\/182402\/asi-se-vivira-la-version-xxviii-del-festival-de-musica-del-pacifico-petronio-alvarez-la-casa-grande-pacifica-y-biodiversa\/\" target=\"_blank\" rel=\"noreferrer noopener\">As\u00ed se vivir\u00e1 la versi\u00f3n XXVIII del Festival de M\u00fasica del Pac\u00edfico Petronio \u00c1lvarez \u2018La Casa Grande Pac\u00edfica y Biodiversa\u2019<\/a><\/p>\n\n\n\n<p>cali.gov.co<\/p>\n","protected":false},"excerpt":{"rendered":"<p>El alcalde de Cali, Alejandro Eder (izquierda), junto a Camilo Murcia (derecha), director de la Uaesp, y operarios de Ciudad Limpia durante el lanzamiento del Festival de M\u00fasica del Pac\u00edfico \u2018Petronio \u00c1lvarez\u2019 de 2024. Santiago de Cali, 13 de agosto de 2024 El&nbsp;Festival de M\u00fasica del Pac\u00edfico \u2018Petronio \u00c1lvarez\u2019, en su versi\u00f3n n\u00famero 28, adem\u00e1s [&hellip;]<\/p>\n","protected":false},"author":1,"featured_media":170799,"comment_status":"closed","ping_status":"closed","sticky":false,"template":"","format":"standard","meta":{"_acf_changed":false,"_jetpack_memberships_contains_paid_content":false,"footnotes":"","jetpack_publicize_message":"","jetpack_publicize_feature_enabled":true,"jetpack_social_post_already_shared":true,"jetpack_social_options":{"image_generator_settings":{"template":"highway","default_image_id":0,"font":"","enabled":false},"version":2}},"categories":[6],"tags":[],"class_list":["post-170798","post","type-post","status-publish","format-standard","has-post-thumbnail","hentry","category-ecologia"],"acf":[],"jetpack_publicize_connections":[],"jetpack_featured_media_url":"https:\/\/i0.wp.com\/sportseco.com\/wp-content\/uploads\/2024\/08\/thgaleria_700X400_307066.jpg?fit=600%2C400&ssl=1","jetpack_sharing_enabled":true,"_links":{"self":[{"href":"https:\/\/sportseco.com\/index.php?rest_route=\/wp\/v2\/posts\/170798","targetHints":{"allow":["GET"]}}],"collection":[{"href":"https:\/\/sportseco.com\/index.php?rest_route=\/wp\/v2\/posts"}],"about":[{"href":"https:\/\/sportseco.com\/index.php?rest_route=\/wp\/v2\/types\/post"}],"author":[{"embeddable":true,"href":"https:\/\/sportseco.com\/index.php?rest_route=\/wp\/v2\/users\/1"}],"replies":[{"embeddable":true,"href":"https:\/\/sportseco.com\/index.php?rest_route=%2Fwp%2Fv2%2Fcomments&post=170798"}],"version-history":[{"count":1,"href":"https:\/\/sportseco.com\/index.php?rest_route=\/wp\/v2\/posts\/170798\/revisions"}],"predecessor-version":[{"id":170800,"href":"https:\/\/sportseco.com\/index.php?rest_route=\/wp\/v2\/posts\/170798\/revisions\/170800"}],"wp:featuredmedia":[{"embeddable":true,"href":"https:\/\/sportseco.com\/index.php?rest_route=\/wp\/v2\/media\/170799"}],"wp:attachment":[{"href":"https:\/\/sportseco.com\/index.php?rest_route=%2Fwp%2Fv2%2Fmedia&parent=170798"}],"wp:term":[{"taxonomy":"category","embeddable":true,"href":"https:\/\/sportseco.com\/index.php?rest_route=%2Fwp%2Fv2%2Fcategories&post=170798"},{"taxonomy":"post_tag","embeddable":true,"href":"https:\/\/sportseco.com\/index.php?rest_route=%2Fwp%2Fv2%2Ftags&post=170798"}],"curies":[{"name":"wp","href":"https:\/\/api.w.org\/{rel}","templated":true}]}}