{"id":170819,"date":"2024-08-14T08:43:02","date_gmt":"2024-08-14T12:43:02","guid":{"rendered":"https:\/\/sportseco.com\/?p=170819"},"modified":"2024-08-14T08:43:08","modified_gmt":"2024-08-14T12:43:08","slug":"mas-de-90-eventos-se-realizan-en-colombia-previo-a-la-cop16-de-biodiversidad","status":"publish","type":"post","link":"https:\/\/sportseco.com\/?p=170819","title":{"rendered":"M\u00e1s de 90 eventos se realizan en Colombia previo a la COP16 de biodiversidad"},"content":{"rendered":"\n<figure class=\"wp-block-image\"><img data-recalc-dims=\"1\" decoding=\"async\" src=\"https:\/\/i0.wp.com\/www.minambiente.gov.co\/wp-content\/uploads\/2024\/08\/cumbres-previas.jpg?w=640&#038;ssl=1\" alt=\"M\u00e1s de 90 eventos se realizan en Colombia previo a la COP16 de biodiversidad\" title=\"M\u00e1s de 90 eventos se realizan en Colombia previo a la COP16 de biodiversidad\"\/><\/figure>\n\n\n\n<ul class=\"wp-block-list\">\n<li>Se llevar\u00e1n a cabo 31 cumbres regionales, nacionales e internacionales que contar\u00e1n con la participaci\u00f3n de pueblos ind\u00edgenas, afro, mujeres, j\u00f3venes, ni\u00f1ez, academia, alcaldes y gobernadores, expertos en biodiversidad y cambio clim\u00e1tico.<\/li>\n\n\n\n<li>Durante su visita en Cali, la ministra Susana Muhamad particip\u00f3 en la Cumbre Acad\u00e9mica de universidades del pa\u00eds donde se cre\u00f3 la Red Colombiana de Conocimiento en Biodiversidad y dio un balance positivo de los preparativos para la COP16.<\/li>\n\n\n\n<li>La COP16, el evento m\u00e1s importante sobre biodiversidad en el mundo, se realizar\u00e1 del 20 de octubre al 1 de noviembre en Cali.<\/li>\n<\/ul>\n\n\n\n<p><strong>Cali (Valle del Cauca), 13 de agosto de 2024<\/strong>&nbsp;\u2013 En el a\u00f1o de la naturaleza: la ciudadan\u00eda, la academia, las empresas, las organizaciones sociales y no gubernamentales, el sector p\u00fablico y las regiones son protagonistas, por eso, en el camino hacia la COP16, est\u00e1n desarroll\u00e1ndose cerca de 90 eventos que contemplan cumbres, espacios acad\u00e9micos, encuentros regionales, ferias de econom\u00eda, talleres, entre otros, con la participaci\u00f3n de todos los sectores.<\/p>\n\n\n\n<p>\u201cSeguimos en esta preparaci\u00f3n de la COP16 cumpliendo la agenda de m\u00e1s de 90 eventos previos a la COP, que empezaron desde el mes de mayo y van hasta el mes de octubre, inclusive el d\u00eda antes de que empiece la COP16. Hoy estuvimos precisamente en el encuentro de universidades del pa\u00eds, m\u00e1s de 50 universidades se unieron a la COP y de estos hay 31 cumbres que representan los intereses de organizaci\u00f3n de juventudes, mujeres, pueblos ind\u00edgenas, pueblos afrodescendientes y tambi\u00e9n campesinos, entre otros, como el sector productivo\u201d, asegur\u00f3 Susana Muhamad, ministra de Ambiente y Desarrollo Sostenible.<\/p>\n\n\n\n<p>Esta serie de encuentros materializa la \u2018COP de la Gente\u2019, que busca visibilizar la participaci\u00f3n de las comunidades campesinas, afrocolombianas, ind\u00edgenas y campesinas, mujeres, j\u00f3venes, ambientalistas y de todos los sectores como eje fundamental en los di\u00e1logos frente a la p\u00e9rdida de la biodiversidad y que hagan parte de la construcci\u00f3n colectiva de cara a las negociaciones.<\/p>\n\n\n\n<p>Estos eventos se llevar\u00e1n a cabo en diferentes regiones del pa\u00eds y abordar\u00e1n temas cr\u00edticos como la biodiversidad y el cambio clim\u00e1tico, juventud y acci\u00f3n clim\u00e1tica, derechos territoriales y conservaci\u00f3n.<\/p>\n\n\n\n<p>As\u00ed mismo, la Ministra invit\u00f3 a la juventud del Pac\u00edfico a unirse a la iniciativa \u2018J\u00f3venes por la Paz con la Naturaleza\u2019, que se desarrolla en conjunto con Prosperidad Social. \u201cPor ser parte del programa Renta Joven e inscribirse a este voluntariado, recibir\u00e1n entrenamiento por parte del Ministerio de Ambiente sobre la COP16 para que ellos sean los pedagogos hacia la ciudadan\u00eda y las comunidades universitarias\u201d, agreg\u00f3.<\/p>\n\n\n\n<p><strong>As\u00ed avanzan los preparativos para la COP16<\/strong><\/p>\n\n\n\n<p>La ministra Muhamad entreg\u00f3 un balance positivo sobre los preparativos para la COP16. \u201cLa contrataci\u00f3n de la COP16 por parte del Gobierno Nacional est\u00e1 realizada, se hizo la mayor\u00eda por procesos competitivos, los contratos est\u00e1n ya firmados y ya empezamos plena implementaci\u00f3n de todo el proceso log\u00edstico\u201d, dijo.<\/p>\n\n\n\n<p>Muhamad tambi\u00e9n se\u00f1al\u00f3 que el presupuesto total de la COP16 es aproximadamente $200.000 millones, de los cuales $97.000 millones est\u00e1n en el Fondo para la Vida y la Biodiversidad, $40.000 millones corresponden al Ministerio de Defensa para garantizar la seguridad del evento, $25.000 millones est\u00e1n entre la Alcald\u00eda de Cali y la Gobernaci\u00f3n del Valle y otro porcentaje en otras entidades del Gobierno Nacional.<\/p>\n\n\n\n<p>Respecto a la ocupaci\u00f3n hotelera, la ministra mencion\u00f3 que la vigilancia de la Superintendencia de Industria y Comercio se realizar\u00e1 antes y durante la COP con el fin de que no haya una excesiva especulaci\u00f3n.<\/p>\n\n\n\n<p><strong>Creaci\u00f3n de red de conocimiento<\/strong><\/p>\n\n\n\n<p>Durante la Cumbre acad\u00e9mica rumbo a la COP16, que se realiz\u00f3 en la Universidad del Valle y reuni\u00f3 a m\u00e1s de 50 universidades p\u00fablicas y privadas del pa\u00eds, se firm\u00f3 la Declaratoria de la Red Colombiana de Conocimiento en Biodiversidad (RECBIO), una red s\u00f3lida y sostenible que pretende promover la biodiversidad en el \u00e1mbito acad\u00e9mico.<\/p>\n\n\n\n<p>Este encuentro permiti\u00f3 que la academia aportara significativamente a las discusiones sobre biodiversidad y planteara acciones hacia su protecci\u00f3n y conservaci\u00f3n.<\/p>\n\n\n\n<p><\/p>\n\n\n\n<p>minambiente.gov.co<\/p>\n","protected":false},"excerpt":{"rendered":"<p>Cali (Valle del Cauca), 13 de agosto de 2024&nbsp;\u2013 En el a\u00f1o de la naturaleza: la ciudadan\u00eda, la academia, las empresas, las organizaciones sociales y no gubernamentales, el sector p\u00fablico y las regiones son protagonistas, por eso, en el camino hacia la COP16, est\u00e1n desarroll\u00e1ndose cerca de 90 eventos que contemplan cumbres, espacios acad\u00e9micos, encuentros [&hellip;]<\/p>\n","protected":false},"author":1,"featured_media":170820,"comment_status":"closed","ping_status":"closed","sticky":false,"template":"","format":"standard","meta":{"_acf_changed":false,"_jetpack_memberships_contains_paid_content":false,"footnotes":"","jetpack_publicize_message":"","jetpack_publicize_feature_enabled":true,"jetpack_social_post_already_shared":true,"jetpack_social_options":{"image_generator_settings":{"template":"highway","default_image_id":0,"font":"","enabled":false},"version":2}},"categories":[6],"tags":[],"class_list":["post-170819","post","type-post","status-publish","format-standard","has-post-thumbnail","hentry","category-ecologia"],"acf":[],"jetpack_publicize_connections":[],"jetpack_featured_media_url":"https:\/\/i0.wp.com\/sportseco.com\/wp-content\/uploads\/2024\/08\/BANNER_COP16_WEB.jpeg?fit=1520%2C400&ssl=1","jetpack_sharing_enabled":true,"_links":{"self":[{"href":"https:\/\/sportseco.com\/index.php?rest_route=\/wp\/v2\/posts\/170819","targetHints":{"allow":["GET"]}}],"collection":[{"href":"https:\/\/sportseco.com\/index.php?rest_route=\/wp\/v2\/posts"}],"about":[{"href":"https:\/\/sportseco.com\/index.php?rest_route=\/wp\/v2\/types\/post"}],"author":[{"embeddable":true,"href":"https:\/\/sportseco.com\/index.php?rest_route=\/wp\/v2\/users\/1"}],"replies":[{"embeddable":true,"href":"https:\/\/sportseco.com\/index.php?rest_route=%2Fwp%2Fv2%2Fcomments&post=170819"}],"version-history":[{"count":1,"href":"https:\/\/sportseco.com\/index.php?rest_route=\/wp\/v2\/posts\/170819\/revisions"}],"predecessor-version":[{"id":170821,"href":"https:\/\/sportseco.com\/index.php?rest_route=\/wp\/v2\/posts\/170819\/revisions\/170821"}],"wp:featuredmedia":[{"embeddable":true,"href":"https:\/\/sportseco.com\/index.php?rest_route=\/wp\/v2\/media\/170820"}],"wp:attachment":[{"href":"https:\/\/sportseco.com\/index.php?rest_route=%2Fwp%2Fv2%2Fmedia&parent=170819"}],"wp:term":[{"taxonomy":"category","embeddable":true,"href":"https:\/\/sportseco.com\/index.php?rest_route=%2Fwp%2Fv2%2Fcategories&post=170819"},{"taxonomy":"post_tag","embeddable":true,"href":"https:\/\/sportseco.com\/index.php?rest_route=%2Fwp%2Fv2%2Ftags&post=170819"}],"curies":[{"name":"wp","href":"https:\/\/api.w.org\/{rel}","templated":true}]}}