{"id":170828,"date":"2024-08-14T09:46:31","date_gmt":"2024-08-14T13:46:31","guid":{"rendered":"https:\/\/sportseco.com\/?p=170828"},"modified":"2024-08-14T09:46:37","modified_gmt":"2024-08-14T13:46:37","slug":"espana-avanza-a-dos-velocidades-en-materia-de-gestion-de-residuos","status":"publish","type":"post","link":"https:\/\/sportseco.com\/?p=170828","title":{"rendered":"Espa\u00f1a avanza a dos velocidades en materia de gesti\u00f3n de residuos"},"content":{"rendered":"\n<p><strong>Sheila Noda Alonso<\/strong><\/p>\n\n\n\n<p><strong>Madrid (EFEverde). &#8211; Espa\u00f1a avanza a dos velocidades en materia de gesti\u00f3n de residuos, si tenemos en cuenta los residuos urbanos estamos en los pa\u00edses de cola a nivel europeo, mientras que nos ubicamos en el top 10 de los que m\u00e1s envases recicla, se\u00f1ala a EFEverde.com \u00c1lvaro Otero, coordinador de asuntos corporativos de Ecoembes.<\/strong><\/p>\n\n\n\n<p>Seg\u00fan Eurostat, la oficina estad\u00edstica de la Comisi\u00f3n Europea, hasta 2021 el Estado espa\u00f1ol&nbsp;<a href=\"https:\/\/ec.europa.eu\/eurostat\/databrowser\/view\/ten00063\/default\/bar?lang=en\" target=\"_blank\" rel=\"noreferrer noopener\">reciclaba el 70,1% de sus envases<\/a>, aunque es de los que peor reciclaba los&nbsp;<a href=\"https:\/\/ec.europa.eu\/eurostat\/databrowser\/view\/sdg_11_60\/default\/bar?lang=en\" target=\"_blank\" rel=\"noreferrer noopener\">residuos urbanos en general con solo el 42,2%.&nbsp;<\/a><\/p>\n\n\n\n<figure class=\"wp-block-image\" id=\"attachment_204016\"><img data-recalc-dims=\"1\" decoding=\"async\" src=\"https:\/\/i0.wp.com\/efeverde.com\/wp-content\/uploads\/2024\/08\/ten00063_HORIZONTAL_BAR_2024-08-09T12_04_14Z.png?w=640&#038;ssl=1\" alt=\"\" class=\"wp-image-204016\"\/><figcaption class=\"wp-element-caption\">Tasas de reciclaje de residuos de envases en Europa<\/figcaption><\/figure>\n\n\n\n<p>Las cifras motivaron que Espa\u00f1a este junto con Bulgaria, Chequia, Dinamarca, Francia, Croacia, Italia, Chipre, Letonia, Lituania, Hungr\u00eda, Malta, Polonia, Portugal, Ruman\u00eda, Eslovaquia, Finlandia y Suecia, en el grupo de los pa\u00edses a los que la Comisi\u00f3n Europea les reprocha no haber cumplido con el objetivo del 50 % para 2020 de preparaci\u00f3n para la reutilizaci\u00f3n y el reciclaje de residuos municipales, como papel, metal, pl\u00e1stico y vidrio.<\/p>\n\n\n\n<p>No obstante, la Comisi\u00f3n tambi\u00e9n&nbsp;<a href=\"https:\/\/efeverde.com\/los-paises-de-la-ue-no-cumplen-con-el-reciclaje-de-residuos\/\" target=\"_blank\" rel=\"noreferrer noopener\">abri\u00f3 expediente a todos los pa\u00edses de la Uni\u00f3n Europea<\/a>&nbsp;por no cumplir con los objetivos vinculantes de recolecci\u00f3n y reciclaje de residuos. \u00abSeg\u00fan los \u00faltimos datos disponibles reportados por los Estados miembros, todos han fallado en cumplir varios objetivos de recolecci\u00f3n y reciclaje de residuos establecidos bajo la legislaci\u00f3n actual de residuos de la UE\u00bb, indic\u00f3 en un comunicado el Ejecutivo comunitario.<\/p>\n\n\n\n<figure class=\"wp-block-image\" id=\"attachment_204017\"><img data-recalc-dims=\"1\" decoding=\"async\" src=\"https:\/\/i0.wp.com\/efeverde.com\/wp-content\/uploads\/2024\/08\/sdg_11_60_HORIZONTAL_BAR_2024-08-09T12_07_27Z.png?w=640&#038;ssl=1\" alt=\"\" class=\"wp-image-204017\"\/><figcaption class=\"wp-element-caption\">Tasas de reciclaje de residuos municipales en Europa<\/figcaption><\/figure>\n\n\n\n<h2 class=\"wp-block-heading\">Sistemas de reciclaje y recogida selectiva<\/h2>\n\n\n\n<p>\u201cEste expediente viene a confirmar que no se avanza lo suficientemente r\u00e1pido en materia de reciclaje con lo cual tenemos que reforzarlo y ponernos las pilas como pa\u00eds\u201d, dice el especialista de Ecoembes.<\/p>\n\n\n\n<p>En la UE est\u00e1 muy extendido el sistema de recogida por contenedores de colores, algunas naciones como Alemania y Noruega han implementado tambi\u00e9n el sistema de&nbsp;<strong>dep\u00f3sito y retorno<\/strong>&nbsp;centrado en latas y botellas, y B\u00e9lgica y Reino Unido aplican multan a aquellos que no reciclan correctamente.<\/p>\n\n\n\n<p>En el contexto espa\u00f1ol, Otero destaca que el sistema de recogida selectiva de envases se implant\u00f3 con la idea de recoger todos los envases, no solo aquellos que tienen mejor salida en el mercado o se reciclan m\u00e1s f\u00e1cilmente y en sus m\u00e1s de 25 a\u00f1os se ha consolidado mucho el h\u00e1bito medioambiental del reciclaje.<\/p>\n\n\n\n<p>Sin embargo, insiste en que no se trata de debatir sobre qu\u00e9 sistema de reciclaje es mejor, sino que hay que \u201cdimensionar las soluciones al tama\u00f1o del problema\u201d, pues el sistema en s\u00ed es una herramienta, pero el prop\u00f3sito es cumplir los objetivos y superarlos con nota, y en ese sentido, se est\u00e1n viendo otras posibilidades como el Sistemas de Dep\u00f3sito Devoluci\u00f3n y Retorno, con el que se cobra un dep\u00f3sito monetario al consumidor o comprador para garantizar el retorno del envase. Otras opciones son el pago de una tasa individual por generaci\u00f3n de residuos y la recogida puerta a puerta en los domicilios.<\/p>\n\n\n\n<h2 class=\"wp-block-heading\">RECICLOS<\/h2>\n\n\n\n<p>Como parte de las iniciativas para impulsar el reciclaje naci\u00f3 en 2019 RECICLOS,<a href=\"https:\/\/www.ecoembes.com\/es\/el-sistema-de-reciclaje-con-recompensa-reciclos-ya-esta-presente-en-todas-las-comunidades-autonomas\" target=\"_blank\" rel=\"noreferrer noopener\">&nbsp;el Sistema de Devoluci\u00f3n y Recompensa (SDR) desarrollado por Ecoembes<\/a>, que tiene la particularidad de que los usuarios, al reciclar sus latas y botellas de pl\u00e1stico de bebidas, reciben incentivos de car\u00e1cter sostenible -relacionados con movilidad verde, limpiezas de espacios naturales o replantaci\u00f3n de zonas naturales- o social -contribuciones a Banco de Alimentos, a Cruz Roja o a oeneg\u00e9s locales-.<\/p>\n\n\n\n<p>Con una ambici\u00f3n nacional, actualmente la aplicaci\u00f3n tiene casi 700 mil usuarios \u00fanicos y existen m\u00e1s de 14.600 contenedores presentes en todas las comunidades aut\u00f3nomas, aunque solo en la Comunidad Valenciana y Catalu\u00f1a est\u00e1n instaladas las m\u00e1quinas en todos municipios, al ser los territorios donde se desarrolla el proyecto piloto.<\/p>\n\n\n\n<blockquote class=\"wp-block-quote is-layout-flow wp-block-quote-is-layout-flow\">\n<p><strong>\u201cEl objetivo es que nos sirva de campo de pruebas para ver c\u00f3mo se involucra la ciudadan\u00eda y el objetivo es extenderlo cada vez m\u00e1s\u201d<\/strong>, comenta Otero.<\/p>\n<\/blockquote>\n\n\n\n<p>En Espa\u00f1a, seg\u00fan el estudio \u201cH\u00e1bitos de la poblaci\u00f3n espa\u00f1ola ante el reciclaje\u201d, realizado en 2021 por Ecoembes, 4 de cada 5 ciudadanos, es decir, el 82,9% de los encuestados, declararon tener, de media, 3 cubos, bolsas o espacios en casa para reciclar, mientras que en 2015 eran un 72,5% los que afirmaban reciclar a diario.<\/p>\n\n\n\n<figure class=\"wp-block-image\" id=\"attachment_187424\"><img data-recalc-dims=\"1\" decoding=\"async\" src=\"https:\/\/i0.wp.com\/efeverde.com\/wp-content\/uploads\/2024\/02\/a311bbf2fddaac81055e1cc02727ae0013ca1ce0w.jpg?w=640&#038;ssl=1\" alt=\"\" class=\"wp-image-187424\"\/><figcaption class=\"wp-element-caption\">Imagen de archivo, un hombre recicla en el punto limpio fijo de Arganzuela EFE\/ Fernando Villar<\/figcaption><\/figure>\n\n\n\n<h2 class=\"wp-block-heading\">Las 3R: reducir, reutilizar y reciclar<\/h2>\n\n\n\n<p>En 2022 se actualizaron las normativas en cuanto<a href=\"https:\/\/www.boe.es\/buscar\/act.php?id=BOE-A-2022-22690\">&nbsp;a los envases y residuos de envases<\/a>&nbsp;y de<a href=\"https:\/\/www.boe.es\/buscar\/act.php?id=BOE-A-2022-5809\">&nbsp;residuos y suelos contaminados para una econom\u00eda circular<\/a>&nbsp;&nbsp;con \u201cobjetivos muy ambiciosos para los pr\u00f3ximos a\u00f1os\u201d, los que una vez consolidados en el pa\u00eds aumentar\u00e1n la tasa de reciclaje de residuos urbanos a partir de la recogida selectiva.<\/p>\n\n\n\n<p>No obstante, Otero advierte que cada refuerzo del sistema implica una curva de aprendizaje y de una responsabilidad compartida entre las industrias, las administraciones p\u00fablicas y la ciudadan\u00eda, pues el reciclaje no es la soluci\u00f3n m\u00e1gica al tema de los residuos.<\/p>\n\n\n\n<blockquote class=\"wp-block-quote is-layout-flow wp-block-quote-is-layout-flow\">\n<p>\u00abLo prioritario es que reduzcamos todo lo posible, seguido de la reutilizaci\u00f3n y cuando el residuo es inevitable, entonces s\u00ed corresponde reciclar, pero no creamos que el reciclaje es suficiente\u201d.<\/p>\n<\/blockquote>\n\n\n\n<p>La industria ha estado muy acostumbrada a poner productos en los lineales de los supermercados y ahora les corresponde reducir la presencia de envases y la cantidad de materia prima que se utiliza para su fabricaci\u00f3n, as\u00ed como evitar el sobreenvasado, promover la venta a granel y aplicar medidas de Ecodise\u00f1o destinadas a reducir el impacto en el medio ambiente, explica.<\/p>\n\n\n\n<p>Por otro lado, la administraci\u00f3n p\u00fablica tiene la responsabilidad de implementar un eficiente sistema de recogida en sus municipios, que sea f\u00e1cil de utilizar y dimensionado a las necesidades de cada localidad. Adem\u00e1s de incentivar el h\u00e1bito del reciclaje en la ciudadan\u00eda a partir de sistemas m\u00e1s participativos.<\/p>\n\n\n\n<p>De cara al ciudadano, precisa que el pago por generaci\u00f3n tiene un impacto positivo y puede ser una buena estrategia para beneficiar a quienes separen correctamente sus residuos y los coloquen en el contenedor adecuado.<\/p>\n\n\n\n<p>\u00abOjal\u00e1 fuera suficiente el compromiso ambiental, que cada uno hiciera lo correcto porque es lo bueno para el medio ambiente\u00bb, pero el sistema tendr\u00e1 que adecuarse al conjunto de la ciudadan\u00eda, ya que todav\u00eda hay ciudadanos que no reciclan correctamente, concluye.<\/p>\n\n\n\n<p>sna\/al<\/p>\n\n\n\n<p><\/p>\n\n\n\n<p>efeverde.com<\/p>\n","protected":false},"excerpt":{"rendered":"<p>Sheila Noda Alonso Madrid (EFEverde). &#8211; Espa\u00f1a avanza a dos velocidades en materia de gesti\u00f3n de residuos, si tenemos en cuenta los residuos urbanos estamos en los pa\u00edses de cola a nivel europeo, mientras que nos ubicamos en el top 10 de los que m\u00e1s envases recicla, se\u00f1ala a EFEverde.com \u00c1lvaro Otero, coordinador de asuntos [&hellip;]<\/p>\n","protected":false},"author":1,"featured_media":170829,"comment_status":"closed","ping_status":"closed","sticky":false,"template":"","format":"standard","meta":{"_acf_changed":false,"_jetpack_memberships_contains_paid_content":false,"footnotes":"","jetpack_publicize_message":"","jetpack_publicize_feature_enabled":true,"jetpack_social_post_already_shared":true,"jetpack_social_options":{"image_generator_settings":{"template":"highway","default_image_id":0,"font":"","enabled":false},"version":2}},"categories":[6],"tags":[],"class_list":["post-170828","post","type-post","status-publish","format-standard","has-post-thumbnail","hentry","category-ecologia"],"acf":[],"jetpack_publicize_connections":[],"jetpack_featured_media_url":"https:\/\/i0.wp.com\/sportseco.com\/wp-content\/uploads\/2024\/08\/8014572419001w.jpg?fit=1920%2C1281&ssl=1","jetpack_sharing_enabled":true,"_links":{"self":[{"href":"https:\/\/sportseco.com\/index.php?rest_route=\/wp\/v2\/posts\/170828","targetHints":{"allow":["GET"]}}],"collection":[{"href":"https:\/\/sportseco.com\/index.php?rest_route=\/wp\/v2\/posts"}],"about":[{"href":"https:\/\/sportseco.com\/index.php?rest_route=\/wp\/v2\/types\/post"}],"author":[{"embeddable":true,"href":"https:\/\/sportseco.com\/index.php?rest_route=\/wp\/v2\/users\/1"}],"replies":[{"embeddable":true,"href":"https:\/\/sportseco.com\/index.php?rest_route=%2Fwp%2Fv2%2Fcomments&post=170828"}],"version-history":[{"count":1,"href":"https:\/\/sportseco.com\/index.php?rest_route=\/wp\/v2\/posts\/170828\/revisions"}],"predecessor-version":[{"id":170830,"href":"https:\/\/sportseco.com\/index.php?rest_route=\/wp\/v2\/posts\/170828\/revisions\/170830"}],"wp:featuredmedia":[{"embeddable":true,"href":"https:\/\/sportseco.com\/index.php?rest_route=\/wp\/v2\/media\/170829"}],"wp:attachment":[{"href":"https:\/\/sportseco.com\/index.php?rest_route=%2Fwp%2Fv2%2Fmedia&parent=170828"}],"wp:term":[{"taxonomy":"category","embeddable":true,"href":"https:\/\/sportseco.com\/index.php?rest_route=%2Fwp%2Fv2%2Fcategories&post=170828"},{"taxonomy":"post_tag","embeddable":true,"href":"https:\/\/sportseco.com\/index.php?rest_route=%2Fwp%2Fv2%2Ftags&post=170828"}],"curies":[{"name":"wp","href":"https:\/\/api.w.org\/{rel}","templated":true}]}}