{"id":170831,"date":"2024-08-14T18:34:37","date_gmt":"2024-08-14T22:34:37","guid":{"rendered":"https:\/\/sportseco.com\/?p=170831"},"modified":"2024-08-14T18:34:44","modified_gmt":"2024-08-14T22:34:44","slug":"supercampeones-de-europa","status":"publish","type":"post","link":"https:\/\/sportseco.com\/?p=170831","title":{"rendered":"\u00a1Supercampeones de Europa!"},"content":{"rendered":"\n<p>Real Madrid<\/p>\n\n\n\n<p>Atalanta<\/p>\n\n\n\n<p>Los goles de Valverde y Mbapp\u00e9 dan la sexta Supercopa de Europa de su historia al Real Madrid, r\u00e9cord de la competici\u00f3n.<\/p>\n\n\n\n<figure class=\"wp-block-image\"><img data-recalc-dims=\"1\" decoding=\"async\" src=\"https:\/\/i0.wp.com\/publish-p47754-e237306.adobeaemcloud.com\/adobe\/dynamicmedia\/deliver\/dm-aid--b6103a0b-b994-42eb-b75f-d441356af820\/ND_SUPERCOPA_FOTO_CAMPEONES_GRUPO_2PC7868.app.png?w=640&#038;ssl=1\" alt=\"\u00a1Supercampeones de Europa!\"\/><\/figure>\n\n\n\n<p>CR\u00d3NICA.14\/08\/2024Rodrigo SalamancaFot\u00f3grafo: Pedro Castillo y Antonio Villalba (Varsovia)<\/p>\n\n\n\n<p>El&nbsp;<strong>Real Madrid<\/strong>&nbsp;conquist\u00f3 su sexta Supercopa de Europa al derrotar 2-0 al Atalanta en la final disputada en Varsovia. Nuestro equipo se adelant\u00f3 con un gol de Valverde en el minuto 59 tras una gran asistencia de&nbsp;<strong>Vini Jr.<\/strong>&nbsp;y&nbsp;<strong>Mbapp\u00e9<\/strong>, que debutaba oficialmente como madridista, sentenci\u00f3 el t\u00edtulo en el 68\u2019 a pase de&nbsp;<strong>Bellingham,&nbsp;<\/strong>elegido el MVP del encuentro.<\/p>\n\n\n\n<p>Dos meses y medio despu\u00e9s, el campe\u00f3n de la&nbsp;<strong>Champions League<\/strong>&nbsp;arranc\u00f3 la temporada 2024\/25 en Varsovia con el primer t\u00edtulo en juego y con la novedad del debut de Mbapp\u00e9. El partido arranc\u00f3 con precauciones entre ambos equipos hasta que en el minuto 25 el Atalanta fue el primero en advertir de sus intenciones. Roz\u00f3 el gol con un centrochut de De Roon que, tras tocarla&nbsp;<strong>Milit\u00e3o<\/strong>&nbsp;con la cabeza, se dio al larguero. Antes del descanso, nuestro equipo replic\u00f3 de la misma forma con la ocasi\u00f3n m\u00e1s clara de la primera mitad.&nbsp;<strong>Vini Jr.<\/strong>&nbsp;filtr\u00f3 un buen pase desde la frontal y&nbsp;<strong>Rodrygo<\/strong>&nbsp;estrell\u00f3 su disparo con la zurda al larguero.<\/p>\n\n\n\n<p><strong>Valverde abre el marcador<\/strong><br \/>Tras el paso por los vestuarios,&nbsp;<strong>Courtois<\/strong>&nbsp;evit\u00f3 el tanto de los italianos al sacar una mano salvadora a un remate de cabeza de Pasali\u0107. La final fue cogiendo mucho ritmo y ah\u00ed nuestro equipo busc\u00f3 el gol con transiciones r\u00e1pidas. Lo intent\u00f3 en el 56\u2019 Bellingham, pero su tiro desde la frontal se fue alto. Eran los mejores minutos del&nbsp;<strong>Madrid<\/strong>, que esta vez fue letal y logr\u00f3 el 1-0.&nbsp;<strong>Mendy<\/strong>&nbsp;rob\u00f3 en campo rival y combin\u00f3 con&nbsp;<strong>Bellingham<\/strong>, que encontr\u00f3 en el perfil izquierdo a&nbsp;<strong>Vini Jr<\/strong>. El brasile\u00f1o se march\u00f3 con maestr\u00eda del defensa, lleg\u00f3 a la l\u00ednea de fondo y meti\u00f3 un pase perfecto al segundo palo a&nbsp;<strong>Valverde,<\/strong>&nbsp;que marc\u00f3 a placer (59\u2019).<\/p>\n\n\n\n<p>Los de&nbsp;<strong>Ancelotti<\/strong>&nbsp;eran un vendaval gracias a un&nbsp;<strong>Bellingham<\/strong>&nbsp;estelar. De nuevo el ingl\u00e9s asisti\u00f3 en profundidad a&nbsp;<strong>Vini Jr.<\/strong>, cuyo remate ante Musso lo sac\u00f3 con una mano providencial el portero evitando el segundo tanto. La dupla madridista segu\u00eda generando mucho peligro y el guardameta rechaz\u00f3 un disparo a bocajarro de Bellingham (66\u2019).<\/p>\n\n\n\n<p><strong>Mbapp\u00e9 marca en su debut<br \/><\/strong>El premio a tanta insistencia llegar\u00eda dos minutos despu\u00e9s y llevar\u00eda la firma de\u00a0<strong>Mbapp\u00e9<\/strong>. El franc\u00e9s recibi\u00f3 un gran pase de\u00a0<strong>Bellingham<\/strong>\u00a0en el coraz\u00f3n del \u00e1rea y no perdon\u00f3 tras poner el bal\u00f3n a la escuadra izquierda de la porter\u00eda. La avalancha madridista no ten\u00eda fin pero el marcador se cerr\u00f3 con el 2-0 y nuestro club sum\u00f3 un nuevo t\u00edtulo a sus vitrinas: la sexta Supercopa de Europa.\u00a0<\/p>\n\n\n\n<p><\/p>\n\n\n\n<p>realmadrid.com<\/p>\n","protected":false},"excerpt":{"rendered":"<p>Real Madrid Atalanta Los goles de Valverde y Mbapp\u00e9 dan la sexta Supercopa de Europa de su historia al Real Madrid, r\u00e9cord de la competici\u00f3n. CR\u00d3NICA.14\/08\/2024Rodrigo SalamancaFot\u00f3grafo: Pedro Castillo y Antonio Villalba (Varsovia) El&nbsp;Real Madrid&nbsp;conquist\u00f3 su sexta Supercopa de Europa al derrotar 2-0 al Atalanta en la final disputada en Varsovia. Nuestro equipo se adelant\u00f3 [&hellip;]<\/p>\n","protected":false},"author":1,"featured_media":170832,"comment_status":"closed","ping_status":"closed","sticky":false,"template":"","format":"standard","meta":{"_acf_changed":false,"_jetpack_memberships_contains_paid_content":false,"footnotes":"","jetpack_publicize_message":"","jetpack_publicize_feature_enabled":true,"jetpack_social_post_already_shared":true,"jetpack_social_options":{"image_generator_settings":{"template":"highway","default_image_id":0,"font":"","enabled":false},"version":2}},"categories":[5],"tags":[],"class_list":["post-170831","post","type-post","status-publish","format-standard","has-post-thumbnail","hentry","category-futbol"],"acf":[],"jetpack_publicize_connections":[],"jetpack_featured_media_url":"https:\/\/i0.wp.com\/sportseco.com\/wp-content\/uploads\/2024\/08\/ND_SUPERCOPA_FOTO_CAMPEONES_GRUPO_2PC7868.webp?fit=1440%2C810&ssl=1","jetpack_sharing_enabled":true,"_links":{"self":[{"href":"https:\/\/sportseco.com\/index.php?rest_route=\/wp\/v2\/posts\/170831","targetHints":{"allow":["GET"]}}],"collection":[{"href":"https:\/\/sportseco.com\/index.php?rest_route=\/wp\/v2\/posts"}],"about":[{"href":"https:\/\/sportseco.com\/index.php?rest_route=\/wp\/v2\/types\/post"}],"author":[{"embeddable":true,"href":"https:\/\/sportseco.com\/index.php?rest_route=\/wp\/v2\/users\/1"}],"replies":[{"embeddable":true,"href":"https:\/\/sportseco.com\/index.php?rest_route=%2Fwp%2Fv2%2Fcomments&post=170831"}],"version-history":[{"count":1,"href":"https:\/\/sportseco.com\/index.php?rest_route=\/wp\/v2\/posts\/170831\/revisions"}],"predecessor-version":[{"id":170833,"href":"https:\/\/sportseco.com\/index.php?rest_route=\/wp\/v2\/posts\/170831\/revisions\/170833"}],"wp:featuredmedia":[{"embeddable":true,"href":"https:\/\/sportseco.com\/index.php?rest_route=\/wp\/v2\/media\/170832"}],"wp:attachment":[{"href":"https:\/\/sportseco.com\/index.php?rest_route=%2Fwp%2Fv2%2Fmedia&parent=170831"}],"wp:term":[{"taxonomy":"category","embeddable":true,"href":"https:\/\/sportseco.com\/index.php?rest_route=%2Fwp%2Fv2%2Fcategories&post=170831"},{"taxonomy":"post_tag","embeddable":true,"href":"https:\/\/sportseco.com\/index.php?rest_route=%2Fwp%2Fv2%2Ftags&post=170831"}],"curies":[{"name":"wp","href":"https:\/\/api.w.org\/{rel}","templated":true}]}}