{"id":170834,"date":"2024-08-14T18:38:47","date_gmt":"2024-08-14T22:38:47","guid":{"rendered":"https:\/\/sportseco.com\/?p=170834"},"modified":"2024-08-14T18:38:53","modified_gmt":"2024-08-14T22:38:53","slug":"bellingham-mvp-de-la-supercopa-de-europa-me-siento-comodo-en-cualquier-posicion-para-ayudar-a-mi-equipo","status":"publish","type":"post","link":"https:\/\/sportseco.com\/?p=170834","title":{"rendered":"Bellingham, MVP de la Supercopa de Europa: \u00abMe siento c\u00f3modo en cualquier posici\u00f3n para ayudar a mi equipo\u00bb"},"content":{"rendered":"\n<p>\u00abEspero darle m\u00e1s de una asistencia a Mbapp\u00e9 en lo que queda de temporada\u201d, declar\u00f3 el centrocampista ingl\u00e9s.&nbsp;<\/p>\n\n\n\n<figure class=\"wp-block-image\"><img data-recalc-dims=\"1\" decoding=\"async\" src=\"https:\/\/i0.wp.com\/publish-p47754-e237306.adobeaemcloud.com\/adobe\/dynamicmedia\/deliver\/dm-aid--da3b1835-2fb0-4949-bde6-84091296b2e4\/ND_SUPERCOPA_RM_ATALANTA_BELLINGHAM_MVP_AV32119.app.png?w=640&#038;ssl=1\" alt=\"Bellingham, MVP de la Supercopa de Europa: &quot;Me siento c\u00f3modo en cualquier posici\u00f3n para ayudar a mi equipo&quot;\"\/><\/figure>\n\n\n\n<p>NOTICIA.14\/08\/2024<\/p>\n\n\n\n<p>Jude&nbsp;<strong>Bellingham&nbsp;<\/strong>fue elegido MVP de la final de la&nbsp;<strong>Supercopa de Europa<\/strong>. El ingl\u00e9s disput\u00f3 88 minutos, cuaj\u00f3 una gran segunda mitad y asisti\u00f3 a&nbsp;<strong>Mbapp\u00e9&nbsp;<\/strong>en la jugada del 2-0 que sentenci\u00f3 el encuentro: \u201cNo me importa d\u00f3nde jugar. Tampoco era delantero el a\u00f1o pasado. Hoy he ca\u00eddo un poco a la izquierda, pero el f\u00fatbol fluye. Me siento c\u00f3modo en cualquier posici\u00f3n para ayudar a mi equipo. Es m\u00e1s f\u00e1cil marcar goles si juego m\u00e1s cerca de la porter\u00eda contraria, pero tal vez esta temporada me tendr\u00e9 que adaptar. Me parece bien, quiero hacerlo bien\u201d.<\/p>\n\n\n\n<p>\u201cEl apoyo del p\u00fablico ha sido fant\u00e1stico. Desde el aeropuerto al hotel. Siempre es bonito salir a jugar ante otro p\u00fablico que no siempre tiene la oportunidad de verte. Me gusta dejarles un recuerdo de un partido que les haya gustado ver. Les agradezco mucho que hayan venido a vernos. Espero que se vayan contentos\u201d.<\/p>\n\n\n\n<p><strong>Mbapp\u00e9<\/strong><br \/>\u201cEs incre\u00edble. Antes ya me lo parec\u00eda, pero ahora que puedo jugar con \u00e9l veo sus detalles, su velocidad, su calidad y lo mucho que trabaja. Es un l\u00edder sobre el campo. La gente llevaba mucho tiempo hablando de que iba a venir, as\u00ed que parece que lleve con nosotros m\u00e1s tiempo. Es un fant\u00e1stico vestuario y vamos a darle la bienvenida como hemos hecho con todos\u201d.<\/p>\n\n\n\n<p><strong>Sobre su lesi\u00f3n en el hombro<br \/><\/strong>\u201cMe siento muy bien. He trabajado much\u00edsimo durante la pretemporada. La protecci\u00f3n que llevaba era una prevenci\u00f3n, hacia el final de temporada me hab\u00eda molestado as\u00ed que llevarla me ayudaba. Debo confiar en el trabajo que estoy haciendo con Pintus y el resto del cuerpo t\u00e9cnico y los preparadores f\u00edsicos. Son grandes profesionales. En el f\u00fatbol puede pasar cualquier cosa y ya lo hablaremos con el club. De momento quiero centrarme en jugar al f\u00fatbol lo mejor posible\u201d.<\/p>\n\n\n\n<p><strong>Atalanta<br \/><\/strong>\u201cYa los hab\u00edamos visto jugar en la Europa League varias veces. Es un equipo que te dificulta mucho. Se mueven y hay much\u00edsimas rotaciones entre ellos. Nos han desorganizado en la primera mitad. Admiro much\u00edsimo el trabajo que ha hecho su entrenador con los sub-21. Ha sido una semana complicada de preparaci\u00f3n porque sab\u00edamos que iban a salir con much\u00edsima intensidad y presi\u00f3n individual. En la segunda parte el partido se ha abierto y hemos sido capaces de dominar. Es un gran honor ganar a un equipo tan bueno como el de hoy\u201d.<\/p>\n\n\n\n<p><strong>\u00bfEsperaba asistir a Mbapp\u00e9?<\/strong><br \/>\u201cLo esperaba, por supuesto. Es un jugador capaz de escribir su propia historia. Siempre lo hace bien para sus equipos y una vez m\u00e1s lo ha hecho hoy. Est\u00e1 muy bien haber participado en su primer gol y espero darle m\u00e1s de una asistencia en lo que queda de temporada\u201d.&nbsp;<\/p>\n\n\n\n<ul class=\"wp-block-list\">\n<li><\/li>\n<\/ul>\n\n\n\n<p>realmadrid.com<\/p>\n","protected":false},"excerpt":{"rendered":"<p>\u00abEspero darle m\u00e1s de una asistencia a Mbapp\u00e9 en lo que queda de temporada\u201d, declar\u00f3 el centrocampista ingl\u00e9s.&nbsp; NOTICIA.14\/08\/2024 Jude&nbsp;Bellingham&nbsp;fue elegido MVP de la final de la&nbsp;Supercopa de Europa. El ingl\u00e9s disput\u00f3 88 minutos, cuaj\u00f3 una gran segunda mitad y asisti\u00f3 a&nbsp;Mbapp\u00e9&nbsp;en la jugada del 2-0 que sentenci\u00f3 el encuentro: \u201cNo me importa d\u00f3nde jugar. [&hellip;]<\/p>\n","protected":false},"author":1,"featured_media":170835,"comment_status":"closed","ping_status":"closed","sticky":false,"template":"","format":"standard","meta":{"_acf_changed":false,"_jetpack_memberships_contains_paid_content":false,"footnotes":"","jetpack_publicize_message":"","jetpack_publicize_feature_enabled":true,"jetpack_social_post_already_shared":true,"jetpack_social_options":{"image_generator_settings":{"template":"highway","default_image_id":0,"font":"","enabled":false},"version":2}},"categories":[5],"tags":[],"class_list":["post-170834","post","type-post","status-publish","format-standard","has-post-thumbnail","hentry","category-futbol"],"acf":[],"jetpack_publicize_connections":[],"jetpack_featured_media_url":"https:\/\/i0.wp.com\/sportseco.com\/wp-content\/uploads\/2024\/08\/ND_SUPERCOPA_RM_ATALANTA_BELLINGHAM_MVP_AV32119.webp?fit=1440%2C810&ssl=1","jetpack_sharing_enabled":true,"_links":{"self":[{"href":"https:\/\/sportseco.com\/index.php?rest_route=\/wp\/v2\/posts\/170834","targetHints":{"allow":["GET"]}}],"collection":[{"href":"https:\/\/sportseco.com\/index.php?rest_route=\/wp\/v2\/posts"}],"about":[{"href":"https:\/\/sportseco.com\/index.php?rest_route=\/wp\/v2\/types\/post"}],"author":[{"embeddable":true,"href":"https:\/\/sportseco.com\/index.php?rest_route=\/wp\/v2\/users\/1"}],"replies":[{"embeddable":true,"href":"https:\/\/sportseco.com\/index.php?rest_route=%2Fwp%2Fv2%2Fcomments&post=170834"}],"version-history":[{"count":1,"href":"https:\/\/sportseco.com\/index.php?rest_route=\/wp\/v2\/posts\/170834\/revisions"}],"predecessor-version":[{"id":170836,"href":"https:\/\/sportseco.com\/index.php?rest_route=\/wp\/v2\/posts\/170834\/revisions\/170836"}],"wp:featuredmedia":[{"embeddable":true,"href":"https:\/\/sportseco.com\/index.php?rest_route=\/wp\/v2\/media\/170835"}],"wp:attachment":[{"href":"https:\/\/sportseco.com\/index.php?rest_route=%2Fwp%2Fv2%2Fmedia&parent=170834"}],"wp:term":[{"taxonomy":"category","embeddable":true,"href":"https:\/\/sportseco.com\/index.php?rest_route=%2Fwp%2Fv2%2Fcategories&post=170834"},{"taxonomy":"post_tag","embeddable":true,"href":"https:\/\/sportseco.com\/index.php?rest_route=%2Fwp%2Fv2%2Ftags&post=170834"}],"curies":[{"name":"wp","href":"https:\/\/api.w.org\/{rel}","templated":true}]}}