{"id":170837,"date":"2024-08-14T18:50:28","date_gmt":"2024-08-14T22:50:28","guid":{"rendered":"https:\/\/sportseco.com\/?p=170837"},"modified":"2024-08-14T18:51:36","modified_gmt":"2024-08-14T22:51:36","slug":"el-petronio-la-va-tumba-en-su-version-xxviii","status":"publish","type":"post","link":"https:\/\/sportseco.com\/?p=170837","title":{"rendered":"El Petronio \u2018la va tumb\u00e1\u2019 en su versi\u00f3n XXVIII\u00a0"},"content":{"rendered":"\n<blockquote class=\"wp-block-quote is-layout-flow wp-block-quote-is-layout-flow\">\n<ul class=\"wp-block-list\">\n<li><em>El Festival de la cultura afro m\u00e1s grande de Am\u00e9rica Latina anunci\u00f3 la lista de artistas y una\u00a0 propuesta musical biodiversa con la que vibrar\u00e1n los corazones de los asistentes del 14 al 19 de agosto en la Unidad Deportiva Alberto Galindo.<\/em><\/li>\n<\/ul>\n<\/blockquote>\n\n\n\n<p><strong>Santiago de Cali, 14 de agosto de 2024<\/strong><\/p>\n\n\n\n<p>En su versi\u00f3n n\u00famero XXVIII, el Festival de M\u00fasica del Pac\u00edfico Petronio \u00c1lvarez engalanar\u00e1 su noche de apertura con el Grupo Saboreo. Los chocoanos son ganadores en dos oportunidades del concurso musical e int\u00e9rpretes de un himno infaltable en las celebraciones de los hogares colombianos: \u2018La vamo\u2019 a tumb\u00e1\u2019.<br \/><br \/>El ensamble \u2018Marimba de los Encantos&#8217; y el maestro Hugo Candelario Gonz\u00e1lez le rendir\u00e1n homenaje a los marimberos tradicionales del Pac\u00edfico Sur en la noche de Arrullos de Selva. Ser\u00e1 una velada cargada de sorpresas y legado. La inauguraci\u00f3n se completa con una puesta en escena con danzas y la presentaci\u00f3n de agrupaciones de primer nivel como Choib\u00e1 Chirim\u00eda, Plu con Pla, Pura Sangre, Socav\u00f3n y Remolinos de Ovejas.<\/p>\n\n\n\n<p><strong>El camino por el anhelado bombo golpeador<\/strong><br \/><br \/>M\u00e1s de 2000 artistas en escena estar\u00e1n en la Ciudadela Petronio \u00c1lvarez entregando lo mejor de su arte y demostrando por qu\u00e9 la m\u00fasica del Pac\u00edfico es un arrullo para el alma. 47 agrupaciones competir\u00e1n por el anhelado bombo golpeador en las modalidades de Marimba y Cantos Tradicionales, Violines Caucanos, Libre, Chirim\u00eda de Clarinete y Chirim\u00eda de Flauta.<br \/><br \/>Habr\u00e1 una novedad este a\u00f1o y es la incursi\u00f3n de la chirim\u00eda de flauta. El objetivo del festival es salvaguardar esta tradici\u00f3n que estaba desapareciendo. Las presentaciones inician el jueves 15 y van hasta el domingo 18.<\/p>\n\n\n\n<p><br \/>Se destaca que, por tercer a\u00f1o consecutive, todas las agrupaciones tendr\u00e1n un est\u00edmulo econ\u00f3mico por clasificar a las semifinales en Cali.&nbsp;<\/p>\n\n\n\n<p><em>Los semifinalistas que no pasen a la final circular\u00e1n por los escenarios alternos ubicados en las zonas de bebidas, comidas y est\u00e9tica, con la respectiva remuneraci\u00f3n econ\u00f3mica por sus presentaciones.\u00a0<\/em><\/p>\n\n\n\n<p><\/p>\n\n\n\n<p><br \/><\/p>\n\n\n\n<p><br \/><strong>Comunicaciones Festival De M\u00fasica Del Pac\u00edfico Petronio \u00c1lvarez<\/strong><\/p>\n\n\n\n<p>cali.gov.co<\/p>\n","protected":false},"excerpt":{"rendered":"<p>Santiago de Cali, 14 de agosto de 2024 En su versi\u00f3n n\u00famero XXVIII, el Festival de M\u00fasica del Pac\u00edfico Petronio \u00c1lvarez engalanar\u00e1 su noche de apertura con el Grupo Saboreo. Los chocoanos son ganadores en dos oportunidades del concurso musical e int\u00e9rpretes de un himno infaltable en las celebraciones de los hogares colombianos: \u2018La vamo\u2019 [&hellip;]<\/p>\n","protected":false},"author":1,"featured_media":170838,"comment_status":"closed","ping_status":"closed","sticky":false,"template":"","format":"standard","meta":{"_acf_changed":false,"_jetpack_memberships_contains_paid_content":false,"footnotes":"","jetpack_publicize_message":"","jetpack_publicize_feature_enabled":true,"jetpack_social_post_already_shared":true,"jetpack_social_options":{"image_generator_settings":{"template":"highway","default_image_id":0,"font":"","enabled":false},"version":2}},"categories":[6],"tags":[],"class_list":["post-170837","post","type-post","status-publish","format-standard","has-post-thumbnail","hentry","category-ecologia"],"acf":[],"jetpack_publicize_connections":[],"jetpack_featured_media_url":"https:\/\/i0.wp.com\/sportseco.com\/wp-content\/uploads\/2024\/08\/thpub_700X400_182432.jpg?fit=669%2C400&ssl=1","jetpack_sharing_enabled":true,"_links":{"self":[{"href":"https:\/\/sportseco.com\/index.php?rest_route=\/wp\/v2\/posts\/170837","targetHints":{"allow":["GET"]}}],"collection":[{"href":"https:\/\/sportseco.com\/index.php?rest_route=\/wp\/v2\/posts"}],"about":[{"href":"https:\/\/sportseco.com\/index.php?rest_route=\/wp\/v2\/types\/post"}],"author":[{"embeddable":true,"href":"https:\/\/sportseco.com\/index.php?rest_route=\/wp\/v2\/users\/1"}],"replies":[{"embeddable":true,"href":"https:\/\/sportseco.com\/index.php?rest_route=%2Fwp%2Fv2%2Fcomments&post=170837"}],"version-history":[{"count":2,"href":"https:\/\/sportseco.com\/index.php?rest_route=\/wp\/v2\/posts\/170837\/revisions"}],"predecessor-version":[{"id":170840,"href":"https:\/\/sportseco.com\/index.php?rest_route=\/wp\/v2\/posts\/170837\/revisions\/170840"}],"wp:featuredmedia":[{"embeddable":true,"href":"https:\/\/sportseco.com\/index.php?rest_route=\/wp\/v2\/media\/170838"}],"wp:attachment":[{"href":"https:\/\/sportseco.com\/index.php?rest_route=%2Fwp%2Fv2%2Fmedia&parent=170837"}],"wp:term":[{"taxonomy":"category","embeddable":true,"href":"https:\/\/sportseco.com\/index.php?rest_route=%2Fwp%2Fv2%2Fcategories&post=170837"},{"taxonomy":"post_tag","embeddable":true,"href":"https:\/\/sportseco.com\/index.php?rest_route=%2Fwp%2Fv2%2Ftags&post=170837"}],"curies":[{"name":"wp","href":"https:\/\/api.w.org\/{rel}","templated":true}]}}