{"id":170841,"date":"2024-08-14T18:54:12","date_gmt":"2024-08-14T22:54:12","guid":{"rendered":"https:\/\/sportseco.com\/?p=170841"},"modified":"2024-08-14T18:54:16","modified_gmt":"2024-08-14T22:54:16","slug":"diez-monumentos-de-cali-se-iluminan-en-homenaje-al-festival-de-musica-del-pacifico-petronio-alvarez","status":"publish","type":"post","link":"https:\/\/sportseco.com\/?p=170841","title":{"rendered":"Diez monumentos de Cali se iluminan en homenaje al Festival de M\u00fasica del Pac\u00edfico \u2018Petronio \u00c1lvarez\u2019"},"content":{"rendered":"\n<figure class=\"wp-block-image\"><img data-recalc-dims=\"1\" decoding=\"async\" src=\"https:\/\/i0.wp.com\/www.cali.gov.co\/serviciospublicos\/publicaciones\/182422\/diez-monumentos-de-cali-se-iluminan-en-homenaje-al-festival-de--musica-del-pacifico-petronio-alvarez\/info\/principal\/media\/pubInt\/thumbs\/thpub_700X400_182422.jpg?w=640&#038;ssl=1\" alt=\"Diez monumentos de Cali se iluminan en homenaje al Festival de  M\u00fasica del Pac\u00edfico \u2018Petronio \u00c1lvarez\u2019\"\/><\/figure>\n\n\n\n<p>Los lugares ic\u00f3nicos de la ciudad se iluminan de color naranja.<\/p>\n\n\n\n<blockquote class=\"wp-block-quote is-layout-flow wp-block-quote-is-layout-flow\">\n<ul class=\"wp-block-list\">\n<li><em>La Alcald\u00eda de Cali rinde homenaje con esta iluminaci\u00f3n al Festival \u2018Petronio \u00c1lvarez\u2019, resaltando la cultura, tradici\u00f3n y los saberes ancestrales del Pac\u00edfico colombiano desde los monumentos y lugares hist\u00f3ricos de la ciudad.<\/em><br \/>\u00a0<\/li>\n\n\n\n<li><em>Fuentes, monumentos y bienes de inter\u00e9s cultural de Cali est\u00e1n iluminados de color naranja, desde el 12 y hasta el 19 de agosto, a partir de las 6:30 p.m.<\/em><br \/>\u00a0<\/li>\n\n\n\n<li><em>La iniciativa hace parte de la programaci\u00f3n del Calendario Lum\u00ednico de Cali (Calum), que destaca las fechas especiales, tanto nacionales como internacionales.<\/em><\/li>\n<\/ul>\n<\/blockquote>\n\n\n\n<p><strong>Santiago de Cali, 14 de agosto de 2024<\/strong><br \/><br \/>El&nbsp;<em>Festival de M\u00fasica del Pac\u00edfico \u2018Petronio \u00c1lvarez\u2019<\/em>&nbsp;tiene lugar en Santiago de Cali, la segunda ciudad con mayor poblaci\u00f3n afro de Am\u00e9rica Latina. A trav\u00e9s de este evento de gran formato, la&nbsp;<em>\u2018sucursal del cielo\u2019&nbsp;<\/em>rinde homenaje a la riqueza cultural de las comunidades afrodescendientes y como&nbsp;<em>\u2018Capital Pac\u00edfica de Colombia\u2019<\/em>&nbsp;es garante de su realizaci\u00f3n.<br \/><br \/>La Administraci\u00f3n Distrital, liderada por el alcalde Alejandro Eder, determin\u00f3 a trav\u00e9s de la Unidad Administrativa Especial de Servicios P\u00fablicos (<em>Uaesp<\/em>) y como un homenaje al&nbsp;<em>\u2018Petronio \u00c1lvarez\u2019,&nbsp;<\/em>iluminar de&nbsp;<em>color naranja<\/em>&nbsp;diez hitos hist\u00f3ricos de Cali,&nbsp;<em>desde el 12 y hasta el 19 de agosto de 2024.<\/em><br \/><br \/><em>\u201cEl principal objetivo es resaltar, mediante el uso de la iluminaci\u00f3n ornamental, la belleza y el esplendor de fuentes, monumentos y bienes de inter\u00e9s cultural y, en este caso, conectar los significados hist\u00f3ricos de estos espacios con la relevancia de un evento de ciudad tan importante como el Festival \u2018Petronio \u00c1lvarez\u2019\u201d<\/em>, explic\u00f3 Camilo Murcia, director t\u00e9cnico de la&nbsp;<em>Uaesp<\/em>.<br \/><br \/>Se busca que propios y visitantes, locales y extranjeros, tengan siempre la oportunidad para atesorar una postal de nuestra Cali bella.&nbsp;<em>\u201cPor eso y a trav\u00e9s del Calendario Lum\u00ednico (Calum), programamos la iluminaci\u00f3n de estos elementos culturales, atendiendo las solicitudes de la comunidad y de organismos nacionales e internacionales\u201d<\/em>, puntualiz\u00f3 Murcia.<br \/><br \/><strong>Los hitos que se iluminan<\/strong><\/p>\n\n\n\n<ul class=\"wp-block-list\">\n<li><strong><em>Francisco de Paula Santander:<\/em><\/strong>\u00a0calle 2A # 2-48.<br \/>\u00a0<\/li>\n\n\n\n<li><strong><em>Gatas del R\u00edo:<\/em><\/strong>\u00a0avenida 4N con calle 1B oeste.<br \/>\u00a0<\/li>\n\n\n\n<li><strong><em>Isa\u00edas Gamboa:<\/em><\/strong>\u00a0carrera 4 # 12A-186.<br \/>\u00a0<\/li>\n\n\n\n<li><strong><em>Fuente Pila del Crespo:<\/em><\/strong>\u00a0intersecci\u00f3n de la calle 5 con la carrera 10.<br \/>\u00a0<\/li>\n\n\n\n<li><strong><em>Puente Ortiz:<\/em><\/strong>\u00a0ubicado en el Bulevar del R\u00edo, contiguo a la iglesia La Ermita.<br \/>\u00a0<\/li>\n\n\n\n<li><strong><em>Gato de Tejada:<\/em><\/strong>\u00a0avenida 4N con calle 1B oeste.<br \/>\u00a0<\/li>\n\n\n\n<li><strong><em>La Medicina:<\/em><\/strong>\u00a0ubicada frente a la Universidad del Valle, sede San Fernando.<br \/>\u00a0<\/li>\n\n\n\n<li><strong><em>La Virgen:\u00a0<\/em><\/strong>carrera 12 # 34-88, Comuna 8.<br \/>\u00a0<\/li>\n\n\n\n<li><strong><em>Teatro Municipal Enrique Buenaventura:<\/em><\/strong>\u00a0carrera 5 # 6-64.<br \/>\u00a0<\/li>\n\n\n\n<li><strong><em>Monumento a Cristo Rey<\/em><\/strong>.<\/li>\n<\/ul>\n","protected":false},"excerpt":{"rendered":"<p>Los lugares ic\u00f3nicos de la ciudad se iluminan de color naranja. Santiago de Cali, 14 de agosto de 2024 El&nbsp;Festival de M\u00fasica del Pac\u00edfico \u2018Petronio \u00c1lvarez\u2019&nbsp;tiene lugar en Santiago de Cali, la segunda ciudad con mayor poblaci\u00f3n afro de Am\u00e9rica Latina. A trav\u00e9s de este evento de gran formato, la&nbsp;\u2018sucursal del cielo\u2019&nbsp;rinde homenaje a la [&hellip;]<\/p>\n","protected":false},"author":1,"featured_media":170842,"comment_status":"closed","ping_status":"closed","sticky":false,"template":"","format":"standard","meta":{"_acf_changed":false,"_jetpack_memberships_contains_paid_content":false,"footnotes":"","jetpack_publicize_message":"","jetpack_publicize_feature_enabled":true,"jetpack_social_post_already_shared":true,"jetpack_social_options":{"image_generator_settings":{"template":"highway","default_image_id":0,"font":"","enabled":false},"version":2}},"categories":[6],"tags":[],"class_list":["post-170841","post","type-post","status-publish","format-standard","has-post-thumbnail","hentry","category-ecologia"],"acf":[],"jetpack_publicize_connections":[],"jetpack_featured_media_url":"https:\/\/i0.wp.com\/sportseco.com\/wp-content\/uploads\/2024\/08\/thgaleria_700X400_307134.jpg?fit=600%2C400&ssl=1","jetpack_sharing_enabled":true,"_links":{"self":[{"href":"https:\/\/sportseco.com\/index.php?rest_route=\/wp\/v2\/posts\/170841","targetHints":{"allow":["GET"]}}],"collection":[{"href":"https:\/\/sportseco.com\/index.php?rest_route=\/wp\/v2\/posts"}],"about":[{"href":"https:\/\/sportseco.com\/index.php?rest_route=\/wp\/v2\/types\/post"}],"author":[{"embeddable":true,"href":"https:\/\/sportseco.com\/index.php?rest_route=\/wp\/v2\/users\/1"}],"replies":[{"embeddable":true,"href":"https:\/\/sportseco.com\/index.php?rest_route=%2Fwp%2Fv2%2Fcomments&post=170841"}],"version-history":[{"count":1,"href":"https:\/\/sportseco.com\/index.php?rest_route=\/wp\/v2\/posts\/170841\/revisions"}],"predecessor-version":[{"id":170843,"href":"https:\/\/sportseco.com\/index.php?rest_route=\/wp\/v2\/posts\/170841\/revisions\/170843"}],"wp:featuredmedia":[{"embeddable":true,"href":"https:\/\/sportseco.com\/index.php?rest_route=\/wp\/v2\/media\/170842"}],"wp:attachment":[{"href":"https:\/\/sportseco.com\/index.php?rest_route=%2Fwp%2Fv2%2Fmedia&parent=170841"}],"wp:term":[{"taxonomy":"category","embeddable":true,"href":"https:\/\/sportseco.com\/index.php?rest_route=%2Fwp%2Fv2%2Fcategories&post=170841"},{"taxonomy":"post_tag","embeddable":true,"href":"https:\/\/sportseco.com\/index.php?rest_route=%2Fwp%2Fv2%2Ftags&post=170841"}],"curies":[{"name":"wp","href":"https:\/\/api.w.org\/{rel}","templated":true}]}}