{"id":170844,"date":"2024-08-14T18:56:43","date_gmt":"2024-08-14T22:56:43","guid":{"rendered":"https:\/\/sportseco.com\/?p=170844"},"modified":"2024-08-14T18:56:48","modified_gmt":"2024-08-14T22:56:48","slug":"la-vuelta-24-quedan-tres-dias","status":"publish","type":"post","link":"https:\/\/sportseco.com\/?p=170844","title":{"rendered":"La\u00a0Vuelta 24: Quedan tres d\u00edas"},"content":{"rendered":"\n<p><strong>Los participantes de La Vuelta ya se encuentran en Lisboa, preparados para vivir ma\u00f1ana la presentaci\u00f3n de equipos de esta Gran Salida.&nbsp;<\/strong><strong>\u201cLa Vuelta empieza hoy una de sus aventuras m\u00e1s emocionantes\u201d, celebra desde la oficina permanente de Bel\u00e9m el director de la carrera Javier Guill\u00e9n.&nbsp;<\/strong><strong>La Vuelta 24 introducir\u00e1 nuevas medidas de seguridad: \u201cEs un buen momento para hacer pruebas\u201d, apunta el director t\u00e9cnico Kiko Garc\u00eda.<\/strong><\/p>\n\n\n\n<p><strong>Guill\u00e9n: \u201cLa Vuelta empieza hoy una de sus aventuras m\u00e1s emocionantes\u201d<\/strong><br \/>La Vuelta 24 ha vivido este mi\u00e9rcoles un particular pistoletazo de salida con la inauguraci\u00f3n de la sala permanente, en un acto que ha contado con el director general de la carrera Javier Guill\u00e9n, junto con \u00c2ngelo Pereira, Concejal de Lisboa, y a Veronica De Carvalho, representante de la Junta de Freguesia de Bel\u00e9m. \u201cM\u00e1s all\u00e1 de que, evidentemente, el pistoletazo de salida deportivo ser\u00e1 el pr\u00f3ximo s\u00e1bado 17 de agosto a las 16:23h, tenemos muy claro que La Vuelta empieza hoy una de sus aventuras m\u00e1s emocionantes como es salir de un pa\u00eds hermano como es Portugal y de una de las grandes ciudades de Europa como es Lisboa\u201d. Entre 3.500 y 4.000 personas pasar\u00e1n por las instalaciones del Centro Cultural de Bel\u00e9m antes de dar comienzo a la competici\u00f3n con la contrarreloj inicial. \u201cLa Vuelta 24 va a estar llena de im\u00e1genes espectaculares. Por eso quer\u00edamos aprovechar lo mejor que tiene Lisboa, que es una ciudad absolutamente monumental, saliendo desde el Monasterio de los Jer\u00f3nimos, una de las maravillas de la humanidad\u201d.<\/p>\n\n\n\n<p><strong>Lisboa brillar\u00e1 con La Vuelta<\/strong><br \/>La ciudad de Lisboa se volcar\u00e1 con la Gran Salida de La Vuelta 24, repitiendo una experiencia ya vivida en la edici\u00f3n de 1997. Un evento hist\u00f3rico que tendr\u00e1 uno de sus platos fuertes este jueves 15 de agosto a partir de las 17h (hora de Portugal), cuando el jard\u00edn de la imponente Torre de Bel\u00e9m ser\u00e1 el escenario de la presentaci\u00f3n oficial de los equipos participantes de esta edici\u00f3n, en un evento festivo que tambi\u00e9n contar\u00e1 con una fiesta popular amenizada por un DJ. Adem\u00e1s de esto, durante el viernes 16 de agosto (de 14h a 21h) y el s\u00e1bado 17 de agosto (de 8h a 21h), una fan zone estar\u00e1 instalada en el Jard\u00edn Vasco de Gama. Tambi\u00e9n en el mismo s\u00e1bado del inicio de la competici\u00f3n, la marcha popular Pedala Portugal Bike Tour Lisboa Oeiras 2024 completar\u00e1 los mismos 12 kil\u00f3metros de recorrido desde la Pra\u00e7a do Imp\u00e9rio de Lisboa y la Praia da Torres en Oeiras que por la tarde decidir\u00e1n el primer l\u00edder de La Vuelta 24 en una primera etapa contrarreloj.<\/p>\n\n\n\n<p>\u201cEstamos muy orgullosos de acoger La Vuelta en Lisboa en un entorno tan bonito\u201d, apuntaba \u00c2ngelo Pereira, regidor de Lisboa en el Centro Cultural de Bel\u00e9m, al lado del Monasterio de los Jer\u00f3nimos, que acoger\u00e1 la salida de la contrarreloj inicial. \u201cSer\u00e1 una fant\u00e1stica edici\u00f3n de La Vuelta, y una demostraci\u00f3n del gran trabajo que Espa\u00f1a y Portugal pueden hacer juntos\u201d.<\/p>\n\n\n\n<p><strong>La Vuelta 24 estrena nuevas medidas de seguridad<\/strong><br \/>A nivel reglamentario, La Vuelta 24 va a ser protagonista de una serie de nuevas medidas de seguridad que afectar\u00e1n el funcionamiento del pelot\u00f3n. Uno de muy llamativo, un sistema de tarjetas amarillas. \u201cEs un sistema de prevenci\u00f3n de malos h\u00e1bitos. Eso quiere decir que una mala acci\u00f3n de un ciclista, de un piloto de moto, de un director deportivo\u2026 puede derivar en una tarjeta amarilla, que solamente puede sacarlas un comisario. Siempre y cuando sea una acci\u00f3n que tenga que ver con la seguridad\u201d, apunta Kiko Garc\u00eda, director t\u00e9cnico de La Vuelta.<\/p>\n\n\n\n<p>\u201cAdem\u00e1s, igual que pas\u00f3 en el Tour de Francia, tenemos cuatro etapas en las que se va a alargar un poco la zona de seguridad del sprint. Ser\u00e1 en las etapas 2 y 3 en Portugal y la 5 en Sevilla, que la tendr\u00e1n a 4 kil\u00f3metros de meta, y la 17 en Santander, que donde se ampliar\u00e1 a 5 kil\u00f3metros de meta\u201d, contin\u00faa Garc\u00eda. Presumibles llegadas al sprint donde se ampliar\u00e1 una zona de protecci\u00f3n habitualmente situada en los 3 \u00faltimos kil\u00f3metros. \u201cSon medidas propuestas desde safeR, un organismo que est\u00e1 compuesto por todas las familias del mundo del ciclismo. Es un per\u00edodo de test para estas medidas, tal como se empez\u00f3 en la Cl\u00e1sica de San Sebasti\u00e1n y en el Tour de Polonia, que vamos a intentar adaptar lo mejor posible. Seguramente habr\u00e1 alg\u00fan error, pero es un buen momento para ir haciendo pruebas\u201d.<\/p>\n\n\n\n<p><strong>De Lisboa a Madrid: \u201cLa Vuelta es diferente\u201d<\/strong><br \/>Sepp Kuss (Visma-Lease a Bike) y todos los aficionados pueden compartir la pasi\u00f3n de La Vuelta con el teaser oficial de la edici\u00f3n 2024, un v\u00eddeo locutado por el ciclista americano, defensor del t\u00edtulo de la gran vuelta espa\u00f1ola. \u201cLa Vuelta es especial para m\u00ed, porque es la carreras donde me siento m\u00e1s en casa\u201d, explica Kuss, acompa\u00f1ando unas espectaculares im\u00e1genes de los mejores momentos de la carrera, cuyas batallas y escenarios de excepci\u00f3n brillan en un evento de alcance mundial. \u201cNo hay d\u00edas f\u00e1ciles y siempre hay un desaf\u00edo que superar\u201d. \u00bfEst\u00e1is listos para la \u00faltima Gran Vuelta de la temporada?<\/p>\n\n\n\n<figure class=\"wp-block-image\"><a href=\"https:\/\/www.dailymotion.com\/embed\/video\/x93zrik?autoplay=1\" target=\"_blank\" rel=\"noreferrer noopener\"><img decoding=\"async\" src=\"https:\/\/img.aso.fr\/core_app\/img-cycling-vue-jpg\/video\/21177\/0:0,1920:1080-1200-0-70\/f4b25\" alt=\"\"\/><\/a><figcaption class=\"wp-element-caption\">Teaser &#8211; La Vuelta 24<\/figcaption><\/figure>\n\n\n\n<p><strong>Sigue La Vuelta online<\/strong><br \/>Los seguidores de La Vuelta tienen a su alcance m\u00faltiples recursos para poder disfrutar del evento al m\u00e1ximo y participar activamente de la carrera. La informaci\u00f3n m\u00e1s esencial y las im\u00e1genes m\u00e1s espectaculares estar\u00e1n disponibles en la p\u00e1gina web oficial,&nbsp;<a href=\"http:\/\/www.lavuelta.es\/\" target=\"_blank\" rel=\"noreferrer noopener\">lavuelta.es<\/a>, mientras que el Race Center (<a href=\"http:\/\/www.racecenter.lavuelta.es\/\" target=\"_blank\" rel=\"noreferrer noopener\">racecenter.lavuelta.es<\/a>) concentrar\u00e1 toda la informaci\u00f3n en directo durante las etapas. Para vivir la emoci\u00f3n de la gran vuelta espa\u00f1ola desde dentro, nada ser\u00e1 mejor que seguir #LaVuelta24 en las redes sociales (<a href=\"https:\/\/www.facebook.com\/lavuelta\/\" target=\"_blank\" rel=\"noreferrer noopener\">Facebook<\/a>,&nbsp;<a href=\"https:\/\/www.instagram.com\/lavuelta\/\" target=\"_blank\" rel=\"noreferrer noopener\">Instagram<\/a>,&nbsp;<a href=\"https:\/\/x.com\/lavuelta\" target=\"_blank\" rel=\"noreferrer noopener\">X\/Twitter<\/a>,&nbsp;<a href=\"https:\/\/www.twitch.tv\/la_vuelta\" target=\"_blank\" rel=\"noreferrer noopener\">Twitch<\/a>,&nbsp;<a href=\"https:\/\/www.youtube.com\/channel\/UCf7iHZIcKEhiN34-fETtNCA\" target=\"_blank\" rel=\"noreferrer noopener\">YouTube<\/a>,&nbsp;<a href=\"https:\/\/www.dailymotion.com\/la_vuelta\" target=\"_blank\" rel=\"noreferrer noopener\">Dailymotion<\/a>,&nbsp;<a href=\"https:\/\/strava.app.link\/lavuelta-club\" target=\"_blank\" rel=\"noreferrer noopener\">Strava<\/a>&nbsp;y&nbsp;<a href=\"https:\/\/www.tiktok.com\/@lavuelta\" target=\"_blank\" rel=\"noreferrer noopener\">TikTok<\/a>, con contenido exclusivo). Adem\u00e1s, el&nbsp;<a href=\"https:\/\/www.lavuelta.es\/es\/la-carrera\/podcast-oficial\" target=\"_blank\" rel=\"noreferrer noopener\">podcast oficial de La Vuelta<\/a>&nbsp;va a ofrecer an\u00e1lisis y reacciones diariamente\u2026<\/p>\n\n\n\n<p>Todo ello sin olvidar&nbsp;<a href=\"https:\/\/fantasybytissot.lavuelta.es\/\" target=\"_blank\" rel=\"noreferrer noopener\">La Vuelta Fantasy by Tissot<\/a>, que un a\u00f1o m\u00e1s permitir\u00e1 a todos los jugadores seleccionar a los corredores que les lleven a la victoria en la liga general (con muchos premios en juego) y en las diferentes ligas privadas con amigos.<\/p>\n\n\n\n<p>lavuelta.es<\/p>\n","protected":false},"excerpt":{"rendered":"<p>Los participantes de La Vuelta ya se encuentran en Lisboa, preparados para vivir ma\u00f1ana la presentaci\u00f3n de equipos de esta Gran Salida.&nbsp;\u201cLa Vuelta empieza hoy una de sus aventuras m\u00e1s emocionantes\u201d, celebra desde la oficina permanente de Bel\u00e9m el director de la carrera Javier Guill\u00e9n.&nbsp;La Vuelta 24 introducir\u00e1 nuevas medidas de seguridad: \u201cEs un buen [&hellip;]<\/p>\n","protected":false},"author":1,"featured_media":170845,"comment_status":"closed","ping_status":"closed","sticky":false,"template":"","format":"standard","meta":{"_acf_changed":false,"_jetpack_memberships_contains_paid_content":false,"footnotes":"","jetpack_publicize_message":"","jetpack_publicize_feature_enabled":true,"jetpack_social_post_already_shared":true,"jetpack_social_options":{"image_generator_settings":{"template":"highway","default_image_id":0,"font":"","enabled":false},"version":2}},"categories":[14],"tags":[],"class_list":["post-170844","post","type-post","status-publish","format-standard","has-post-thumbnail","hentry","category-ciclismo"],"acf":[],"jetpack_publicize_connections":[],"jetpack_featured_media_url":"https:\/\/i0.wp.com\/sportseco.com\/wp-content\/uploads\/2024\/08\/387c0.jpeg?fit=1200%2C675&ssl=1","jetpack_sharing_enabled":true,"_links":{"self":[{"href":"https:\/\/sportseco.com\/index.php?rest_route=\/wp\/v2\/posts\/170844","targetHints":{"allow":["GET"]}}],"collection":[{"href":"https:\/\/sportseco.com\/index.php?rest_route=\/wp\/v2\/posts"}],"about":[{"href":"https:\/\/sportseco.com\/index.php?rest_route=\/wp\/v2\/types\/post"}],"author":[{"embeddable":true,"href":"https:\/\/sportseco.com\/index.php?rest_route=\/wp\/v2\/users\/1"}],"replies":[{"embeddable":true,"href":"https:\/\/sportseco.com\/index.php?rest_route=%2Fwp%2Fv2%2Fcomments&post=170844"}],"version-history":[{"count":1,"href":"https:\/\/sportseco.com\/index.php?rest_route=\/wp\/v2\/posts\/170844\/revisions"}],"predecessor-version":[{"id":170846,"href":"https:\/\/sportseco.com\/index.php?rest_route=\/wp\/v2\/posts\/170844\/revisions\/170846"}],"wp:featuredmedia":[{"embeddable":true,"href":"https:\/\/sportseco.com\/index.php?rest_route=\/wp\/v2\/media\/170845"}],"wp:attachment":[{"href":"https:\/\/sportseco.com\/index.php?rest_route=%2Fwp%2Fv2%2Fmedia&parent=170844"}],"wp:term":[{"taxonomy":"category","embeddable":true,"href":"https:\/\/sportseco.com\/index.php?rest_route=%2Fwp%2Fv2%2Fcategories&post=170844"},{"taxonomy":"post_tag","embeddable":true,"href":"https:\/\/sportseco.com\/index.php?rest_route=%2Fwp%2Fv2%2Ftags&post=170844"}],"curies":[{"name":"wp","href":"https:\/\/api.w.org\/{rel}","templated":true}]}}