{"id":171205,"date":"2024-08-22T12:53:54","date_gmt":"2024-08-22T16:53:54","guid":{"rendered":"https:\/\/sportseco.com\/?p=171205"},"modified":"2024-08-22T12:54:00","modified_gmt":"2024-08-22T16:54:00","slug":"oconnor-hace-saltar-la-banca-en-yunquera","status":"publish","type":"post","link":"https:\/\/sportseco.com\/?p=171205","title":{"rendered":"O\u2019Connor hace saltar la banca en Yunquera"},"content":{"rendered":"\n<p>La Vuelta 2024&nbsp;|&nbsp;Etapa 6&nbsp;|&nbsp;Carrefour Jerez Sur. Jerez de la Frontera &gt; Yunquera<\/p>\n\n\n\n<p><strong>Una exhibici\u00f3n en solitario marca de la casa ha aupado este jueves a Ben O\u2019Connor (Decathlon-Ag2r La Mondiale) al liderato de La Vuelta 24 en Yunquera. El escalador australiano, que ya sab\u00eda lo que era alzar los brazos en el Tour de Francia y Giro d\u2019Italia, ha aprovechado su posici\u00f3n privilegiada en una luchada fuga en las monta\u00f1as de M\u00e1laga para protagonizar una impresionante aventura en solitario camino del Alto de las Abejas, donde ha celebrado el triunfo que le permit\u00eda arrebatar holgadamente La Roja a Primoz Roglic (Red Bull-Bora-Hansgrohe). Adem\u00e1s de conseguir la triple corona de victorias en las Grandes Vueltas, el australiano ha puesto en jaque al resto de aspirantes a la victoria final y l\u00eddera ahora la carrera espa\u00f1ola con 4\u201951\u201d sobre Primoz Roglic (Red Bull-Bora-Hansgrohe) y 4\u201959\u201d sobre Joao Almeida (UAE Team Emirates).<\/strong><\/p>\n\n\n\n<p>174 ciclistas han tomado la salida de esta 6\u00aa etapa de La Vuelta 24 desde el Carrefour Jerez Sur de Jerez de la Frontera, teniendo por delante la segunda llegada en alto del recorrido en una jornada de 185,5 kil\u00f3metros con m\u00e1s de 4.500 metros de desnivel que pod\u00eda deparar sorpresas. En este inc\u00f3modo terreno de media monta\u00f1a, se han necesitado m\u00e1s de 70 kil\u00f3metros de batalla para formar la escapada del d\u00eda, en un esfuerzo que marcar\u00eda la t\u00f3nica de una etapa que puede ser determinante.<\/p>\n\n\n\n<p>En un primer momento, se hab\u00eda formado un grupo de escapada 33 ciclistas con nombres como Jes\u00fas Herrada, Marc Soler, Andreas Kron, Victor Campenaerts o Daniel Felipe Mart\u00ednez, pero han sido neutralizados ante la combatividad de otros grandes favoritos en el pelot\u00f3n en el ascenso al Puerto del Boyar (1\u00aa categor\u00eda), el puerto m\u00e1s exigente del recorrido. Solamente Pelayo S\u00e1nchez (Movistar Team), Cristian Rodr\u00edguez (Ark\u00e9a-B&amp;B Hotels) y Cl\u00e9ment Berthet (Decathlon-Ag2r La Mondiale) hab\u00edan resistido en cabeza del primer corte, para acabar siendo atrapados desde el pelot\u00f3n por un grupo de muchos quilates formado por Jay Vine (UAE Team Emirates), Mauri Vansevenant (T-Rex Quick-Step), Ben O&#8217;Connor (Decathlon-Ag2r La Mondiale), Florian Lipowitz (Red Bull-Bora-Hansgrohe), Luca Vergallito (Alpecin-Deceuninck), Marco Frigo (Israel-Premier Tech), Chris Harper (Jayco-AlUla), Gijs Leemreize (Team DSM-firmenich PostNL), Urko Berrade y Pablo Castrillo (Equipo Kern Pharma), que han formado definitivamente el corte de 13 escapados.<\/p>\n\n\n\n<p><strong>O\u2019Connor, a por La Roja<\/strong><\/p>\n\n\n\n<p>Florian Lipowitz (Red Bull-Bora-Hansgrohe) era el mejor situado en la clasificaci\u00f3n general entre los fugados a 1\u201950\u201d de su compa\u00f1ero de equipo Primoz Roglic, una diferencia que Ben O&#8217;Connor (Decathlon-Ag2r La Mondiale) ha igualado con su bonificaci\u00f3n al paso por el sprint intermedio de Ronda. Sin embargo, poco despu\u00e9s de eso, antes del ascenso al Puerto del Viento (3\u00aa categor\u00eda), el segundo de los cuatro en la jornada de hoy, empezar\u00eda la verdadera gesta de la jornada, cuando el australiano se ha escapado junto a Gijs Leemreize (Team DSM-firmenich PostNL), en un movimiento que le lanzaba en busca del liderato.<\/p>\n\n\n\n<p>Y, en efecto, nada ha podido con el australiano, conocido por sus largas escapadas, que se ha destacado en solitario a 28 kil\u00f3metros para la l\u00ednea de meta con un ritmo imparable que le llevar\u00eda a convertirse en el 5\u00ba ciclista australiano en liderar la clasificaci\u00f3n general de La Vuelta. Finalmente, O\u2019Connor ha hecho efectiva su exhibici\u00f3n llegando victorioso a meta con 4\u201933\u201d sobre Marco Frigo (Israel-Premier Tech), finalmente su principal perseguidor, y 6\u201931\u201d sobre un pelot\u00f3n de favorito donde ning\u00fan equipo ha podido igualar el pulso del nuevo l\u00edder de La Vuelta 24.<\/p>\n\n\n\n<p>La Vuelta 24 continuar\u00e1 este viernes con su 7\u00aa etapa, que unir\u00e1 en un recorrido de 180,2 kil\u00f3metros las ciudades de Archidona y la ciudad C\u00f3rdoba que podr\u00eda acabar en el cuarto sprint de esta edici\u00f3n.<\/p>\n\n\n\n<figure class=\"wp-block-image\"><a href=\"https:\/\/img.aso.fr\/core_app\/img-cycling-vue-jpg\/header-hp-etape-6-1\/22418\/0:0,2000:890-1200-0-70\/2ae74\"><img decoding=\"async\" src=\"https:\/\/img.aso.fr\/core_app\/img-cycling-vue-jpg\/header-hp-etape-6-1\/22418\/0:0,2000:890-2400-0-70\/56ffa\" alt=\"\"\/><\/a><\/figure>\n\n\n\n<p>lavuelta.es<\/p>\n","protected":false},"excerpt":{"rendered":"<p>La Vuelta 2024&nbsp;|&nbsp;Etapa 6&nbsp;|&nbsp;Carrefour Jerez Sur. Jerez de la Frontera &gt; Yunquera Una exhibici\u00f3n en solitario marca de la casa ha aupado este jueves a Ben O\u2019Connor (Decathlon-Ag2r La Mondiale) al liderato de La Vuelta 24 en Yunquera. El escalador australiano, que ya sab\u00eda lo que era alzar los brazos en el Tour de Francia [&hellip;]<\/p>\n","protected":false},"author":1,"featured_media":171206,"comment_status":"closed","ping_status":"closed","sticky":false,"template":"","format":"standard","meta":{"_acf_changed":false,"_jetpack_memberships_contains_paid_content":false,"footnotes":"","jetpack_publicize_message":"","jetpack_publicize_feature_enabled":true,"jetpack_social_post_already_shared":true,"jetpack_social_options":{"image_generator_settings":{"template":"highway","default_image_id":0,"font":"","enabled":false},"version":2}},"categories":[14],"tags":[],"class_list":["post-171205","post","type-post","status-publish","format-standard","has-post-thumbnail","hentry","category-ciclismo"],"acf":[],"jetpack_publicize_connections":[],"jetpack_featured_media_url":"https:\/\/i0.wp.com\/sportseco.com\/wp-content\/uploads\/2024\/08\/56ffa.jpeg?fit=2400%2C1068&ssl=1","jetpack_sharing_enabled":true,"_links":{"self":[{"href":"https:\/\/sportseco.com\/index.php?rest_route=\/wp\/v2\/posts\/171205","targetHints":{"allow":["GET"]}}],"collection":[{"href":"https:\/\/sportseco.com\/index.php?rest_route=\/wp\/v2\/posts"}],"about":[{"href":"https:\/\/sportseco.com\/index.php?rest_route=\/wp\/v2\/types\/post"}],"author":[{"embeddable":true,"href":"https:\/\/sportseco.com\/index.php?rest_route=\/wp\/v2\/users\/1"}],"replies":[{"embeddable":true,"href":"https:\/\/sportseco.com\/index.php?rest_route=%2Fwp%2Fv2%2Fcomments&post=171205"}],"version-history":[{"count":1,"href":"https:\/\/sportseco.com\/index.php?rest_route=\/wp\/v2\/posts\/171205\/revisions"}],"predecessor-version":[{"id":171207,"href":"https:\/\/sportseco.com\/index.php?rest_route=\/wp\/v2\/posts\/171205\/revisions\/171207"}],"wp:featuredmedia":[{"embeddable":true,"href":"https:\/\/sportseco.com\/index.php?rest_route=\/wp\/v2\/media\/171206"}],"wp:attachment":[{"href":"https:\/\/sportseco.com\/index.php?rest_route=%2Fwp%2Fv2%2Fmedia&parent=171205"}],"wp:term":[{"taxonomy":"category","embeddable":true,"href":"https:\/\/sportseco.com\/index.php?rest_route=%2Fwp%2Fv2%2Fcategories&post=171205"},{"taxonomy":"post_tag","embeddable":true,"href":"https:\/\/sportseco.com\/index.php?rest_route=%2Fwp%2Fv2%2Ftags&post=171205"}],"curies":[{"name":"wp","href":"https:\/\/api.w.org\/{rel}","templated":true}]}}