{"id":171250,"date":"2024-08-23T15:11:48","date_gmt":"2024-08-23T19:11:48","guid":{"rendered":"https:\/\/sportseco.com\/?p=171250"},"modified":"2024-08-23T15:11:51","modified_gmt":"2024-08-23T19:11:51","slug":"van-aert-se-suma-al-prestigio-de-cordoba","status":"publish","type":"post","link":"https:\/\/sportseco.com\/?p=171250","title":{"rendered":"Van Aert se suma al prestigio de C\u00f3rdoba"},"content":{"rendered":"\n<p>La Vuelta 2024&nbsp;|&nbsp;Etapa 7&nbsp;|&nbsp;Archidona &gt; C\u00f3rdoba<\/p>\n\n\n\n<p>Wout van Aert (Visma-Lease a Bike) ha sumado su nombre a la lista de prestigiosos ganadores de etapa de La Vuelta en la ciudad C\u00f3rdoba, donde ha acabado la 7\u00aa etapa de la edici\u00f3n 2024 con el segundo triunfo parcial para el astro belga. Van Aert ha superado a los j\u00f3venes Mathias Vacek (Lidl-Trek) y Pau Miquel (Equipo Kern Pharma) en el sprint del reducido grupo de favoritos que ha pasado el Alto del 14%, el \u00fanico puerto del d\u00eda coronado a 25 kil\u00f3metros de la l\u00ednea de meta. Sumando bonificaciones en su cima, Primoz Roglic (Red Bull-Bora-Hansgrohe) ha demostrado su ambici\u00f3n de no desperdiciar ninguna ocasi\u00f3n para acercarse al liderato de Ben O\u2019Connor (Decathlon-Ag2r La Mondiale), que ahora defiende La Roja con 4\u201945\u201d de ventaja sobre el esloveno en la antesala de una nueva llegada en alto en Sierra de Cazorla.<\/p>\n\n\n\n<p>169 ciclistas han tomado la salida de esta jornada que ha unido la localidad malague\u00f1a y la ciudad de C\u00f3rdoba despu\u00e9s de 180,2 kil\u00f3metros. Una etapa que ha tenido un f\u00e1cil guion en su primera mitad de carrera. Xabier Isasa (Euskaltel-Euskadi), que ya hab\u00eda sido el gran protagonista con la tercera etapa camino de Castelo Branco siendo el ciclista que m\u00e1s resisti\u00f3 entre los cuatro escapados, ha sido hoy el hombre del d\u00eda con una escapada en solitario permitida desde la salida de la etapa.<\/p>\n\n\n\n<p>La diferencia m\u00e1xima para el joven ciclista de Urretxu ha sido de 8&#8217;25\u00bb en el kil\u00f3metro 45 de etapa, momento en el que Alpecin-Deceuninck y Visma-Lease a Bike han empezado un d\u00eda m\u00e1s su trabajo en favor de las opciones de Kaden Groves y Wout van Aert. Concretamente, Oscar Riesebeek y Edoardo Affini han tomado la responsabilidad de perseguir al gipuzkoano, que ha sido neutralizado a 38 kil\u00f3metros de la l\u00ednea de meta tras 142 kil\u00f3metros de aventura en solitario, poco despu\u00e9s del primer paso por la ciudad de C\u00f3rdoba, donde se ha disputado el sprint intermedio.<\/p>\n\n\n\n<p><strong>Roglic no quiere esperar<\/strong><\/p>\n\n\n\n<p>La etapa ha cambiado de cara al paso por el Alto del 14%, puerto de 2\u00aa categor\u00eda que se coronaba a 25,5 kil\u00f3metros de la l\u00ednea de meta y donde Primoz Roglic (Red Bull-Bora-Hansgrohe) ha demostrado su voluntad de luchar por recuperar La Roja en cada ocasi\u00f3n. El esloveno ha hecho bueno el trabajo de su equipo y ha coronado en cabeza un puerto que repart\u00eda 6 segundos de bonificaci\u00f3n al primero a su paso, hecho que le acerca ahora a 4\u201945\u201d del liderato de Ben O\u2019Connor (Decathlon-Ag2r La Mondiale).<\/p>\n\n\n\n<p>En el descenso del alto, el catal\u00e1n Marc Soler (UAE Team Emirates) ha protagonizado un movimiento marca de la casa que le ha hecho so\u00f1ar con un tercer triunfo de etapa en La Vuelta como los conseguidos en las ediciones de 2020 y 2022. Sin embargo, la combatividad ha seguido en el grupo perseguidor, y especialmente el dorsal 1 de la carrera, Sepp Kuss (Visma-Lease a Bike), ha tomado el mando en los \u00faltimos 10 kil\u00f3metros para anular el movimiento de Soler y propiciar una llegada al sprint, en la que su compa\u00f1ero Van Aert ha sabido aprovechar su condici\u00f3n de ciclista m\u00e1s r\u00e1pido del grupo para sumar su segundo triunfo en La Vuelta 24 tras el conseguido en su 3\u00aa etapa en Castelo Branco.<\/p>\n\n\n\n<p>La Vuelta 24 continuar\u00e1 este s\u00e1bado con la disputa de su 8\u00aa etapa entre \u00dabeda y Cazorla, donde se vivir\u00e1 la tercera llegada en alto de esta 79\u00aa edici\u00f3n de la Gran Vuelta espa\u00f1ola en un puerto de 3\u00aa categor\u00eda en la Sierra de Cazorla.<\/p>\n\n\n\n<figure class=\"wp-block-image\"><a href=\"https:\/\/img.aso.fr\/core_app\/img-cycling-vue-jpg\/header-hp-etape-7\/22512\/0:0,2000:890-1200-0-70\/047a9\"><img decoding=\"async\" src=\"https:\/\/img.aso.fr\/core_app\/img-cycling-vue-jpg\/header-hp-etape-7\/22512\/0:0,2000:890-2400-0-70\/a4b84\" alt=\"\"\/><\/a><\/figure>\n\n\n\n<p>lavuelta.es<\/p>\n","protected":false},"excerpt":{"rendered":"<p>La Vuelta 2024&nbsp;|&nbsp;Etapa 7&nbsp;|&nbsp;Archidona &gt; C\u00f3rdoba Wout van Aert (Visma-Lease a Bike) ha sumado su nombre a la lista de prestigiosos ganadores de etapa de La Vuelta en la ciudad C\u00f3rdoba, donde ha acabado la 7\u00aa etapa de la edici\u00f3n 2024 con el segundo triunfo parcial para el astro belga. Van Aert ha superado a [&hellip;]<\/p>\n","protected":false},"author":1,"featured_media":171251,"comment_status":"closed","ping_status":"closed","sticky":false,"template":"","format":"standard","meta":{"_acf_changed":false,"_jetpack_memberships_contains_paid_content":false,"footnotes":"","jetpack_publicize_message":"","jetpack_publicize_feature_enabled":true,"jetpack_social_post_already_shared":true,"jetpack_social_options":{"image_generator_settings":{"template":"highway","default_image_id":0,"font":"","enabled":false},"version":2}},"categories":[14],"tags":[],"class_list":["post-171250","post","type-post","status-publish","format-standard","has-post-thumbnail","hentry","category-ciclismo"],"acf":[],"jetpack_publicize_connections":[],"jetpack_featured_media_url":"https:\/\/i0.wp.com\/sportseco.com\/wp-content\/uploads\/2024\/08\/a4b84.jpeg?fit=2400%2C1068&ssl=1","jetpack_sharing_enabled":true,"_links":{"self":[{"href":"https:\/\/sportseco.com\/index.php?rest_route=\/wp\/v2\/posts\/171250","targetHints":{"allow":["GET"]}}],"collection":[{"href":"https:\/\/sportseco.com\/index.php?rest_route=\/wp\/v2\/posts"}],"about":[{"href":"https:\/\/sportseco.com\/index.php?rest_route=\/wp\/v2\/types\/post"}],"author":[{"embeddable":true,"href":"https:\/\/sportseco.com\/index.php?rest_route=\/wp\/v2\/users\/1"}],"replies":[{"embeddable":true,"href":"https:\/\/sportseco.com\/index.php?rest_route=%2Fwp%2Fv2%2Fcomments&post=171250"}],"version-history":[{"count":1,"href":"https:\/\/sportseco.com\/index.php?rest_route=\/wp\/v2\/posts\/171250\/revisions"}],"predecessor-version":[{"id":171252,"href":"https:\/\/sportseco.com\/index.php?rest_route=\/wp\/v2\/posts\/171250\/revisions\/171252"}],"wp:featuredmedia":[{"embeddable":true,"href":"https:\/\/sportseco.com\/index.php?rest_route=\/wp\/v2\/media\/171251"}],"wp:attachment":[{"href":"https:\/\/sportseco.com\/index.php?rest_route=%2Fwp%2Fv2%2Fmedia&parent=171250"}],"wp:term":[{"taxonomy":"category","embeddable":true,"href":"https:\/\/sportseco.com\/index.php?rest_route=%2Fwp%2Fv2%2Fcategories&post=171250"},{"taxonomy":"post_tag","embeddable":true,"href":"https:\/\/sportseco.com\/index.php?rest_route=%2Fwp%2Fv2%2Ftags&post=171250"}],"curies":[{"name":"wp","href":"https:\/\/api.w.org\/{rel}","templated":true}]}}