{"id":171258,"date":"2024-08-23T15:19:49","date_gmt":"2024-08-23T19:19:49","guid":{"rendered":"https:\/\/sportseco.com\/?p=171258"},"modified":"2024-08-23T15:19:52","modified_gmt":"2024-08-23T19:19:52","slug":"oconnor-ya-veremos-en-la-alta-montana","status":"publish","type":"post","link":"https:\/\/sportseco.com\/?p=171258","title":{"rendered":"O\u2019Connor: \u201cYa veremos en la alta monta\u00f1a\u201d"},"content":{"rendered":"\n<p>Ben O\u2019Connor (Decathlon-Ag2r La Mondiale), l\u00edder de la clasificaci\u00f3n general de La Vuelta 24:<\/p>\n\n\n\n<p>\u201cHa estado bien. La verdad es que ha sido un d\u00eda s\u00faper f\u00e1cil hasta la parte final. Luego, ha sido explosivo, pero yo me he sentido mucho mejor en el calor de lo que me hab\u00eda sentido al principio de semana, as\u00ed que ha sido un buen d\u00eda. No me ha sorprendido que (Primoz Roglic) fuera a por la bonificaci\u00f3n, pero no me ha parecido un ataque exageradamente explosivo. Estoy contento con c\u00f3mo me he sentido hoy, y estoy bastante contento con c\u00f3mo se ha resuelto. No puedo hacer mucho contra el sprint de Primoz para las bonificaciones, pero necesitar\u00eda coger much\u00edsimos segundos para recuperar ese tiempo. As\u00ed que ya veremos en la alta monta\u00f1a\u201d.<\/p>\n\n\n\n<figure class=\"wp-block-image\"><a href=\"https:\/\/img.aso.fr\/core_app\/img-cycling-vue-jpg\/arz-1848\/22524\/0:0,6000:4000-1200-0-70\/003c2\"><img decoding=\"async\" src=\"https:\/\/img.aso.fr\/core_app\/img-cycling-vue-jpg\/arz-1848\/22524\/0:0,6000:4000-2400-0-70\/5667d\" alt=\"La Vuelta 2024 - 79th Edition - 7th stage - Archidona - Cordoba 180,5 km - 23\/08\/2024 - Ben O'Connor (AUS - Decathlon AG2R La Mondiale Team) - photo Aritz Arambarri\/SprintCyclingAgency\u00a92024\"\/><\/a><figcaption class=\"wp-element-caption\">La Vuelta 2024 &#8211; 79th Edition &#8211; 7th stage &#8211; Archidona &#8211; Cordoba 180,5 km &#8211; 23\/08\/2024 &#8211; Ben O&#8217;Connor (AUS &#8211; Decathlon AG2R La Mondiale Team) &#8211; photo Aritz Arambarri\/SprintCyclingAgency\u00a92024 \u00a9 SprintCyclingAgency\u00a92024<\/figcaption><\/figure>\n\n\n\n<p><\/p>\n\n\n\n<p>lavuelta.es<\/p>\n","protected":false},"excerpt":{"rendered":"<p>Ben O\u2019Connor (Decathlon-Ag2r La Mondiale), l\u00edder de la clasificaci\u00f3n general de La Vuelta 24: \u201cHa estado bien. La verdad es que ha sido un d\u00eda s\u00faper f\u00e1cil hasta la parte final. Luego, ha sido explosivo, pero yo me he sentido mucho mejor en el calor de lo que me hab\u00eda sentido al principio de semana, [&hellip;]<\/p>\n","protected":false},"author":1,"featured_media":171259,"comment_status":"closed","ping_status":"closed","sticky":false,"template":"","format":"standard","meta":{"_acf_changed":false,"_jetpack_memberships_contains_paid_content":false,"footnotes":"","jetpack_publicize_message":"","jetpack_publicize_feature_enabled":true,"jetpack_social_post_already_shared":true,"jetpack_social_options":{"image_generator_settings":{"template":"highway","default_image_id":0,"font":"","enabled":false},"version":2}},"categories":[14],"tags":[],"class_list":["post-171258","post","type-post","status-publish","format-standard","has-post-thumbnail","hentry","category-ciclismo"],"acf":[],"jetpack_publicize_connections":[],"jetpack_featured_media_url":"https:\/\/i0.wp.com\/sportseco.com\/wp-content\/uploads\/2024\/08\/5667d.jpeg?fit=2400%2C1600&ssl=1","jetpack_sharing_enabled":true,"_links":{"self":[{"href":"https:\/\/sportseco.com\/index.php?rest_route=\/wp\/v2\/posts\/171258","targetHints":{"allow":["GET"]}}],"collection":[{"href":"https:\/\/sportseco.com\/index.php?rest_route=\/wp\/v2\/posts"}],"about":[{"href":"https:\/\/sportseco.com\/index.php?rest_route=\/wp\/v2\/types\/post"}],"author":[{"embeddable":true,"href":"https:\/\/sportseco.com\/index.php?rest_route=\/wp\/v2\/users\/1"}],"replies":[{"embeddable":true,"href":"https:\/\/sportseco.com\/index.php?rest_route=%2Fwp%2Fv2%2Fcomments&post=171258"}],"version-history":[{"count":1,"href":"https:\/\/sportseco.com\/index.php?rest_route=\/wp\/v2\/posts\/171258\/revisions"}],"predecessor-version":[{"id":171260,"href":"https:\/\/sportseco.com\/index.php?rest_route=\/wp\/v2\/posts\/171258\/revisions\/171260"}],"wp:featuredmedia":[{"embeddable":true,"href":"https:\/\/sportseco.com\/index.php?rest_route=\/wp\/v2\/media\/171259"}],"wp:attachment":[{"href":"https:\/\/sportseco.com\/index.php?rest_route=%2Fwp%2Fv2%2Fmedia&parent=171258"}],"wp:term":[{"taxonomy":"category","embeddable":true,"href":"https:\/\/sportseco.com\/index.php?rest_route=%2Fwp%2Fv2%2Fcategories&post=171258"},{"taxonomy":"post_tag","embeddable":true,"href":"https:\/\/sportseco.com\/index.php?rest_route=%2Fwp%2Fv2%2Ftags&post=171258"}],"curies":[{"name":"wp","href":"https:\/\/api.w.org\/{rel}","templated":true}]}}