{"id":171380,"date":"2024-08-25T11:32:42","date_gmt":"2024-08-25T15:32:42","guid":{"rendered":"https:\/\/sportseco.com\/?p=171380"},"modified":"2024-08-25T11:32:48","modified_gmt":"2024-08-25T15:32:48","slug":"como-puedes-reciclar-tu-ropa-para-que-no-se-convierta-en-un-residuo","status":"publish","type":"post","link":"https:\/\/sportseco.com\/?p=171380","title":{"rendered":"C\u00f3mo puedes reciclar tu ropa para que no se convierta en un residuo"},"content":{"rendered":"\n<p><strong>Por Nora Sesmero<\/strong><\/p>\n\n\n\n<p><strong>Madrid, (EFEverde).- El textil es el mayor residuo generado: los espa\u00f1oles descartamos cerca de 800.000 toneladas de residuos textiles cada a\u00f1o, los europeos cinco millones de toneladas, y a nivel mundial se estiman unos 92 millones de toneladas, seg\u00fan datos de C\u00e1ritas\/Moda re-, el Parlamento Europeo y la Asociaci\u00f3n de Investigaci\u00f3n de la Industria Textil y Cosm\u00e9tica (AITEX).<\/strong><\/p>\n\n\n\n<p>Tal es as\u00ed que se valora que la humanidad podr\u00eda vestirse durante d\u00e9cadas con la ropa que ya est\u00e1 producida y, por eso, es necesario garantizar la reducci\u00f3n y reutilizaci\u00f3n de estos materiales.<\/p>\n\n\n\n<p>Sin embargo, millones de toneladas de ropa acaban cada d\u00eda en vertederos donde se incineran o son abandonadas, contaminando el medio ambiente. Muchos de estos textiles se exportan a otros pa\u00edses en los que supone un perjuicio ambiental y para la econom\u00eda local.<\/p>\n\n\n\n<p>Para atajar este problema \u201clo primero es pasar a un consumo responsable. Por ello, hacemos campa\u00f1as de sensibilizaci\u00f3n para la reducci\u00f3n del consumo\u201d, apunta en conversaci\u00f3n con EFEverde.com el director de Moda re-, Albert Alberich.<\/p>\n\n\n\n<h2 class=\"wp-block-heading\">Encuentra tu contenedor textil m\u00e1s cercano<\/h2>\n\n\n\n<p>Seg\u00fan el&nbsp;<strong><a href=\"https:\/\/modare.org\/wp-content\/uploads\/Analisis-de-la-recogida-de-la-ropa-usada-en-Espana.pdf\" target=\"_blank\" rel=\"noreferrer noopener\">estudio \u201cLa recogida de la ropa usada en Espa\u00f1a\u201d<\/a><\/strong>, en 2019&nbsp;<strong><a href=\"https:\/\/modare.org\/donde-estamos\/\" target=\"_blank\" rel=\"noreferrer noopener\">C\u00e1ritas\/Moda re-<\/a><\/strong>,&nbsp;<strong><a href=\"https:\/\/www.humana-spain.org\/que-puedes-hacer-tu\/donar-ropa\/\" target=\"_blank\" rel=\"noreferrer noopener\">HUMANA Spain<\/a><\/strong>&nbsp;y&nbsp;<strong><a href=\"https:\/\/aeress.org\/donde-donar\/\" target=\"_blank\" rel=\"noreferrer noopener\">AERESS (La Recuperadora)<\/a><\/strong>&nbsp;recogieron el 73% del total de textil recolectado en Espa\u00f1a, lo que apenas supone un 12% de este residuo generado en el pa\u00eds.<\/p>\n\n\n\n<p>Otros gestores de reciclaje textil en Espa\u00f1a son ASIRTEX,&nbsp;<strong><a href=\"https:\/\/www.madrecoraje.org\/que-puedes-hacer-tu\/recicla\/\" target=\"_blank\" rel=\"noreferrer noopener\">Madre Coraje<\/a><\/strong>,&nbsp;<strong><a href=\"https:\/\/isonorte.org\/isonorte-empleo\/recogida-y-reutilizacion\/\" target=\"_blank\" rel=\"noreferrer noopener\">ISONORTE<\/a><\/strong>; el Sistema Colectivo de Responsabilidad Ampliada del Productor (SCRAP) Asociaci\u00f3n para la Gesti\u00f3n del Residuo Textil creado por Inditex, Decathlon, El Corte Ingl\u00e9s, H&amp;M, IKEA, Kiabi y Tendam; y gestores irregulares al margen del sistema.<\/p>\n\n\n\n<p>En los contenedores de recolecci\u00f3n implementados por diversas entidades se deposita ropa de vestir, ropa de hogar y calzado en bolsas de pl\u00e1stico bien cerradas para que no se contamine la ropa ni se humedezca y, de esta manera, se pueda reutilizar.<\/p>\n\n\n\n<h2 class=\"wp-block-heading\">El cambio es necesario<\/h2>\n\n\n\n<p>El textil no s\u00f3lo genera&nbsp;contaminaci\u00f3n ambiental cuando se incinera o se abandona&nbsp; en terceros pa\u00edses como Ghana o Chile (Desierto de Atacama)&nbsp;y Atacama como denunci\u00f3&nbsp;<strong><a href=\"https:\/\/efeverde.com\/colocan-geolocalizadores-en-ropa-donada-para-demostrar-que-la-gran-mayoria-no-se-reutiliza\/\" target=\"_blank\" rel=\"noreferrer noopener\">Greenpeace en 2023, mediante la instalaci\u00f3n de geolocalizadores<\/a><\/strong>, y con la que mostr\u00f3 a qu\u00e9 pa\u00edses se exportaba la ropa depositadas en contenedores municipales y en comercios. De hecho, tambi\u00e9n \u201cen Espa\u00f1a ha aparecido acumulada la ropa en naves en Humanes (Madrid), Murcia o Alicante (Comunidad Valenciana)\u201d, a\u00f1ade Alberich.<\/p>\n\n\n\n<figure class=\"wp-block-image\" id=\"attachment_204480\"><img data-recalc-dims=\"1\" decoding=\"async\" src=\"https:\/\/i0.wp.com\/efeverde.com\/wp-content\/uploads\/2024\/08\/AME7608-CHILE-MODA.jpg?w=640&#038;ssl=1\" alt=\"\" class=\"wp-image-204480\"\/><figcaption class=\"wp-element-caption\">Imagen de archivo de la dise\u00f1adora Agatha Ruiz de la Prada durante la visita al vertedero de basura textil del desierto de Atacama (Chile). EFE\/ Ailen D\u00edaz<\/figcaption><\/figure>\n\n\n\n<h2 class=\"wp-block-heading\">Actores implicados<\/h2>\n\n\n\n<p>Pero para un mayor reciclaje \u201cAl ciudadano hay que pon\u00e9rselo f\u00e1cil\u201d, se\u00f1ala a EFEverde.com el responsable de comunicaci\u00f3n de HUMANA Spain, Rub\u00e9n Gonz\u00e1lez. En su opini\u00f3n son necesarias campa\u00f1as de sensibilizaci\u00f3n hacia los consumidores por parte de la administraci\u00f3n p\u00fablica y una red de contenedores textiles m\u00e1s amplia por parte de los ayuntamientos.<\/p>\n\n\n\n<p>El hecho de que \u201cla calidad del textil que se pone cada a\u00f1o en el mercado es menor\u00bb&nbsp; y&nbsp; \u00abuna presi\u00f3n en los precios por el modelo de&nbsp;<em>ultra fast fashion<\/em>\u00bb hace, seg\u00fan Alberich, que haya que \u201crepensar\u201d el modelo de la industria. Adem\u00e1s, para revertir esta situaci\u00f3n, se debe impulsar la trazabilidad a lo largo del ciclo de vida de las prendas y el ecodise\u00f1o para revertir esta situaci\u00f3n.<\/p>\n\n\n\n<h2 class=\"wp-block-heading\">Herramienta de inserci\u00f3n social<\/h2>\n\n\n\n<p>Otro aspecto vinculado a la recuperaci\u00f3n y tratamiento de estos materiales ha sido, tradicionalmente, la inserci\u00f3n social que realizan con ellos algunas organizaciones, como recuerda a EFEverde.com la directora de La Recuperadora, Carmen Aja.<\/p>\n\n\n\n<p>As\u00ed la Ley 7\/2022, de 8 de abril, de residuos y suelos contaminados para una econom\u00eda circular, establece que al menos el 50% del importe de adjudicaci\u00f3n debe ser objeto de contrataci\u00f3n reservada a Empresas de Inserci\u00f3n y Centros Especiales de Empleo de iniciativa social autorizados para el tratamiento de residuos.&nbsp;En caso contrario, la administraci\u00f3n p\u00fablica y el \u00f3rgano de contrataci\u00f3n deber\u00e1n justificarlo.<\/p>\n\n\n\n<h2 class=\"wp-block-heading\">Y \u00bfqu\u00e9 podemos hacer?<\/h2>\n\n\n\n<p>En el consumo textil y su reciclaje cada actor debe asumir su parte de responsabilidad,&nbsp; los consumidores podemos tomar decisiones cr\u00edticas y cambiar nuestros h\u00e1bitos de compra y utilizaci\u00f3n de las prendas.<\/p>\n\n\n\n<p>Tambi\u00e9n para un consumo m\u00e1s responsable puedes tener en cuenta estas claves:<\/p>\n\n\n\n<ul class=\"wp-block-list\">\n<li>Reduce (con menos se vive mejor).<\/li>\n\n\n\n<li>Piensa antes de comprar y rechaza lo que no necesites.<\/li>\n\n\n\n<li>Aprende a cuidar la ropa para que dure m\u00e1s.<\/li>\n\n\n\n<li>Reutiliza hasta que (de verdad) una prenda ya no te sirva.<\/li>\n\n\n\n<li>Repara la ropa.<\/li>\n\n\n\n<li>Apoya la segunda, tercera y cuarta mano.<\/li>\n\n\n\n<li>Consume m\u00e1s calidad por el mismo precio, pero menor cantidad (s\u00e9 aut\u00e9ntico). EFEverde<\/li>\n<\/ul>\n\n\n\n<p>nsa \/ al<\/p>\n","protected":false},"excerpt":{"rendered":"<p>Por Nora Sesmero Madrid, (EFEverde).- El textil es el mayor residuo generado: los espa\u00f1oles descartamos cerca de 800.000 toneladas de residuos textiles cada a\u00f1o, los europeos cinco millones de toneladas, y a nivel mundial se estiman unos 92 millones de toneladas, seg\u00fan datos de C\u00e1ritas\/Moda re-, el Parlamento Europeo y la Asociaci\u00f3n de Investigaci\u00f3n de [&hellip;]<\/p>\n","protected":false},"author":1,"featured_media":171381,"comment_status":"closed","ping_status":"closed","sticky":false,"template":"","format":"standard","meta":{"_acf_changed":false,"_jetpack_memberships_contains_paid_content":false,"footnotes":"","jetpack_publicize_message":"","jetpack_publicize_feature_enabled":true,"jetpack_social_post_already_shared":true,"jetpack_social_options":{"image_generator_settings":{"template":"highway","default_image_id":0,"font":"","enabled":false},"version":2}},"categories":[6],"tags":[],"class_list":["post-171380","post","type-post","status-publish","format-standard","has-post-thumbnail","hentry","category-ecologia"],"acf":[],"jetpack_publicize_connections":[],"jetpack_featured_media_url":"https:\/\/i0.wp.com\/sportseco.com\/wp-content\/uploads\/2024\/08\/IMG_0321-e1724151110998.jpeg?fit=1920%2C1043&ssl=1","jetpack_sharing_enabled":true,"_links":{"self":[{"href":"https:\/\/sportseco.com\/index.php?rest_route=\/wp\/v2\/posts\/171380","targetHints":{"allow":["GET"]}}],"collection":[{"href":"https:\/\/sportseco.com\/index.php?rest_route=\/wp\/v2\/posts"}],"about":[{"href":"https:\/\/sportseco.com\/index.php?rest_route=\/wp\/v2\/types\/post"}],"author":[{"embeddable":true,"href":"https:\/\/sportseco.com\/index.php?rest_route=\/wp\/v2\/users\/1"}],"replies":[{"embeddable":true,"href":"https:\/\/sportseco.com\/index.php?rest_route=%2Fwp%2Fv2%2Fcomments&post=171380"}],"version-history":[{"count":1,"href":"https:\/\/sportseco.com\/index.php?rest_route=\/wp\/v2\/posts\/171380\/revisions"}],"predecessor-version":[{"id":171382,"href":"https:\/\/sportseco.com\/index.php?rest_route=\/wp\/v2\/posts\/171380\/revisions\/171382"}],"wp:featuredmedia":[{"embeddable":true,"href":"https:\/\/sportseco.com\/index.php?rest_route=\/wp\/v2\/media\/171381"}],"wp:attachment":[{"href":"https:\/\/sportseco.com\/index.php?rest_route=%2Fwp%2Fv2%2Fmedia&parent=171380"}],"wp:term":[{"taxonomy":"category","embeddable":true,"href":"https:\/\/sportseco.com\/index.php?rest_route=%2Fwp%2Fv2%2Fcategories&post=171380"},{"taxonomy":"post_tag","embeddable":true,"href":"https:\/\/sportseco.com\/index.php?rest_route=%2Fwp%2Fv2%2Ftags&post=171380"}],"curies":[{"name":"wp","href":"https:\/\/api.w.org\/{rel}","templated":true}]}}