{"id":171383,"date":"2024-08-25T12:17:43","date_gmt":"2024-08-25T16:17:43","guid":{"rendered":"https:\/\/sportseco.com\/?p=171383"},"modified":"2024-08-25T12:17:47","modified_gmt":"2024-08-25T16:17:47","slug":"adam-yates-a-lo-campeon-en-granada","status":"publish","type":"post","link":"https:\/\/sportseco.com\/?p=171383","title":{"rendered":"Adam Yates, a lo campe\u00f3n en Granada"},"content":{"rendered":"\n<p>La Vuelta 2024&nbsp;|&nbsp;Etapa 9&nbsp;|&nbsp;Motril &gt; Granada<\/p>\n\n\n\n<p><strong>Adam Yates (UAE Team Emirates) ha firmado una exhibici\u00f3n para el recuerdo en la 9\u00aa etapa de La Vuelta 24, en la que el brit\u00e1nico ha sido protagonista de una poderosa aventura en solitario de 58 kil\u00f3metros por las monta\u00f1as de Sierra Nevada para sumar su segunda victoria en una Gran Vuelta despu\u00e9s de la conseguida en el Tour de Francia del pasado a\u00f1o. Richard Carapaz (EF Education-EasyPost) ha sido el otro gran nombre de la jornada, con un arriesgado movimiento a 90 kil\u00f3metros de meta que le ha alzado en la tercera posici\u00f3n de la clasificaci\u00f3n general antes del d\u00eda de descanso. Ben O\u2019Connor (Decathlon-Ag2r La Mondiale) volar\u00e1 a Galicia con 3\u201953\u201d de renta sobre Primoz Roglic (Red Bull-Bora-Hansgrohe) y 4\u201932\u201d sobre el ecuatoriano, que con su ataque de larga distancia ha dejado sin premio a un combativo Enric Mas (Movistar Team).<\/strong><\/p>\n\n\n\n<p><br \/>166 corredores han tomado la salida de esta 9\u00aa etapa Motril, preparados para afrontar la que era considerada como una de las etapas reinas de esta edici\u00f3n con tres puertos de 1\u00aa categor\u00eda en las monta\u00f1as granadinas: un ascenso al Alto de El Purche y dos al Alto de Hazallanas.<\/p>\n\n\n\n<p>Pr\u00e1cticamente desde los primeros compases de la etapa, nombre importantes como los de Wout Van Aert (Visma-Lease a Bike) han saltado del pelot\u00f3n en busca de una fuga de calidad, a la que se han ido sumando corredores hasta llegar a un grupo de 26 ciclistas con algunas potenciales amenazas para la clasificaci\u00f3n general como David Gaudu (Groupama-FDJ), Adam Yates (UAE Team Emirates) o un Max Poole (Team DSM-firmenich PostNL) que ha sido el \u00faltimo en llegar a cabeza en el kil\u00f3metro 25 de etapa, ayudado por su compa\u00f1ero Gijs Leemreize.<\/p>\n\n\n\n<p><strong>Carapaz, una gesta por el podio<\/strong><\/p>\n\n\n\n<p>UAE Team Emirates era el gran interesado en aumentar la ventaja de la fuga por los intereses de su l\u00edder Adam Yates, m\u00e1s despu\u00e9s de haber perdido al portugu\u00e9s Joao Almeida. Marc Soler ha dejado el grupo en solamente ocho unidades en la subida al Alto de El Purche, el primero de los puertos de 1\u00aa categor\u00eda de la jornada, donde tambi\u00e9n se han roto las hostilidades en el pelot\u00f3n. Richard Carapaz (EF Education-EasyPost), que ha saltado del grupo de favoritos a pr\u00e1cticamente 90 kil\u00f3metros de la l\u00ednea de meta y ha recuperado 2 minutos y medio sobre el pelot\u00f3n en la subida al Purche, que se coronaba a 81,3 kil\u00f3metros de la l\u00ednea de meta.<\/p>\n\n\n\n<p>Despu\u00e9s del trabajo del catal\u00e1n y del de Jay Vine en las primeras rampas del Alto de Hazallanas, Adam Yates (UAE Team Emirates) se ha marchado en solitario a 58 kil\u00f3metros para la l\u00ednea de meta en busca de un triunfo de etapa \u00e9pico, en un movimiento que nadie ha podido seguir. El otro gran nombre del d\u00eda era el de Richard Carapaz, que ha llegado a la altura del grupo perseguidor en el inicio del descenso del primer paso por Hazallanas, despu\u00e9s de la colaboraci\u00f3n de sus compa\u00f1eros James Shaw y Darren Rafferty. Finalmente, el ecuatoriano se ha ido en solitario del grupo perseguidor dejando atr\u00e1s a David Gaudu en las primeras rampas de la \u00faltima subida a Hazallanas, a 29 kil\u00f3metros de meta, y ha llegado a la meta de Granada a 1\u201939\u201d sobre el brit\u00e1nico y a 3\u201945\u201d sobre el grupo de favoritos, encabezado por el mismo l\u00edder Ben O\u2019Connor (Decathlon-Ag2r La Mondiale). El grupo de La Roja ha neutralizado en las calles de Granada a un Enric Mas (Movistar Team) que con un valiente ataque en las rampas de Hazallanas hab\u00eda conseguido m\u00e1s de un minuto de renta sobre sus rivales, pero que finalmente ha pasado al cuarto puesto en la clasificaci\u00f3n general ante la gesta de Carapaz.<\/p>\n\n\n\n<p>De esta manera, La Vuelta 24 llega encendida al primer d\u00eda de descanso de la carrera, que se retomar\u00e1 el martes con una exigente jornada de media monta\u00f1a entre Ponteareas y Baiona, con 4 puertos puntuables en sus 159,6 kil\u00f3metros de recorrido.<\/p>\n\n\n\n<figure class=\"wp-block-image\"><a href=\"https:\/\/img.aso.fr\/core_app\/img-cycling-vue-jpg\/header-hp-stage-9\/22708\/0:0,2000:890-1200-0-70\/44739\"><img decoding=\"async\" src=\"https:\/\/img.aso.fr\/core_app\/img-cycling-vue-jpg\/header-hp-stage-9\/22708\/0:0,2000:890-2400-0-70\/2bd30\" alt=\"\"\/><\/a><\/figure>\n\n\n\n<p>lavuelta.es<\/p>\n","protected":false},"excerpt":{"rendered":"<p>La Vuelta 2024&nbsp;|&nbsp;Etapa 9&nbsp;|&nbsp;Motril &gt; Granada Adam Yates (UAE Team Emirates) ha firmado una exhibici\u00f3n para el recuerdo en la 9\u00aa etapa de La Vuelta 24, en la que el brit\u00e1nico ha sido protagonista de una poderosa aventura en solitario de 58 kil\u00f3metros por las monta\u00f1as de Sierra Nevada para sumar su segunda victoria en [&hellip;]<\/p>\n","protected":false},"author":1,"featured_media":171384,"comment_status":"closed","ping_status":"closed","sticky":false,"template":"","format":"standard","meta":{"_acf_changed":false,"_jetpack_memberships_contains_paid_content":false,"footnotes":"","jetpack_publicize_message":"","jetpack_publicize_feature_enabled":true,"jetpack_social_post_already_shared":true,"jetpack_social_options":{"image_generator_settings":{"template":"highway","default_image_id":0,"font":"","enabled":false},"version":2}},"categories":[14],"tags":[],"class_list":["post-171383","post","type-post","status-publish","format-standard","has-post-thumbnail","hentry","category-ciclismo"],"acf":[],"jetpack_publicize_connections":[],"jetpack_featured_media_url":"https:\/\/i0.wp.com\/sportseco.com\/wp-content\/uploads\/2024\/08\/2bd30.jpeg?fit=2400%2C1068&ssl=1","jetpack_sharing_enabled":true,"_links":{"self":[{"href":"https:\/\/sportseco.com\/index.php?rest_route=\/wp\/v2\/posts\/171383","targetHints":{"allow":["GET"]}}],"collection":[{"href":"https:\/\/sportseco.com\/index.php?rest_route=\/wp\/v2\/posts"}],"about":[{"href":"https:\/\/sportseco.com\/index.php?rest_route=\/wp\/v2\/types\/post"}],"author":[{"embeddable":true,"href":"https:\/\/sportseco.com\/index.php?rest_route=\/wp\/v2\/users\/1"}],"replies":[{"embeddable":true,"href":"https:\/\/sportseco.com\/index.php?rest_route=%2Fwp%2Fv2%2Fcomments&post=171383"}],"version-history":[{"count":1,"href":"https:\/\/sportseco.com\/index.php?rest_route=\/wp\/v2\/posts\/171383\/revisions"}],"predecessor-version":[{"id":171385,"href":"https:\/\/sportseco.com\/index.php?rest_route=\/wp\/v2\/posts\/171383\/revisions\/171385"}],"wp:featuredmedia":[{"embeddable":true,"href":"https:\/\/sportseco.com\/index.php?rest_route=\/wp\/v2\/media\/171384"}],"wp:attachment":[{"href":"https:\/\/sportseco.com\/index.php?rest_route=%2Fwp%2Fv2%2Fmedia&parent=171383"}],"wp:term":[{"taxonomy":"category","embeddable":true,"href":"https:\/\/sportseco.com\/index.php?rest_route=%2Fwp%2Fv2%2Fcategories&post=171383"},{"taxonomy":"post_tag","embeddable":true,"href":"https:\/\/sportseco.com\/index.php?rest_route=%2Fwp%2Fv2%2Ftags&post=171383"}],"curies":[{"name":"wp","href":"https:\/\/api.w.org\/{rel}","templated":true}]}}