{"id":171386,"date":"2024-08-25T12:42:22","date_gmt":"2024-08-25T16:42:22","guid":{"rendered":"https:\/\/sportseco.com\/?p=171386"},"modified":"2024-08-25T12:42:27","modified_gmt":"2024-08-25T16:42:27","slug":"el-bayern-gana-en-un-emocionante-partido-en-wolfsburgo","status":"publish","type":"post","link":"https:\/\/sportseco.com\/?p=171386","title":{"rendered":"El Bayern gana en un emocionante partido en Wolfsburgo"},"content":{"rendered":"\n<ul class=\"wp-block-list\">\n<li><strong>Victoria\u00a0<\/strong><strong>en el arranque de la Bundesliga<\/strong><\/li>\n\n\n\n<li><strong>Emocionante partido<\/strong><\/li>\n\n\n\n<li><strong>Hito para M\u00fcller<\/strong><\/li>\n<\/ul>\n\n\n\n<p>\u00a1Comienzo exitoso de la nueva temporada de la Bundesliga! El FC Bayern celebr\u00f3 una emocionante victoria por 2-3 (0-1) en su visita al VfL Wolfsburg el domingo por la tarde.&nbsp;<a href=\"https:\/\/fcbayern.com\/es\/teams\/first-team\/jamal-musiala\">Jamal Musiala<\/a>&nbsp;abri\u00f3 el marcador para los muniqueses en el minuto 19. El VfL decant\u00f3 el partido a su favor tras el descanso con un doblete de Lovro Majer (47\/55&#8242;). El Bayern, sin embargo, hizo gala de una gran fuerza de voluntad y as\u00ed logr\u00f3 la victoria. Un gol en propia meta de Jakub Kaminski empat\u00f3 en el minuto 66. En el minuto 82,&nbsp;<a href=\"https:\/\/fcbayern.com\/es\/teams\/first-team\/serge-gnabry\">Serge Gnabry<\/a>&nbsp;hizo celebrar a los campeones r\u00e9cord alemanaes con el gol que supuso el 2-3 definitivo.<\/p>\n\n\n\n<p><em>Thomas M\u00fcller logr\u00f3 dos hitos en Wolfsburgo:<\/em><\/p>\n\n\n\n<p><a href=\"https:\/\/fcbayern.com\/es\/noticias\/2024\/08\/record-igualado-mueller-juega-su-709-partido-oficial\"><\/a><\/p>\n\n\n\n<p><a href=\"https:\/\/fcbayern.com\/es\/noticias\/2024\/08\/record-igualado-mueller-juega-su-709-partido-oficial\"><\/a><\/p>\n\n\n\n<p><a href=\"https:\/\/fcbayern.com\/es\/noticias\/2024\/08\/record-igualado-mueller-juega-su-709-partido-oficial\"><\/a><\/p>\n\n\n\n<figure class=\"wp-block-image\"><a href=\"https:\/\/fcbayern.com\/es\/noticias\/2024\/08\/record-igualado-mueller-juega-su-709-partido-oficial\"><img data-recalc-dims=\"1\" decoding=\"async\" src=\"https:\/\/i0.wp.com\/img.fcbayern.com\/image\/upload\/t_cms-16x9\/f_auto\/w_1600%2Cc_fill\/q_auto\/v1724493262\/cms\/public\/images\/fcbayern-com\/homepage\/Saison-24-25\/Spieler\/Mueller\/240825-thomas-mueller-mel.jpg?w=640&#038;ssl=1\" alt=\"Thomas M\u00fcller celebra FC Bayern\" title=\"\"\/><\/a><\/figure>\n\n\n\n<p><a href=\"https:\/\/fcbayern.com\/es\/noticias\/2024\/08\/record-igualado-mueller-juega-su-709-partido-oficial\"><\/a><\/p>\n\n\n\n<h3 class=\"wp-block-heading\"><a href=\"https:\/\/fcbayern.com\/es\/noticias\/2024\/08\/record-igualado-mueller-juega-su-709-partido-oficial\">R\u00e9cord igualado: M\u00fcller disputa su 709\u00ba partido oficial<\/a><\/h3>\n\n\n\n<p><a href=\"https:\/\/fcbayern.com\/es\/teams\/first-team\/thomas-mueller\">Thomas M\u00fcller<\/a>&nbsp;salt\u00f3 al campo en el minuto 65 y jug\u00f3 as\u00ed su partido oficial n\u00famero 709 con el FC Bayern. El n\u00famero 25 igual\u00f3 as\u00ed a la leyenda de la porter\u00eda Sepp Maier. Al mismo tiempo, el de 34 a\u00f1os es ahora el \u00fanico jugador r\u00e9cord del FCB en la Bundesliga.<\/p>\n\n\n\n<p><em>Hemos resumido los mejores momentos del partido:<\/em><\/p>\n\n\n\n<h2 class=\"wp-block-heading\">Minuto 9\/11\/13: Gnabry, Kane y Kimmich fallan ante Grabara<\/h2>\n\n\n\n<figure class=\"wp-block-image\"><img data-recalc-dims=\"1\" decoding=\"async\" src=\"https:\/\/i0.wp.com\/img.fcbayern.com\/image\/upload\/t_cms-16x9\/f_auto\/w_1600%2Cc_fill\/q_auto\/v1724594999\/cms\/public\/images\/fcbayern-com\/homepage\/Saison-24-25\/Galerien\/Spiele\/wolfsburg-fcb\/05-fcbayern-wolfsburg-240825-get.jpg?w=640&#038;ssl=1\" alt=\"Jugada partido Bundesliga VfL Wolfsburg vs. FC Bayern\" title=\"\"\/><\/figure>\n\n\n\n<p>Las cosas empezaron muy activas, sin mucho tanteo. El Bayern tom\u00f3 el control y cre\u00f3 sus primeras buenas ocasiones. Serge Gnabry (minuto 9) y&nbsp;<a href=\"https:\/\/fcbayern.com\/es\/teams\/first-team\/harry-kane\">Harry Kane<\/a>&nbsp;(11) no lograron batir a Kamil Grabara con poco \u00e1ngulo. En el minuto 13, el guardameta del VfL salv\u00f3 un cabezazo de&nbsp;<a href=\"https:\/\/fcbayern.com\/es\/teams\/first-team\/joshua-kimmich\">Joshua Kimmich<\/a>&nbsp;tras un centro del nuevo fichaje del FCB&nbsp;<a href=\"https:\/\/fcbayern.com\/es\/teams\/first-team\/michael-olise\">Michael Olise<\/a>.<\/p>\n\n\n\n<h2 class=\"wp-block-heading\">Minuto 19: Musiala marca tras gran jugada de Boey<\/h2>\n\n\n\n<figure class=\"wp-block-image\"><img data-recalc-dims=\"1\" decoding=\"async\" src=\"https:\/\/i0.wp.com\/img.fcbayern.com\/image\/upload\/t_cms-16x9\/f_auto\/w_1600%2Cc_fill\/q_auto\/v1724595020\/cms\/public\/images\/fcbayern-com\/homepage\/Saison-24-25\/Galerien\/Spiele\/wolfsburg-fcb\/06-fcbayern-wolfsburg-240825-mel.jpg?w=640&#038;ssl=1\" alt=\"Jugada partido Bundesliga VfL Wolfsburg vs. FC Bayern\" title=\"\"\/><\/figure>\n\n\n\n<p>S\u00ed, \u00a1ventaja para el FCB! Tras una r\u00e1pida combinaci\u00f3n por la banda derecha a trav\u00e9s de Olise y Kane, Sacha Boey regate\u00f3 con fuerza hacia la l\u00ednea de fondo, dej\u00f3 parado a su adversario Jakub Kaminski y centr\u00f3 al interiro del \u00e1rea. All\u00ed, Musiala empuj\u00f3 el bal\u00f3n sobre la l\u00ednea para hacer el 0-1.<\/p>\n\n\n\n<h2 class=\"wp-block-heading\">Minuto 37\/42: Doble ocasi\u00f3n para Gnabry<\/h2>\n\n\n\n<figure class=\"wp-block-image\"><img data-recalc-dims=\"1\" decoding=\"async\" src=\"https:\/\/i0.wp.com\/img.fcbayern.com\/image\/upload\/t_cms-16x9\/f_auto\/w_1600%2Cc_fill\/q_auto\/v1724596118\/cms\/public\/images\/fcbayern-com\/homepage\/Saison-24-25\/Galerien\/Spiele\/wolfsburg-fcb\/12-fcbayern-wolfsburg-240825-mel.jpg?w=640&#038;ssl=1\" alt=\"Jugada partido Bundesliga VfL Wolfsburg vs. FC Bayern\" title=\"\"\/><\/figure>\n\n\n\n<p>Gnabry tuvo el 0-2 en sus pies en el minuto 37. Tras un saque de falta de Olise, el n\u00famero siete tuvo libertad para disparar desde siete metros, pero no golpe\u00f3 bien el bal\u00f3n, lo que permiti\u00f3 a Grabara realizar la parada. Cinco minutos m\u00e1s tarde, Gnabry dispuso de un disparo desde la izquierda, pero se fue desviado.&nbsp;<\/p>\n\n\n\n<h2 class=\"wp-block-heading\">Minuto 47: Majer marca de penalti<\/h2>\n\n\n\n<figure class=\"wp-block-image\"><img data-recalc-dims=\"1\" decoding=\"async\" src=\"https:\/\/i0.wp.com\/img.fcbayern.com\/image\/upload\/t_cms-16x9\/f_auto\/w_1600%2Cc_fill\/q_auto\/v1724598230\/cms\/public\/images\/fcbayern-com\/homepage\/Saison-24-25\/Galerien\/Spiele\/wolfsburg-fcb\/13-fcbayern-wolfsburg-240825-mel.jpg?w=640&#038;ssl=1\" alt=\"Jugada partido Bundesliga VfL Wolfsburg vs. FC Bayern\" title=\"\"\/><\/figure>\n\n\n\n<p>El Wolfsburgo empat\u00f3 poco despu\u00e9s del descanso. Tras una falta de Boey sobre Tiago Tomas, los locales dispusieron de un penalti. Majer lo transform\u00f3 en el moment\u00e1neo 1-1.<\/p>\n\n\n\n<h2 class=\"wp-block-heading\">Minuto 55: Majer hace el 2-1<\/h2>\n\n\n\n<figure class=\"wp-block-image\"><img data-recalc-dims=\"1\" decoding=\"async\" src=\"https:\/\/i0.wp.com\/img.fcbayern.com\/image\/upload\/t_cms-16x9\/f_auto\/w_1600%2Cc_fill\/q_auto\/v1724597390\/cms\/public\/images\/fcbayern-com\/homepage\/Saison-24-25\/Galerien\/Spiele\/wolfsburg-fcb\/14-fcbayern-wolfsburg-240825-mel.jpg?w=640&#038;ssl=1\" alt=\"Jugada partido Bundesliga VfL Wolfsburg vs. FC Bayern\" title=\"\"\/><\/figure>\n\n\n\n<p>El Wolfsburgo dio la vuelta al partido en el minuto 55. Patrick Wimmer gan\u00f3 el bal\u00f3n a Minjae Kim y corri\u00f3 hacia la porter\u00eda. El jugador del Wolfsburgo centr\u00f3 para Majer, que marc\u00f3 el 2-1 para los locales. Antes, Majer hab\u00eda estrellado un disparo en el poste.&nbsp;<\/p>\n\n\n\n<h2 class=\"wp-block-heading\">Minuto 66: Gol en propia puerta de Kaminski para el empate<\/h2>\n\n\n\n<figure class=\"wp-block-image\"><img data-recalc-dims=\"1\" decoding=\"async\" src=\"https:\/\/i0.wp.com\/img.fcbayern.com\/image\/upload\/t_cms-16x9\/f_auto\/w_1600%2Cc_fill\/q_auto\/v1724598244\/cms\/public\/images\/fcbayern-com\/homepage\/Saison-24-25\/Galerien\/Spiele\/wolfsburg-fcb\/16-fcbayern-wolfsburg-240825-get.jpg?w=640&#038;ssl=1\" alt=\"Jugada partido Bundesliga VfL Wolfsburg vs. FC Bayern\" title=\"\"\/><\/figure>\n\n\n\n<p>Tras el doble rev\u00e9s, el conjunto muniqu\u00e9s se sacudi\u00f3 y empat\u00f3 en el minuto 65. Tras un saque de esquina, Kane se elev\u00f3 en el segundo palo y cabece\u00f3 el bal\u00f3n hacia la porter\u00eda. El bal\u00f3n se desvi\u00f3 en Kaminski, defensa del VfL, y aterriz\u00f3 en la red para hacer el 2-2.<\/p>\n\n\n\n<h2 class=\"wp-block-heading\">Minuto 82: GOOOOOOOL de Gnabry para el 2-3<\/h2>\n\n\n\n<figure class=\"wp-block-image\"><img data-recalc-dims=\"1\" decoding=\"async\" src=\"https:\/\/i0.wp.com\/img.fcbayern.com\/image\/upload\/t_cms-16x9\/f_auto\/w_1600%2Cc_fill\/q_auto\/v1724599159\/cms\/public\/images\/fcbayern-com\/homepage\/Saison-24-25\/Galerien\/Spiele\/wolfsburg-fcb\/19-fcbayern-wolfsburg-240825-mel.jpg?w=640&#038;ssl=1\" alt=\"19-fcbayern-wolfsburg-240825-mel\" title=\"\"\/><\/figure>\n\n\n\n<p>\u00a1SIIIII\u00cd! \u00a13-2 para el Bayern!\u00a0<a href=\"https:\/\/fcbayern.com\/es\/teams\/first-team\/aleksandar-pavlovic\">Aleksandar Pavlovi\u0107<\/a>\u00a0toc\u00f3 en vertical para M\u00fcller, que aguant\u00f3 y pas\u00f3 a Kane. El n\u00famero nueve envi\u00f3 a Gnabry, que remat\u00f3 con frialdad a la esquina con poco \u00e1ngulo. Antes, un disparo de Kane ya hab\u00eda sido bloqueado por Kaminski en el \u00faltimo momento (80&#8242;). En una emocionante fase final, el FCB consigui\u00f3 una ajustada pero merecida victoria.<\/p>\n\n\n\n<p><\/p>\n\n\n\n<p>fcbayern.com<\/p>\n","protected":false},"excerpt":{"rendered":"<p>\u00a1Comienzo exitoso de la nueva temporada de la Bundesliga! El FC Bayern celebr\u00f3 una emocionante victoria por 2-3 (0-1) en su visita al VfL Wolfsburg el domingo por la tarde.&nbsp;Jamal Musiala&nbsp;abri\u00f3 el marcador para los muniqueses en el minuto 19. El VfL decant\u00f3 el partido a su favor tras el descanso con un doblete de [&hellip;]<\/p>\n","protected":false},"author":1,"featured_media":171387,"comment_status":"closed","ping_status":"closed","sticky":false,"template":"","format":"standard","meta":{"_acf_changed":false,"_jetpack_memberships_contains_paid_content":false,"footnotes":"","jetpack_publicize_message":"","jetpack_publicize_feature_enabled":true,"jetpack_social_post_already_shared":true,"jetpack_social_options":{"image_generator_settings":{"template":"highway","default_image_id":0,"font":"","enabled":false},"version":2}},"categories":[5],"tags":[],"class_list":["post-171386","post","type-post","status-publish","format-standard","has-post-thumbnail","hentry","category-futbol"],"acf":[],"jetpack_publicize_connections":[],"jetpack_featured_media_url":"https:\/\/sportseco.com\/wp-content\/uploads\/2024\/08\/07-fcbayern-wolfsburg-240825-mel.avif","jetpack_sharing_enabled":true,"_links":{"self":[{"href":"https:\/\/sportseco.com\/index.php?rest_route=\/wp\/v2\/posts\/171386","targetHints":{"allow":["GET"]}}],"collection":[{"href":"https:\/\/sportseco.com\/index.php?rest_route=\/wp\/v2\/posts"}],"about":[{"href":"https:\/\/sportseco.com\/index.php?rest_route=\/wp\/v2\/types\/post"}],"author":[{"embeddable":true,"href":"https:\/\/sportseco.com\/index.php?rest_route=\/wp\/v2\/users\/1"}],"replies":[{"embeddable":true,"href":"https:\/\/sportseco.com\/index.php?rest_route=%2Fwp%2Fv2%2Fcomments&post=171386"}],"version-history":[{"count":1,"href":"https:\/\/sportseco.com\/index.php?rest_route=\/wp\/v2\/posts\/171386\/revisions"}],"predecessor-version":[{"id":171388,"href":"https:\/\/sportseco.com\/index.php?rest_route=\/wp\/v2\/posts\/171386\/revisions\/171388"}],"wp:featuredmedia":[{"embeddable":true,"href":"https:\/\/sportseco.com\/index.php?rest_route=\/wp\/v2\/media\/171387"}],"wp:attachment":[{"href":"https:\/\/sportseco.com\/index.php?rest_route=%2Fwp%2Fv2%2Fmedia&parent=171386"}],"wp:term":[{"taxonomy":"category","embeddable":true,"href":"https:\/\/sportseco.com\/index.php?rest_route=%2Fwp%2Fv2%2Fcategories&post=171386"},{"taxonomy":"post_tag","embeddable":true,"href":"https:\/\/sportseco.com\/index.php?rest_route=%2Fwp%2Fv2%2Ftags&post=171386"}],"curies":[{"name":"wp","href":"https:\/\/api.w.org\/{rel}","templated":true}]}}