{"id":171416,"date":"2024-08-25T20:34:28","date_gmt":"2024-08-26T00:34:28","guid":{"rendered":"https:\/\/sportseco.com\/?p=171416"},"modified":"2024-08-25T20:34:33","modified_gmt":"2024-08-26T00:34:33","slug":"copa-mundial-femenina-de-la-fifa-2024-18-selecciones-ya-estan-en-colombia-video","status":"publish","type":"post","link":"https:\/\/sportseco.com\/?p=171416","title":{"rendered":"Copa Mundial Femenina de la FIFA 2024: 18 Selecciones ya est\u00e1n en Colombia. Video"},"content":{"rendered":"\n<p>La&nbsp;<strong>cuenta regresiva de la Copa Mundial Femenina de la FIFA 2024 sigue corriendo.<\/strong>&nbsp;Faltan&nbsp;<strong>seis d\u00edas&nbsp;<\/strong>para que los hinchas del f\u00fatbol femenino vean rodar el bal\u00f3n en Bogot\u00e1, Cali y Medell\u00edn.<\/p>\n\n\n\n<p>En la antesala de este gran evento,&nbsp;<strong>18 selecciones de las 24 participantes ya han hecho su arribo a nuestro pa\u00eds.&nbsp;<\/strong>Camer\u00fan, Nigeria, Espa\u00f1a, Rep\u00fablica de Corea, M\u00e9xico, Venezuela, Estados Unidos, Jap\u00f3n, Nueva Zelanda, Austria, Alemania, Australia, Pa\u00edses Bajos, Paraguay, Corea del Norte, Brasil, Ghana y Francia llegaron a las ciudades anfitrionas.<\/p>\n\n\n\n<p>Las&nbsp;<strong>mundialistas fueron acogidas al ritmo de cumbia y salsa, tambi\u00e9n recibieron algunos detalles conmemorativos<\/strong>&nbsp;como flores o caf\u00e9.<\/p>\n\n\n\n<p>La&nbsp;<strong>fiesta ya empez\u00f3 y se espera la llegada de<\/strong>: Fiji, Marruecos, Argentina, Costa Rica y Canad\u00e1.<\/p>\n\n\n\n<p>A continuaci\u00f3n,&nbsp;<strong>recordamos el calendario de la cita orbital:<\/strong><\/p>\n\n\n\n<p><strong>Calendario general:<\/strong><\/p>\n\n\n\n<p><strong>S\u00e1bado 31 de agosto<\/strong><\/p>\n\n\n\n<ul class=\"wp-block-list\">\n<li>Camer\u00fan vs. M\u00e9xico \/ Hora: 15:00 \/ Estadio: El Camp\u00edn, Bogot\u00e1<\/li>\n\n\n\n<li>Francia vs. Canad\u00e1 \/ Hora: 15:00 \/ Estadio: Atanasio Girardot, Medell\u00edn<\/li>\n\n\n\n<li>Colombia vs. Australia \/ Hora: 18:00 \/ Estadio: El Camp\u00edn, Bogot\u00e1<\/li>\n\n\n\n<li>Brasil vs. Fiyi \/ Hora: 18:00 \/ Estadio: Atanasio Girardot, Medell\u00edn<\/li>\n<\/ul>\n\n\n\n<p><strong>Domingo 1 de septiembre<\/strong><\/p>\n\n\n\n<ul class=\"wp-block-list\">\n<li>Alemania, Venezuela \/ Hora: 15:00 \/ Estadio: El Techo, Bogot\u00e1<\/li>\n\n\n\n<li>Espa\u00f1a vs. Estados Unidos \/ Hora: 15:00 \/ Estadio: Pascual Guerrero, Cali<\/li>\n\n\n\n<li>Paraguay vs. Marruecos \/ Hora: 18:00 \/ Estadio: Pascual Guerrero, Cali<\/li>\n\n\n\n<li>Nigeria vs. Rep\u00fablica de Corea \/ Hora: 18:00 \/ Estadio: El Techo, Bogot\u00e1<\/li>\n<\/ul>\n\n\n\n<p><strong>Lunes 2 de septiembre<\/strong><\/p>\n\n\n\n<ul class=\"wp-block-list\">\n<li>Ghana vs. Austria \/ Hora: 17:00 \/ Estadio: El Techo, Bogot\u00e1<\/li>\n\n\n\n<li>RPD de Corea vs. Argentina \/ Hora: 17:00 \/ Estadio: Pascual Guerrero, Cali<\/li>\n\n\n\n<li>Costa Rica vs. Pa\u00edses Bajos \/ Hora: 20:00 \/ Estadio: Pascual Guerrero, Cali<\/li>\n\n\n\n<li>Jap\u00f3n vs. Nueva Zelanda \/ Hora: 20:00 \/ Estadio: El Techo, Bogot\u00e1<\/li>\n<\/ul>\n\n\n\n<p><strong>Martes 3 de septiembre<\/strong><\/p>\n\n\n\n<ul class=\"wp-block-list\">\n<li>M\u00e9xico vs. Austria \/ Hora: 17:00 \/ Estadio:\u00a0 El Camp\u00edn, Bogot\u00e1<\/li>\n\n\n\n<li>Francia vs. Brasil \/ Hora: 17:00 \/ Estadio: Atanasio Girardot, Medell\u00edn<\/li>\n\n\n\n<li>Fiyi vs. Canad\u00e1 \/ Hora: 20:00 \/ Estadio:Atanasio Girardot, Medell\u00edn<\/li>\n\n\n\n<li>Colombia vs. Camer\u00fan \/ Hora: 20:00 \/ Estadio: El Camp\u00edn, Bogot\u00e1<\/li>\n<\/ul>\n\n\n\n<p><strong>Mi\u00e9rcoles 4 de septiembre<\/strong><\/p>\n\n\n\n<ul class=\"wp-block-list\">\n<li>Alemania vs. Nigeria \/ Hora: 17:00 \/ Estadio: El Techo, Bogot\u00e1\u00a0<\/li>\n\n\n\n<li>Espa\u00f1a vs. Paraguay \/ Hora: 17:00 \/ Estadio: Pascual Guerrero, Cali<\/li>\n\n\n\n<li>Marruecos vs. Estados Unidos \/ Hora: 20:00 \/ Estadio: Pascual Guerrero, Cali<\/li>\n\n\n\n<li>Rep\u00fablica de Corea vs. Venezuela \/ Hora: 20:00 \/ Estadio: El Techo, Bogot\u00e1<\/li>\n<\/ul>\n\n\n\n<p><strong>Jueves 5 de septiembre<\/strong><\/p>\n\n\n\n<ul class=\"wp-block-list\">\n<li>Jap\u00f3n vs. Ghana \/ Hora: 17:00 \/ Estadio: El Techo, Bogot\u00e1<\/li>\n\n\n\n<li>RPD de Corea vs. Costa Rica \/ Hora: 17:00 \/ Estadio: Pascual Guerrero, Cali<\/li>\n\n\n\n<li>Austria vs. Nueva Zelanda \/ Hora: 20:00 \/ Estadio: El Techo, Bogot\u00e1<\/li>\n\n\n\n<li>Pa\u00edses Bajos vs. Argentina \/ Hora: 20:00 \/ Estadio: Pascual Guerrero, Cali<\/li>\n<\/ul>\n\n\n\n<p><strong>Viernes 6 de septiembre<\/strong><\/p>\n\n\n\n<ul class=\"wp-block-list\">\n<li>Canad\u00e1 vs. Brasil \/ Hora: 17:00 \/ Estadio: El Camp\u00edn, Bogot\u00e1<\/li>\n\n\n\n<li>Fiyi vs. Francia \/ Hora: 17:00 \/ Estadio: Atanasio Girardot, Medell\u00edn<\/li>\n\n\n\n<li>M\u00e9xico vs. Colombia \/ Hora: 17:00 \/ Estadio: Atanasio Girardot, Medell\u00edn<\/li>\n\n\n\n<li>Australia vs. Camer\u00fan \/ Hora: 20:00 \/ Estadio: El Camp\u00edn, Bogot\u00e1<\/li>\n<\/ul>\n\n\n\n<p><strong>S\u00e1bado 7 de septiembre<\/strong><\/p>\n\n\n\n<ul class=\"wp-block-list\">\n<li>Rep\u00fablica de Corea vs. Alemania \/ Hora: 15:00 \/ Estadio: El Techo, Bogot\u00e1<\/li>\n\n\n\n<li>Venezuela vs. Nigeria \/ Hora: 15:00 \/ Estadio: Pascual Guerrero, Cali<\/li>\n\n\n\n<li>Estados Unidos vs. Paraguay \/ Hora: 18:00 \/ Estadio: El Techo, Bogot\u00e1<\/li>\n\n\n\n<li>Marruecos vs. Espa\u00f1a \/ Hora: 18:00 \/ Estadio: Pascual Guerrero, Cali<\/li>\n<\/ul>\n\n\n\n<p><strong>Domingo 8 de septiembre<\/strong><\/p>\n\n\n\n<ul class=\"wp-block-list\">\n<li>Argentina vs. Costa Rica \/ Hora: 15:00 \/ Estadio: El Techo, Bogot\u00e1<\/li>\n\n\n\n<li>Pa\u00edses Bajos vs. RPD de Corea \/ Hora: 15:00 \/ Estadio: Pascual Guerrero, Cali<\/li>\n\n\n\n<li>Austria vs. Jap\u00f3n \/ Hora: 18:00 \/ Estadio: El Techo, Bogot\u00e1<\/li>\n\n\n\n<li>Nueva Zelanda vs. Ghana \/ Hora: 18:00 \/ Estadio: Pascual Guerrero, Cali<\/li>\n<\/ul>\n\n\n\n<p><strong>Octavos de final<\/strong><\/p>\n\n\n\n<p><strong>Mi\u00e9rcoles 11 de septiembre<\/strong><\/p>\n\n\n\n<ul class=\"wp-block-list\">\n<li>(38) 1B vs. 3 A\/C\/D \/ Hora: 16:30 \/ Estadio: El Camp\u00edn, Bogot\u00e1<\/li>\n\n\n\n<li>(42) 1C vs. 3A\/B\/F \/ Hora: 16:30 \/ Estadio: Pascual Guerrero, Cali<\/li>\n\n\n\n<li>(37) 2A vs. 2C \/ Hora: 20:00 \/ Estadio: El Camp\u00edn, Bogot\u00e1<\/li>\n\n\n\n<li>(41) 1A vs. 3 C\/D\/E \/ Hora: 20:00 \/ Estadio: Pascual Guerrero, Cali<\/li>\n<\/ul>\n\n\n\n<p><strong>Jueves 12 septiembre<\/strong><\/p>\n\n\n\n<ul class=\"wp-block-list\">\n<li>(40) 1D vs. 3 B\/E\/F \/ Hora: 16:30 \/ Estadio: El Techo, Bogot\u00e1<\/li>\n\n\n\n<li>(44) 1F vs. 2E \/ Hora: 16:30 \/ Estadio: Atanasio Girardot, Medell\u00edn<\/li>\n\n\n\n<li>(39) 1F vs. 2D \/ Hora: 20:00 \/ Estadio: El Techo, Bogot\u00e1<\/li>\n\n\n\n<li>(43) 2B vs. 2F \/ Hora: 20:00 \/ Estadio: Atanasio Girardot, Medell\u00edn<\/li>\n<\/ul>\n\n\n\n<p><strong>Cuartos de final<\/strong><\/p>\n\n\n\n<p><strong>Domingo 15 de septiembre<\/strong><\/p>\n\n\n\n<ul class=\"wp-block-list\">\n<li>(48) G43 vs. G41 \/ Hora: 14:30 \/ Estadio: Pascual Guerrero, Cali<\/li>\n\n\n\n<li>(46) G38 vs. G44 \/ Hora: 14:30 \/ Estadio: Atanasio Girardot, Medell\u00edn<\/li>\n\n\n\n<li>(45) G37 vs. G40 \/ Hora: 18:00 \/ Estadio: Pascual Guerrero, Cali<\/li>\n\n\n\n<li>(47) G39 vs. G42 \/ Hora: 18:00 \/ Estadio: Atanasio Girardot, Medell\u00edn<\/li>\n<\/ul>\n\n\n\n<p><strong>Semifinales<\/strong><\/p>\n\n\n\n<p><strong>Mi\u00e9rcoles 18 de septiembre<\/strong><\/p>\n\n\n\n<ul class=\"wp-block-list\">\n<li>G45 vs. G46 \/ Hora: 16:30 \/ Estadio: Pascual Guerrero, Cali<\/li>\n\n\n\n<li>G47 vs. G48 \/ Hora: 20:00 \/ Estadio: Pascual Guerrero, Cali<\/li>\n<\/ul>\n\n\n\n<p><strong>Tercer puesto<\/strong><\/p>\n\n\n\n<ul class=\"wp-block-list\">\n<li>S\u00e1bado 21 de septiembre \/ Hora: 16:00 \/ Estadio: El Camp\u00edn, Bogot\u00e1<\/li>\n<\/ul>\n\n\n\n<p><strong>Final<\/strong><\/p>\n\n\n\n<ul class=\"wp-block-list\">\n<li>Domingo 22 de septiembre \/ Hora: 16:00 \/ Estadio: El Camp\u00edn, Bogot\u00e1<\/li>\n<\/ul>\n\n\n\n<figure class=\"wp-block-embed is-type-video is-provider-youtube wp-block-embed-youtube wp-embed-aspect-16-9 wp-has-aspect-ratio\"><div class=\"wp-block-embed__wrapper\">\n<iframe loading=\"lazy\" title=\"Llegadas Selecciones Femeninas Sub-20 a Colombia - agosto 24\" width=\"640\" height=\"360\" src=\"https:\/\/www.youtube.com\/embed\/8_tLqRaVavk?feature=oembed\" frameborder=\"0\" allow=\"accelerometer; autoplay; clipboard-write; encrypted-media; gyroscope; picture-in-picture; web-share\" referrerpolicy=\"strict-origin-when-cross-origin\" allowfullscreen><\/iframe>\n<\/div><\/figure>\n\n\n\n<figure class=\"wp-block-embed is-type-rich is-provider-gestor-del-servicio wp-block-embed-gestor-del-servicio\"><div class=\"wp-block-embed__wrapper\">\nhttps:\/\/youtube.com\/watch?v=8_tLqRaVavk%3Ffeature%3Doembed\n<\/div><figcaption class=\"wp-element-caption\">fcf.com.co<\/figcaption><\/figure>\n","protected":false},"excerpt":{"rendered":"<p>La&nbsp;cuenta regresiva de la Copa Mundial Femenina de la FIFA 2024 sigue corriendo.&nbsp;Faltan&nbsp;seis d\u00edas&nbsp;para que los hinchas del f\u00fatbol femenino vean rodar el bal\u00f3n en Bogot\u00e1, Cali y Medell\u00edn. En la antesala de este gran evento,&nbsp;18 selecciones de las 24 participantes ya han hecho su arribo a nuestro pa\u00eds.&nbsp;Camer\u00fan, Nigeria, Espa\u00f1a, Rep\u00fablica de Corea, M\u00e9xico, [&hellip;]<\/p>\n","protected":false},"author":1,"featured_media":171418,"comment_status":"closed","ping_status":"closed","sticky":false,"template":"","format":"standard","meta":{"_acf_changed":false,"_jetpack_memberships_contains_paid_content":false,"footnotes":"","jetpack_publicize_message":"","jetpack_publicize_feature_enabled":true,"jetpack_social_post_already_shared":true,"jetpack_social_options":{"image_generator_settings":{"template":"highway","default_image_id":0,"font":"","enabled":false},"version":2}},"categories":[5],"tags":[],"class_list":["post-171416","post","type-post","status-publish","format-standard","has-post-thumbnail","hentry","category-futbol"],"acf":[],"jetpack_publicize_connections":[],"jetpack_featured_media_url":"https:\/\/i0.wp.com\/sportseco.com\/wp-content\/uploads\/2024\/08\/FCF8503-2048x1365-1.jpg?fit=2048%2C1365&ssl=1","jetpack_sharing_enabled":true,"_links":{"self":[{"href":"https:\/\/sportseco.com\/index.php?rest_route=\/wp\/v2\/posts\/171416","targetHints":{"allow":["GET"]}}],"collection":[{"href":"https:\/\/sportseco.com\/index.php?rest_route=\/wp\/v2\/posts"}],"about":[{"href":"https:\/\/sportseco.com\/index.php?rest_route=\/wp\/v2\/types\/post"}],"author":[{"embeddable":true,"href":"https:\/\/sportseco.com\/index.php?rest_route=\/wp\/v2\/users\/1"}],"replies":[{"embeddable":true,"href":"https:\/\/sportseco.com\/index.php?rest_route=%2Fwp%2Fv2%2Fcomments&post=171416"}],"version-history":[{"count":1,"href":"https:\/\/sportseco.com\/index.php?rest_route=\/wp\/v2\/posts\/171416\/revisions"}],"predecessor-version":[{"id":171419,"href":"https:\/\/sportseco.com\/index.php?rest_route=\/wp\/v2\/posts\/171416\/revisions\/171419"}],"wp:featuredmedia":[{"embeddable":true,"href":"https:\/\/sportseco.com\/index.php?rest_route=\/wp\/v2\/media\/171418"}],"wp:attachment":[{"href":"https:\/\/sportseco.com\/index.php?rest_route=%2Fwp%2Fv2%2Fmedia&parent=171416"}],"wp:term":[{"taxonomy":"category","embeddable":true,"href":"https:\/\/sportseco.com\/index.php?rest_route=%2Fwp%2Fv2%2Fcategories&post=171416"},{"taxonomy":"post_tag","embeddable":true,"href":"https:\/\/sportseco.com\/index.php?rest_route=%2Fwp%2Fv2%2Ftags&post=171416"}],"curies":[{"name":"wp","href":"https:\/\/api.w.org\/{rel}","templated":true}]}}