{"id":171430,"date":"2024-08-26T14:37:13","date_gmt":"2024-08-26T18:37:13","guid":{"rendered":"https:\/\/sportseco.com\/?p=171430"},"modified":"2024-08-26T14:37:16","modified_gmt":"2024-08-26T18:37:16","slug":"el-dagma-intensifica-las-acciones-de-capacitacion-y-socializacion-sobre-la-cop16-unas-7-000-personas-han-sido-impactadas-con-la-estrategia","status":"publish","type":"post","link":"https:\/\/sportseco.com\/?p=171430","title":{"rendered":"El Dagma intensifica las acciones de capacitaci\u00f3n y socializaci\u00f3n sobre la COP16: unas 7.000 personas han sido impactadas con la estrategia"},"content":{"rendered":"\n<ul class=\"wp-block-list\">\n<li><a href=\"https:\/\/www.cali.gov.co\/dagma\/publicaciones\/182591\/el-dagma-intensifica-las-acciones-de-capacitacion-y-socializacion-sobre-la-cop16-unas-7000-personas-han-sido-impactadas-con-la-estrategia\/#\"><\/a><\/li>\n\n\n\n<li><a href=\"https:\/\/www.cali.gov.co\/dagma\/publicaciones\/182591\/el-dagma-intensifica-las-acciones-de-capacitacion-y-socializacion-sobre-la-cop16-unas-7000-personas-han-sido-impactadas-con-la-estrategia\/#\"><\/a><\/li>\n<\/ul>\n\n\n\n<figure class=\"wp-block-image\"><img data-recalc-dims=\"1\" decoding=\"async\" src=\"https:\/\/i0.wp.com\/www.cali.gov.co\/dagma\/publicaciones\/182591\/el-dagma-intensifica-las-acciones-de-capacitacion-y-socializacion-sobre-la-cop16-unas-7000-personas-han-sido-impactadas-con-la-estrategia\/info\/principal\/media\/pubInt\/thumbs\/thpub_700X400_182591.jpg?w=640&#038;ssl=1\" alt=\"El Dagma intensifica las acciones de capacitaci\u00f3n y socializaci\u00f3n sobre la COP16: unas 7.000 personas han sido impactadas con la estrategia\"\/><\/figure>\n\n\n\n<p>La imagen corresponde a una capacitaci\u00f3n del Dagma durante una siembra en Cali.<\/p>\n\n\n\n<blockquote class=\"wp-block-quote is-layout-flow wp-block-quote-is-layout-flow\">\n<ul class=\"wp-block-list\">\n<li><em>A la fecha, el Departamento Administrativo de Gesti\u00f3n del Medio Ambiente ha capacitado a unas 7.000 personas para la COP16, entre ni\u00f1os y adultos.<\/em><\/li>\n<\/ul>\n\n\n\n<ul class=\"wp-block-list\">\n<li><em>En el marco de la socializaci\u00f3n COP16, se han visitado los 15 corregimientos de Cali.<\/em><br \/>\u00a0<\/li>\n<\/ul>\n<\/blockquote>\n\n\n\n<p><strong>Santiago de Cali, 26 de agosto de 2024<\/strong><br \/><br \/>En los \u00faltimos tres meses, personal del Departamento Administrativo de Gesti\u00f3n del Medio Ambiente (<em>Dagma<\/em>), ha intensificado las acciones de socializaci\u00f3n y capacitaci\u00f3n sobre la&nbsp;<em>COP16<\/em>, la cumbre mundial de biodiversidad que tendr\u00e1 como epicentro a Santiago de Cali (<em>octubre 21 a noviembre 1 de 2024<\/em>). A la fecha, se ha impactado a unas 7.000 personas, entre ni\u00f1os y adultos.<br \/><br \/>En ese sentido, inicialmente se desarroll\u00f3 una&nbsp;<em>campa\u00f1a de educaci\u00f3n ambiental<\/em>, abarcando instituciones educativas, comunas, entidades distritales, gremios y ciudadan\u00eda en general.&nbsp;<em>El objetivo:<\/em>&nbsp;que las personas conozcan cu\u00e1ndo se realizar\u00e1 este evento internacional; su importancia para la ciudad y el pa\u00eds; sus beneficios y la forma en que se puede participar, publicitando toda la oferta coordinada para la cumbre.<br \/><br \/>Adicionalmente, se han realizado&nbsp;<em>capacitaciones&nbsp;<\/em>en temas relacionados con el&nbsp;<em>cuidado del medio ambiente<\/em>&nbsp;como el manejo de residuos s\u00f3lidos, recurso h\u00eddrico, ac\u00fastica y educaci\u00f3n ambiental en general.<br \/><br \/>En trabajo conjunto con el&nbsp;<em>Vivero Municipal<\/em>&nbsp;del&nbsp;<em>Dagma<\/em>, se realizan jornadas de&nbsp;<em>intervenci\u00f3n ambiental<\/em>, especialmente en las instituciones educativas. Esto para incentivar a los estudiantes frente al cuidado del medio ambiente y por medio de siembras y embellecimiento de zonas verdes.<br \/><br \/>Seg\u00fan Olga Luc\u00eda Forero, coordinadora&nbsp;<em>COP16<\/em>&nbsp;del&nbsp;<em>Dagma<\/em>, el equipo capacitador visit\u00f3 los 15 corregimientos de Cali, realizando la socializaci\u00f3n de informaci\u00f3n acerca de la cumbre y en temas clave para el cuidado del medio ambiente.&nbsp;<em>\u201cSe entregaron plantas ornamentales para incentivar actividades de siembra y embellecimiento de las zonas. Asimismo, se ha venido socializando esta misma informaci\u00f3n a diferentes p\u00fablicos objetivos de la ciudad como el Ej\u00e9rcito y la Polic\u00eda Nacional, gremios como Asobares y Asopartes, en la Alcald\u00eda de Cali y la comunidad en general\u201d<\/em>, detall\u00f3.<\/p>\n\n\n\n<p>Recientemente, la estrategia&nbsp;<em>COP16<\/em>&nbsp;del&nbsp;<em>Dagma<\/em>&nbsp;tambi\u00e9n hizo presencia en el&nbsp;<em>Festival de M\u00fasica del Pac\u00edfico \u2018Petronio \u00c1lvarez\u2019<\/em>. All\u00ed se capacit\u00f3 a un gran n\u00famero de personas, invit\u00e1ndolas a participar en la convocatoria de la&nbsp;<em>Feria de Emprendimientos<\/em>&nbsp;y en la gran oferta cultural y acad\u00e9mica del evento.<\/p>\n\n\n\n<p>El Departamento Administrativo de Gesti\u00f3n del Medio Ambiente le dar\u00e1 continuidad a las jornadas de capacitaci\u00f3n en diferentes sectores y con grupos objetivos de la ciudad, especialmente en instituciones educativas. Para ello, se cuenta con el acompa\u00f1amiento de la Secretar\u00eda de Educaci\u00f3n Distrital y el Vivero Municipal y ahora con un nuevo aliado estrat\u00e9gico,&nbsp;<em>WWF (organizaci\u00f3n internacional independiente dedicada a la conservaci\u00f3n de la naturaleza y el medio ambiente),&nbsp;<\/em>con el cual se realizar\u00e1n actividades direccionadas a ni\u00f1os, j\u00f3venes y adultos.<\/p>\n\n\n\n<p>Se espera seguir abarcando m\u00e1s sectores de la&nbsp;<em>\u2018Capital Pac\u00edfica de Colombia\u2019<\/em>&nbsp;y que m\u00e1s ciudadanos entiendan y conozcan acerca de la importancia de la&nbsp;<em>COP16<\/em>&nbsp;para Cali y el pa\u00eds.<\/p>\n\n\n\n<p><\/p>\n\n\n\n<p>cali.gov.co<\/p>\n","protected":false},"excerpt":{"rendered":"<p>La imagen corresponde a una capacitaci\u00f3n del Dagma durante una siembra en Cali. Santiago de Cali, 26 de agosto de 2024 En los \u00faltimos tres meses, personal del Departamento Administrativo de Gesti\u00f3n del Medio Ambiente (Dagma), ha intensificado las acciones de socializaci\u00f3n y capacitaci\u00f3n sobre la&nbsp;COP16, la cumbre mundial de biodiversidad que tendr\u00e1 como epicentro [&hellip;]<\/p>\n","protected":false},"author":1,"featured_media":171431,"comment_status":"closed","ping_status":"closed","sticky":false,"template":"","format":"standard","meta":{"_acf_changed":false,"_jetpack_memberships_contains_paid_content":false,"footnotes":"","jetpack_publicize_message":"","jetpack_publicize_feature_enabled":true,"jetpack_social_post_already_shared":true,"jetpack_social_options":{"image_generator_settings":{"template":"highway","default_image_id":0,"font":"","enabled":false},"version":2}},"categories":[6],"tags":[],"class_list":["post-171430","post","type-post","status-publish","format-standard","has-post-thumbnail","hentry","category-ecologia"],"acf":[],"jetpack_publicize_connections":[],"jetpack_featured_media_url":"https:\/\/i0.wp.com\/sportseco.com\/wp-content\/uploads\/2024\/08\/thpub_700X400_182591.jpg?fit=669%2C400&ssl=1","jetpack_sharing_enabled":true,"_links":{"self":[{"href":"https:\/\/sportseco.com\/index.php?rest_route=\/wp\/v2\/posts\/171430","targetHints":{"allow":["GET"]}}],"collection":[{"href":"https:\/\/sportseco.com\/index.php?rest_route=\/wp\/v2\/posts"}],"about":[{"href":"https:\/\/sportseco.com\/index.php?rest_route=\/wp\/v2\/types\/post"}],"author":[{"embeddable":true,"href":"https:\/\/sportseco.com\/index.php?rest_route=\/wp\/v2\/users\/1"}],"replies":[{"embeddable":true,"href":"https:\/\/sportseco.com\/index.php?rest_route=%2Fwp%2Fv2%2Fcomments&post=171430"}],"version-history":[{"count":1,"href":"https:\/\/sportseco.com\/index.php?rest_route=\/wp\/v2\/posts\/171430\/revisions"}],"predecessor-version":[{"id":171432,"href":"https:\/\/sportseco.com\/index.php?rest_route=\/wp\/v2\/posts\/171430\/revisions\/171432"}],"wp:featuredmedia":[{"embeddable":true,"href":"https:\/\/sportseco.com\/index.php?rest_route=\/wp\/v2\/media\/171431"}],"wp:attachment":[{"href":"https:\/\/sportseco.com\/index.php?rest_route=%2Fwp%2Fv2%2Fmedia&parent=171430"}],"wp:term":[{"taxonomy":"category","embeddable":true,"href":"https:\/\/sportseco.com\/index.php?rest_route=%2Fwp%2Fv2%2Fcategories&post=171430"},{"taxonomy":"post_tag","embeddable":true,"href":"https:\/\/sportseco.com\/index.php?rest_route=%2Fwp%2Fv2%2Ftags&post=171430"}],"curies":[{"name":"wp","href":"https:\/\/api.w.org\/{rel}","templated":true}]}}