{"id":171439,"date":"2024-08-26T14:44:57","date_gmt":"2024-08-26T18:44:57","guid":{"rendered":"https:\/\/sportseco.com\/?p=171439"},"modified":"2024-08-26T14:45:00","modified_gmt":"2024-08-26T18:45:00","slug":"si-salvamos-el-pacifico-salvaremos-el-mundo-sus-islas-nos-muestran-el-camino-para-proteger-nuestro-clima","status":"publish","type":"post","link":"https:\/\/sportseco.com\/?p=171439","title":{"rendered":"Si salvamos el Pac\u00edfico, salvaremos el mundo, sus islas nos muestran el camino para proteger nuestro clima"},"content":{"rendered":"\n<figure class=\"wp-block-image\"><img data-recalc-dims=\"1\" decoding=\"async\" src=\"https:\/\/i0.wp.com\/global.unitednations.entermediadb.net\/assets\/mediadb\/services\/module\/asset\/downloads\/preset\/Libraries\/Production%20Library\/25-08-2024_SG-Tonga-PIF-01.jpg\/image1170x530cropped.jpg?w=640&#038;ssl=1\" alt=\"El Secretario General de las Naciones Unidas, Ant\u00f3nio Guterres, pronuncia un discurso en la ceremonia de apertura del 53\u00ba Foro de las Islas del Pac\u00edfico, en Tonga.\" title=\"El Secretario General de las Naciones Unidas, Ant\u00f3nio Guterres, pronuncia un discurso en la ceremonia de apertura del 53\u00ba Foro de las Islas del Pac\u00edfico, en Tonga.\"\/><\/figure>\n\n\n\n<p>ONU\/Kiara Worth<\/p>\n\n\n\n<p>El Secretario General de las Naciones Unidas, Ant\u00f3nio Guterres, pronuncia un discurso en la ceremonia de apertura del 53\u00ba Foro de las Islas del Pac\u00edfico, en Tonga.<\/p>\n\n\n\n<p><a href=\"https:\/\/www.facebook.com\/sharer.php?u=https:\/\/news.un.org\/es\/story\/2024\/08\/1532256\" target=\"_blank\" rel=\"noreferrer noopener\">Facebook<\/a>&nbsp;<a href=\"https:\/\/twitter.com\/intent\/tweet?text=Si%20salvamos%20el%20Pac%C3%ADfico,%20salvaremos%20el%20mundo,%20sus%20islas%20nos%20muestran%20el%20camino%20para%20proteger%20nuestro%20clima&amp;url=https:\/\/news.un.org\/es\/story\/2024\/08\/1532256\" target=\"_blank\" rel=\"noreferrer noopener\">Twitter<\/a>&nbsp;<a href=\"https:\/\/news.un.org\/es\/story\/2024\/08\/1532256\">Imprimir<\/a>&nbsp;<a href=\"mailto:?subject=Si%20salvamos%20el%20Pac%C3%ADfico,%20salvaremos%20el%20mundo,%20sus%20islas%20nos%20muestran%20el%20camino%20para%20proteger%20nuestro%20clima&amp;body=https:\/\/news.un.org\/es\/story\/2024\/08\/1532256\">Correo electr\u00f3nico<\/a><a><\/a><\/p>\n\n\n\n<p><strong><time datetime=\"2024-08-25T12:00:00Z\">25 Agosto 2024<\/time><\/strong>&nbsp;<strong><a href=\"https:\/\/news.un.org\/es\/news\/topic\/climate-change\">Cambio clim\u00e1tico y medioambiente<\/a><\/strong><\/p>\n\n\n\n<p>Los Estados insulares del Pac\u00edfico tienen el imperativo moral y pr\u00e1ctico de llevar su liderazgo y su voz al escenario mundial, pero necesitan financiamiento, capacidades y tecnolog\u00eda para acelerar la transici\u00f3n hacia una econom\u00eda libre de combustibles f\u00f3siles, dice Ant\u00f3nio Guterres en la reuni\u00f3n de esos pa\u00edses en Tonga.<\/p>\n\n\n\n<p>\u201c<strong>El mundo tiene mucho que aprender del Pac\u00edfico<\/strong>&nbsp;y debe dar un paso adelante para apoyar sus iniciativas\u201d, dijo este lunes el&nbsp;<a href=\"https:\/\/www.un.org\/sg\/es\">Secretario General<\/a>&nbsp;de la ONU, refiri\u00e9ndose a esa regi\u00f3n como un faro de solidaridad y fortaleza, de gesti\u00f3n ambiental y paz.<\/p>\n\n\n\n<p>En su participaci\u00f3n en la sesi\u00f3n inaugural del Foro del las Islas de Pac\u00edfico, que se celebra en Tonga, Ant\u00f3nio Guterres destac\u00f3 el conocimiento ancestral del mar de las comunidades de las islas de la regi\u00f3n y lament\u00f3 que la humanidad trate al oc\u00e9ano como una cloaca, que asfixie la vida marina con pl\u00e1sticos, y que acidifique y caliente sus aguas, acelerando su subida de nivel.<\/p>\n\n\n\n<p>Al declarar una emergencia clim\u00e1tica y presionar para que se tomen medidas al respecto, \u201c<strong>las islas del Pac\u00edfico nos est\u00e1n mostrando el camino&nbsp;<\/strong>para proteger nuestro clima, nuestro planeta y nuestro oc\u00e9ano\u201d, afirm\u00f3.<\/p>\n\n\n\n<p>Entre otras formas de lucha, los j\u00f3venes de la regi\u00f3n&nbsp;<strong>llevaron la crisis clim\u00e1tica a la&nbsp;<a href=\"https:\/\/www.icj-cij.org\/es\" target=\"_blank\" rel=\"noreferrer noopener\">Corte Internacional de Justicia<\/a>&nbsp;(<a href=\"https:\/\/www.icj-cij.org\/es\" target=\"_blank\" rel=\"noreferrer noopener\">CIJ<\/a>),<\/strong>&nbsp;y han reconocido que se trata de una crisis de seguridad y han tomado medidas para gestionar esos riesgos juntos, apunt\u00f3.<\/p>\n\n\n\n<h3 class=\"wp-block-heading\">Un modelo para el G20 y el mundo<\/h3>\n\n\n\n<p>Guterres destac\u00f3 tambi\u00e9n las aspiraciones de esas naciones de&nbsp;<strong>transitar hacia un Pac\u00edfico libre de combustibles f\u00f3siles,<\/strong>&nbsp;y sostuvo que esa ambici\u00f3n \u201ces un modelo para el G20 y para el mundo\u201d.<\/p>\n\n\n\n<p>\u201cPero&nbsp;<strong>la regi\u00f3n necesita urgentemente financiamiento, capacidades y tecnolog\u00eda<\/strong>&nbsp;sustanciales para acelerar la transici\u00f3n e invertir en adaptaci\u00f3n y resiliencia\u201d, recalc\u00f3, en cambio, cuando los gobiernos firman nuevas licencias de petr\u00f3leo y gas, est\u00e1n renunciando a nuestro futuro, acot\u00f3.<\/p>\n\n\n\n<p>En este sentido, record\u00f3 que es necesario&nbsp;<strong>reformar la arquitectura financiera internacional, aumentar masivamente la capacidad de pr\u00e9stamo de los bancos multilaterales de desarrollo,<\/strong>&nbsp;implementar programas de alivio de la deuda que funcionen, incluso para los pa\u00edses de ingresos medios que est\u00e1n en dificultades, y llevar a cabo una mayor redistribuci\u00f3n de los derechos especiales de giro, en beneficio de los pa\u00edses en desarrollo y, en particular, de los peque\u00f1os Estados insulares en desarrollo.<\/p>\n\n\n\n<h3 class=\"wp-block-heading\">Plan simple<\/h3>\n\n\n\n<p>El titular de la ONU insisti\u00f3 en la simpleza del plan de&nbsp;<strong>supervivencia del planeta basado en una transici\u00f3n justa<\/strong>&nbsp;para la eliminaci\u00f3n gradual de los combustibles f\u00f3siles que son responsables del 85% de las emisiones de gases de efecto invernadero.<\/p>\n\n\n\n<p>Reiter\u00f3 que todos los pa\u00edses deben elaborar&nbsp;<strong>planes nacionales sobre el clima<\/strong>&nbsp;a presentar el a\u00f1o pr\u00f3ximo, en consonancia con el l\u00edmite m\u00e1ximo de 1,5 grados Celsius de calentamiento global con respecto a los niveles preindustriales para fin de siglo.<\/p>\n\n\n\n<p>\u201c<strong>El G20 (responsable del 80% de esas emisiones) debe intensificar sus esfuerzos y tomar la iniciativa<\/strong>, eliminando gradualmente la producci\u00f3n y el consumo de combustibles f\u00f3siles y deteniendo su expansi\u00f3n de inmediato\u201d, enfatiz\u00f3.<\/p>\n\n\n\n<h3 class=\"wp-block-heading\">Liderazgo<\/h3>\n\n\n\n<p>Guterres se\u00f1al\u00f3 que las decisiones que los l\u00edderes mundiales adopten en los pr\u00f3ximos a\u00f1os determinar\u00e1n el destino de los habitantes de las islas del Pac\u00edfico antes que el de los del resto del planeta.<\/p>\n\n\n\n<p>\u201c<strong>Si salvamos el Pac\u00edfico, salvaremos el mundo<\/strong>\u201d, asever\u00f3.<\/p>\n\n\n\n<p>Antes de terminar, puntualiz\u00f3 que los Estados insulares del Pac\u00edfico tienen el imperativo moral y pr\u00e1ctico de&nbsp;<strong>llevar su liderazgo y su voz al escenario mundial<\/strong>, y a\u00f1adi\u00f3 que la Cumbre del Futuro, que se celebrar\u00e1 en Nueva York el mes pr\u00f3ximo, ser\u00e1 una oportunidad para reformar y actualizar las instituciones mundiales, de modo que sean adecuadas para el mundo de hoy y de ma\u00f1ana.<\/p>\n\n\n\n<p>Para concluir, exhort\u00f3 a los Estados insulares del Pac\u00edfico a que aprovechen esa oportunidad para hacer o\u00edr su voz bien alto porque&nbsp;<strong>el mundo necesita su liderazgo<\/strong>.<\/p>\n\n\n\n<p><\/p>\n\n\n\n<p>news.un.org<\/p>\n","protected":false},"excerpt":{"rendered":"<p>ONU\/Kiara Worth El Secretario General de las Naciones Unidas, Ant\u00f3nio Guterres, pronuncia un discurso en la ceremonia de apertura del 53\u00ba Foro de las Islas del Pac\u00edfico, en Tonga. Facebook&nbsp;Twitter&nbsp;Imprimir&nbsp;Correo electr\u00f3nico 25 Agosto 2024&nbsp;Cambio clim\u00e1tico y medioambiente Los Estados insulares del Pac\u00edfico tienen el imperativo moral y pr\u00e1ctico de llevar su liderazgo y su voz [&hellip;]<\/p>\n","protected":false},"author":1,"featured_media":171440,"comment_status":"closed","ping_status":"closed","sticky":false,"template":"","format":"standard","meta":{"_acf_changed":false,"_jetpack_memberships_contains_paid_content":false,"footnotes":"","jetpack_publicize_message":"","jetpack_publicize_feature_enabled":true,"jetpack_social_post_already_shared":true,"jetpack_social_options":{"image_generator_settings":{"template":"highway","default_image_id":0,"font":"","enabled":false},"version":2}},"categories":[1],"tags":[],"class_list":["post-171439","post","type-post","status-publish","format-standard","has-post-thumbnail","hentry","category-uncategorized"],"acf":[],"jetpack_publicize_connections":[],"jetpack_featured_media_url":"https:\/\/i0.wp.com\/sportseco.com\/wp-content\/uploads\/2024\/08\/image350x235cropped.jpg?fit=350%2C235&ssl=1","jetpack_sharing_enabled":true,"_links":{"self":[{"href":"https:\/\/sportseco.com\/index.php?rest_route=\/wp\/v2\/posts\/171439","targetHints":{"allow":["GET"]}}],"collection":[{"href":"https:\/\/sportseco.com\/index.php?rest_route=\/wp\/v2\/posts"}],"about":[{"href":"https:\/\/sportseco.com\/index.php?rest_route=\/wp\/v2\/types\/post"}],"author":[{"embeddable":true,"href":"https:\/\/sportseco.com\/index.php?rest_route=\/wp\/v2\/users\/1"}],"replies":[{"embeddable":true,"href":"https:\/\/sportseco.com\/index.php?rest_route=%2Fwp%2Fv2%2Fcomments&post=171439"}],"version-history":[{"count":1,"href":"https:\/\/sportseco.com\/index.php?rest_route=\/wp\/v2\/posts\/171439\/revisions"}],"predecessor-version":[{"id":171441,"href":"https:\/\/sportseco.com\/index.php?rest_route=\/wp\/v2\/posts\/171439\/revisions\/171441"}],"wp:featuredmedia":[{"embeddable":true,"href":"https:\/\/sportseco.com\/index.php?rest_route=\/wp\/v2\/media\/171440"}],"wp:attachment":[{"href":"https:\/\/sportseco.com\/index.php?rest_route=%2Fwp%2Fv2%2Fmedia&parent=171439"}],"wp:term":[{"taxonomy":"category","embeddable":true,"href":"https:\/\/sportseco.com\/index.php?rest_route=%2Fwp%2Fv2%2Fcategories&post=171439"},{"taxonomy":"post_tag","embeddable":true,"href":"https:\/\/sportseco.com\/index.php?rest_route=%2Fwp%2Fv2%2Ftags&post=171439"}],"curies":[{"name":"wp","href":"https:\/\/api.w.org\/{rel}","templated":true}]}}