{"id":171461,"date":"2024-08-26T19:24:11","date_gmt":"2024-08-26T23:24:11","guid":{"rendered":"https:\/\/sportseco.com\/?p=171461"},"modified":"2024-08-26T19:24:15","modified_gmt":"2024-08-26T23:24:15","slug":"estado-del-clima-en-el-pacifico-sudoccidental-2023","status":"publish","type":"post","link":"https:\/\/sportseco.com\/?p=171461","title":{"rendered":"Estado del clima en el Pac\u00edfico sudoccidental 2023"},"content":{"rendered":"\n<p>Vista a\u00e9rea de un atol\u00f3n triangular rodeado de un oc\u00e9ano azul profundo, con una mezcla de aguas turquesas poco profundas, arrecifes y nubes dispersas.<\/p>\n\n\n\n<figure class=\"wp-block-image size-large\"><img data-recalc-dims=\"1\" loading=\"lazy\" decoding=\"async\" width=\"640\" height=\"427\" src=\"https:\/\/i0.wp.com\/sportseco.com\/wp-content\/uploads\/2024\/08\/MicrosoftTeams-image-105.jpg?resize=640%2C427&#038;ssl=1\" alt=\"\" class=\"wp-image-171462\" srcset=\"https:\/\/i0.wp.com\/sportseco.com\/wp-content\/uploads\/2024\/08\/MicrosoftTeams-image-105.jpg?resize=1030%2C687&amp;ssl=1 1030w, https:\/\/i0.wp.com\/sportseco.com\/wp-content\/uploads\/2024\/08\/MicrosoftTeams-image-105.jpg?resize=300%2C200&amp;ssl=1 300w, https:\/\/i0.wp.com\/sportseco.com\/wp-content\/uploads\/2024\/08\/MicrosoftTeams-image-105.jpg?resize=768%2C512&amp;ssl=1 768w, https:\/\/i0.wp.com\/sportseco.com\/wp-content\/uploads\/2024\/08\/MicrosoftTeams-image-105.jpg?w=1536&amp;ssl=1 1536w, https:\/\/i0.wp.com\/sportseco.com\/wp-content\/uploads\/2024\/08\/MicrosoftTeams-image-105.jpg?w=1280&amp;ssl=1 1280w\" sizes=\"auto, (max-width: 640px) 100vw, 640px\" \/><\/figure>\n\n\n\n<p>El informe de la OMM Estado del clima en el Pac\u00edfico sudoccidental 2023 detalla c\u00f3mo el aumento del nivel del mar en la regi\u00f3n es superior a la media mundial. Las temperaturas de la superficie del mar han aumentado tres veces m\u00e1s r\u00e1pido que la media mundial desde 1980. Durante ese tiempo, las olas de calor marinas han duplicado su frecuencia desde 1980 y son m\u00e1s intensas y duraderas.<\/p>\n\n\n\n<p>El informe fue publicado por el Secretario General de las Naciones Unidas, Ant\u00f3nio Guterres, y la Secretaria General de la OMM, Celeste Saulo, en el Foro de las Islas del Pac\u00edfico en Tonga. Fue acompa\u00f1ado por un documento informativo especial sobre el oleaje en un mundo en calentamiento, descrito por el Sr. Guterres como \u00abun llamado de atenci\u00f3n sobre el aumento del nivel del mar\u00bb.<\/p>\n\n\n\n<p>A pesar de representar solo el 0,02 por ciento de las emisiones globales, las islas del Pac\u00edfico est\u00e1n especialmente expuestas. Su altitud media es de tan solo uno o dos metros sobre el nivel del mar; el 90 por ciento de la poblaci\u00f3n vive a menos de 5 kil\u00f3metros de la costa y la mitad de la infraestructura se encuentra a 500 metros del mar.<\/p>\n\n\n\n<p>Los sistemas de alerta temprana facilitan la adopci\u00f3n de medidas proactivas, como planes de evacuaci\u00f3n, asignaci\u00f3n de recursos y refuerzo de la infraestructura. Aunque son un recurso vital, solo est\u00e1n disponibles en un tercio de los peque\u00f1os Estados insulares en desarrollo del mundo.<\/p>\n\n\n\n<p>El informe Estado del clima en el Pac\u00edfico sudoccidental 2023 se prepar\u00f3 en cooperaci\u00f3n con los Servicios Meteorol\u00f3gicos e Hidrol\u00f3gicos Nacionales, la Comisi\u00f3n Econ\u00f3mica y Social de las Naciones Unidas para Asia y el Pac\u00edfico (CESPAP) y otros organismos de las Naciones Unidas y asociados internacionales. Tambi\u00e9n analiza los factores que influyen en el clima en 2023 (incluido el \u00faltimo fen\u00f3meno de El Ni\u00f1o), la temperatura, las precipitaciones y los fen\u00f3menos extremos como los ciclones tropicales, la sequ\u00eda y el calor extremo en la regi\u00f3n.<\/p>\n\n\n\n<p><\/p>\n\n\n\n<p>wmo.int<\/p>\n","protected":false},"excerpt":{"rendered":"<p>Vista a\u00e9rea de un atol\u00f3n triangular rodeado de un oc\u00e9ano azul profundo, con una mezcla de aguas turquesas poco profundas, arrecifes y nubes dispersas. El informe de la OMM Estado del clima en el Pac\u00edfico sudoccidental 2023 detalla c\u00f3mo el aumento del nivel del mar en la regi\u00f3n es superior a la media mundial. Las [&hellip;]<\/p>\n","protected":false},"author":1,"featured_media":171462,"comment_status":"closed","ping_status":"closed","sticky":false,"template":"","format":"standard","meta":{"_acf_changed":false,"_jetpack_memberships_contains_paid_content":false,"footnotes":"","jetpack_publicize_message":"","jetpack_publicize_feature_enabled":true,"jetpack_social_post_already_shared":true,"jetpack_social_options":{"image_generator_settings":{"template":"highway","default_image_id":0,"font":"","enabled":false},"version":2}},"categories":[6],"tags":[],"class_list":["post-171461","post","type-post","status-publish","format-standard","has-post-thumbnail","hentry","category-ecologia"],"acf":[],"jetpack_publicize_connections":[],"jetpack_featured_media_url":"https:\/\/i0.wp.com\/sportseco.com\/wp-content\/uploads\/2024\/08\/MicrosoftTeams-image-105.jpg?fit=1536%2C1024&ssl=1","jetpack_sharing_enabled":true,"_links":{"self":[{"href":"https:\/\/sportseco.com\/index.php?rest_route=\/wp\/v2\/posts\/171461","targetHints":{"allow":["GET"]}}],"collection":[{"href":"https:\/\/sportseco.com\/index.php?rest_route=\/wp\/v2\/posts"}],"about":[{"href":"https:\/\/sportseco.com\/index.php?rest_route=\/wp\/v2\/types\/post"}],"author":[{"embeddable":true,"href":"https:\/\/sportseco.com\/index.php?rest_route=\/wp\/v2\/users\/1"}],"replies":[{"embeddable":true,"href":"https:\/\/sportseco.com\/index.php?rest_route=%2Fwp%2Fv2%2Fcomments&post=171461"}],"version-history":[{"count":1,"href":"https:\/\/sportseco.com\/index.php?rest_route=\/wp\/v2\/posts\/171461\/revisions"}],"predecessor-version":[{"id":171463,"href":"https:\/\/sportseco.com\/index.php?rest_route=\/wp\/v2\/posts\/171461\/revisions\/171463"}],"wp:featuredmedia":[{"embeddable":true,"href":"https:\/\/sportseco.com\/index.php?rest_route=\/wp\/v2\/media\/171462"}],"wp:attachment":[{"href":"https:\/\/sportseco.com\/index.php?rest_route=%2Fwp%2Fv2%2Fmedia&parent=171461"}],"wp:term":[{"taxonomy":"category","embeddable":true,"href":"https:\/\/sportseco.com\/index.php?rest_route=%2Fwp%2Fv2%2Fcategories&post=171461"},{"taxonomy":"post_tag","embeddable":true,"href":"https:\/\/sportseco.com\/index.php?rest_route=%2Fwp%2Fv2%2Ftags&post=171461"}],"curies":[{"name":"wp","href":"https:\/\/api.w.org\/{rel}","templated":true}]}}