{"id":171480,"date":"2024-08-27T09:26:14","date_gmt":"2024-08-27T13:26:14","guid":{"rendered":"https:\/\/sportseco.com\/?p=171480"},"modified":"2024-08-27T09:26:19","modified_gmt":"2024-08-27T13:26:19","slug":"el-secretario-general-lanza-un-sos-para-detener-el-aumento-del-nivel-del-mar","status":"publish","type":"post","link":"https:\/\/sportseco.com\/?p=171480","title":{"rendered":"El Secretario General lanza un SOS para detener el aumento del nivel del mar"},"content":{"rendered":"\n<figure class=\"wp-block-image\"><img data-recalc-dims=\"1\" decoding=\"async\" src=\"https:\/\/i0.wp.com\/global.unitednations.entermediadb.net\/assets\/mediadb\/services\/module\/asset\/downloads\/preset\/Collections\/Embargoed\/23-08-2024-UN-Sea-Level-Rise.jpg\/image1170x530cropped.jpg?w=640&#038;ssl=1\" alt=\"El aumento del nivel del mar afecta a los pa\u00edses insulares como Samoa. \" title=\"El aumento del nivel del mar afecta a los pa\u00edses insulares como Samoa. \"\/><\/figure>\n\n\n\n<p>ONU\/Kiara Worth<\/p>\n\n\n\n<p>El aumento del nivel del mar afecta a los pa\u00edses insulares como Samoa.<\/p>\n\n\n\n<p>La elevaci\u00f3n del agua de los oc\u00e9anos es una crisis creada enteramente por la humanidad y el futuro del mundo depende de las decisiones que se tomen hoy para frenarla. Dos nuevos informes subrayan la gravedad, particularmente en las islas del Pac\u00edfico, de la subida acelerada del nivel del mar resultada del cambio clim\u00e1tico. Ant\u00f3nio Guterres llama a la acci\u00f3n clim\u00e1tica sin dilaci\u00f3n.<\/p>\n\n\n\n<p>La aceleraci\u00f3n del aumento del nivel del mar y el calentamiento y acidificaci\u00f3n de los oc\u00e9anos pone en peligro a las&nbsp;<strong>islas del Pac\u00edfico, que enfrentan amenazas crecientes a su viabilidad socioecon\u00f3mica y a su propia existencia<\/strong>&nbsp;debido al cambio clim\u00e1tico, alert\u00f3 este martes la&nbsp;<a href=\"https:\/\/public.wmo.int\/es\" target=\"_blank\" rel=\"noreferrer noopener\">Organizaci\u00f3n Meteorol\u00f3gica Mundial<\/a>&nbsp;(<a href=\"https:\/\/public.wmo.int\/es\" target=\"_blank\" rel=\"noreferrer noopener\">OMM<\/a>).<\/p>\n\n\n\n<p>En su informe del Estado del clima en el Pac\u00edfico suroccidental 2023, la OMM detalla c\u00f3mo el aumento del nivel del mar en la regi\u00f3n es superior a la media mundial, con&nbsp;<strong>temperaturas en la superficie subiendo hasta tres veces m\u00e1s r\u00e1pido que la media mundial&nbsp;<\/strong>desde 1980.<\/p>\n\n\n\n<p>Como resultado, las&nbsp;<strong>olas de calor marinas han duplicado su frecuencia<\/strong>&nbsp;desde 1980 y son m\u00e1s intensas y duraderas.<\/p>\n\n\n\n<h2 class=\"wp-block-heading\">Dos informes, dos advertencias urgentes<\/h2>\n\n\n\n<p>El&nbsp;<a href=\"https:\/\/www.un.org\/sg\/es\">Secretario General<\/a>&nbsp;de la ONU, Ant\u00f3nio Guterres, present\u00f3 en el Foro de las Islas del Pac\u00edfico, celebrado en Tonga, junto con el informe sobre el aumento del nivel del mar elaborado por el Equipo de Acci\u00f3n Clim\u00e1tica de las Naciones Unidas.<\/p>\n\n\n\n<p>En ese escenario, Guterres reiter\u00f3 su llamado a&nbsp;<strong>frenar el avance del generador de la elevaci\u00f3n de las aguas marinas: el cambio clim\u00e1tico.<\/strong><\/p>\n\n\n\n<p>\u201cEl aumento del nivel del mar es una crisis creada enteramente por la humanidad. El mundo debe actuar y responder a este SOS&nbsp;<strong>antes de que sea demasiado tarde<\/strong>\u201d, recalc\u00f3.<\/p>\n\n\n\n<h2 class=\"wp-block-heading\">Los l\u00edderes deben estar a la altura<\/h2>\n\n\n\n<p>Una vez m\u00e1s, Guterres asever\u00f3 que los l\u00edderes mundiales deben estar a la altura para&nbsp;<strong>cortar dr\u00e1sticamente las emisiones globales<\/strong>, encabezar la descontinuaci\u00f3n r\u00e1pida y justa de los combustibles f\u00f3siles e impulsar a nivel masivo las inversiones en adaptaci\u00f3n para proteger a la poblaci\u00f3n de los riesgos presentes y futuros.<\/p>\n\n\n\n<p>Es necesario disminuir las emisiones globales para 2030 en un 43% con respecto a 2019, y para 2035 en un 60%.<\/p>\n\n\n\n<p>Tambi\u00e9n es preciso que los gobiernos cumplan la promesa hecha en la&nbsp;<a href=\"https:\/\/unfccc.int\/es\" target=\"_blank\" rel=\"noreferrer noopener\">COP28<\/a>&nbsp;y presenten el pr\u00f3ximo a\u00f1o nuevos planes nacionales de acci\u00f3n clim\u00e1tica alineados con el l\u00edmite de 1,5 grados Celsius fijado para el aumento de la temperatura global para fin de siglo con relaci\u00f3n a los niveles preindustriales.<\/p>\n\n\n\n<h3 class=\"wp-block-heading\">Las m\u00e1s expuestas pese a sus pocas emisiones<\/h3>\n\n\n\n<p>Las islas del Pac\u00edfico representan apenas el 0,02% de las emisiones globales, pero est\u00e1n expuestas de manera \u00fanica puesto que&nbsp;<strong>son bajas, el 90% de su poblaci\u00f3n vive a menos de cinco kil\u00f3metros de la costa y la mitad de su infraestructura est\u00e1 a 500 metros del mar.<\/strong><\/p>\n\n\n\n<p>Tonga, por ejemplo, est\u00e1 en la primera l\u00ednea del cambio clim\u00e1tico y es objeto de fen\u00f3menos peligrosos como ciclones tropicales e inundaciones. Por si fuera poco, sufri\u00f3 una erupci\u00f3n volc\u00e1nica en enero de 2022 que desat\u00f3 un tsunami en toda la cuenca y caus\u00f3 una inyecci\u00f3n masiva de vapor de agua en la atm\u00f3sfera de la Tierra, afectando el clima mundial.<\/p>\n\n\n\n<p>La OMM indic\u00f3 que&nbsp;<strong>en 2023 se notificaron 34 fen\u00f3menos hidrometeorol\u00f3gicos peligrosos,<\/strong>&nbsp;la mayor\u00eda relacionados con tormentas o inundaciones, que provocaron m\u00e1s de 200 muertes y afectaron a m\u00e1s de 25 millones de personas en la regi\u00f3n. Adem\u00e1s, los ciclones tropicales severos causaron grandes p\u00e9rdidas econ\u00f3micas.<\/p>\n\n\n\n<h3 class=\"wp-block-heading\">El mar subi\u00f3 hasta 15 cent\u00edmetros<\/h3>\n\n\n\n<p>El estudio precisa que en gran parte del Pac\u00edfico tropical occidental, el nivel del mar&nbsp;<strong>ha aumentado entre diez y 15 cm, cerca o casi el doble de la tasa mundial<\/strong>&nbsp;documentada desde 1993. En el Pac\u00edfico tropical central, la subida ha sido de entre cinco y diez cm.<\/p>\n\n\n\n<p>En t\u00e9rminos anuales, la tasa media de aumento del nivel del mar entre enero de 1993 y mayo de 2023 en la zona va de 4,52 mm a 4,13 mm por a\u00f1o. El promedio mundial fue de unos 3,4 mm al a\u00f1o durante ese periodo.<\/p>\n\n\n\n<p>El aumento del nivel del mar ha provocado un&nbsp;<strong>alza dr\u00e1stica de la frecuencia de las inundaciones costeras desde 1980<\/strong>&nbsp;y se prev\u00e9 que el nivel medio global del mar contin\u00fae subiendo a lo largo de este siglo como respuesta al calentamiento continuo del sistema clim\u00e1tico. Este se mantendr\u00e1 durante siglos o milenios debido a la continua absorci\u00f3n de calor de las profundidades oce\u00e1nicas y la p\u00e9rdida de masa de las capas de hielo.<\/p>\n\n\n\n<h3 class=\"wp-block-heading\">Olas de calor marinas<\/h3>\n\n\n\n<p>Entre 1981 y 2023, casi toda la regi\u00f3n del Pac\u00edfico suroccidental registr\u00f3 un calentamiento de la superficie del oc\u00e9ano, que alcanza tasas de m\u00e1s de 0,4 \u00b0C por d\u00e9cada al noreste de Nueva Zelanda y al sur de Australia, tres veces m\u00e1s r\u00e1pido que la tasa de calentamiento de la superficie del oc\u00e9ano global.<\/p>\n\n\n\n<p>Las olas de calor marinas se han vuelto&nbsp;<strong>m\u00e1s intensas y casi se han duplicado en frecuencia desde 1980<\/strong>: de entonces a la d\u00e9cada de 2000, la duraci\u00f3n promedio de las olas de calor marinas en gran parte de la regi\u00f3n del Pac\u00edfico estuvo dentro del rango de cinco a 16 d\u00edas. Sin embargo, esto ha aumentado notablemente desde 2010, y la mayor parte del<strong>&nbsp;Pac\u00edfico ahora sufre olas de calor de ocho a 20 d\u00edas<\/strong>, o incluso m\u00e1s.<\/p>\n\n\n\n<p>El informe cita como ejemplo extremo la&nbsp;<strong>ola de calor marina de seis meses<\/strong>&nbsp;de duraci\u00f3n ocurrida en una gran \u00e1rea alrededor de Nueva Zelanda en 2023.<\/p>\n\n\n\n<p>La creciente intensidad de las olas de calor marinas tiene&nbsp;<strong>implicaciones negativas de largo alcance en los ecosistemas, las econom\u00edas y los medios de vida&nbsp;<\/strong>en el Pac\u00edfico. Adem\u00e1s, incluso en escenarios de calentamiento clim\u00e1tico moderado, las olas de calor marinas ser\u00e1n m\u00e1s frecuentes y durar\u00e1n m\u00e1s en los pr\u00f3ximos a\u00f1os.<\/p>\n\n\n\n<p>Las temperaturas marinas m\u00e1s altas produjeron en 2023 un&nbsp;<strong>blanqueamiento masivo de los arrecifes de coral<\/strong>&nbsp;en todos los tr\u00f3picos, incluida la Gran Barrera de Coral de Australia y grandes \u00e1reas del Pac\u00edfico Sur.<\/p>\n\n\n\n<p>El informe apunt\u00f3 que, sumado al cambio clim\u00e1tico, los eventos como El Ni\u00f1o y La Ni\u00f1a impulsan el calentamiento ya que el calor se redistribuye desde la superficie hacia las capas m\u00e1s profundas&nbsp;<\/p>\n\n\n\n<p><\/p>\n\n\n\n<p>news.un.org<\/p>\n","protected":false},"excerpt":{"rendered":"<p>ONU\/Kiara Worth El aumento del nivel del mar afecta a los pa\u00edses insulares como Samoa. La elevaci\u00f3n del agua de los oc\u00e9anos es una crisis creada enteramente por la humanidad y el futuro del mundo depende de las decisiones que se tomen hoy para frenarla. Dos nuevos informes subrayan la gravedad, particularmente en las islas [&hellip;]<\/p>\n","protected":false},"author":1,"featured_media":171481,"comment_status":"closed","ping_status":"closed","sticky":false,"template":"","format":"standard","meta":{"_acf_changed":false,"_jetpack_memberships_contains_paid_content":false,"footnotes":"","jetpack_publicize_message":"","jetpack_publicize_feature_enabled":true,"jetpack_social_post_already_shared":true,"jetpack_social_options":{"image_generator_settings":{"template":"highway","default_image_id":0,"font":"","enabled":false},"version":2}},"categories":[1],"tags":[],"class_list":["post-171480","post","type-post","status-publish","format-standard","has-post-thumbnail","hentry","category-uncategorized"],"acf":[],"jetpack_publicize_connections":[],"jetpack_featured_media_url":"https:\/\/i0.wp.com\/sportseco.com\/wp-content\/uploads\/2024\/08\/image1170x530cropped-4.jpg?fit=1170%2C530&ssl=1","jetpack_sharing_enabled":true,"_links":{"self":[{"href":"https:\/\/sportseco.com\/index.php?rest_route=\/wp\/v2\/posts\/171480","targetHints":{"allow":["GET"]}}],"collection":[{"href":"https:\/\/sportseco.com\/index.php?rest_route=\/wp\/v2\/posts"}],"about":[{"href":"https:\/\/sportseco.com\/index.php?rest_route=\/wp\/v2\/types\/post"}],"author":[{"embeddable":true,"href":"https:\/\/sportseco.com\/index.php?rest_route=\/wp\/v2\/users\/1"}],"replies":[{"embeddable":true,"href":"https:\/\/sportseco.com\/index.php?rest_route=%2Fwp%2Fv2%2Fcomments&post=171480"}],"version-history":[{"count":1,"href":"https:\/\/sportseco.com\/index.php?rest_route=\/wp\/v2\/posts\/171480\/revisions"}],"predecessor-version":[{"id":171482,"href":"https:\/\/sportseco.com\/index.php?rest_route=\/wp\/v2\/posts\/171480\/revisions\/171482"}],"wp:featuredmedia":[{"embeddable":true,"href":"https:\/\/sportseco.com\/index.php?rest_route=\/wp\/v2\/media\/171481"}],"wp:attachment":[{"href":"https:\/\/sportseco.com\/index.php?rest_route=%2Fwp%2Fv2%2Fmedia&parent=171480"}],"wp:term":[{"taxonomy":"category","embeddable":true,"href":"https:\/\/sportseco.com\/index.php?rest_route=%2Fwp%2Fv2%2Fcategories&post=171480"},{"taxonomy":"post_tag","embeddable":true,"href":"https:\/\/sportseco.com\/index.php?rest_route=%2Fwp%2Fv2%2Ftags&post=171480"}],"curies":[{"name":"wp","href":"https:\/\/api.w.org\/{rel}","templated":true}]}}